{"id":42999,"date":"2023-02-24T13:32:22","date_gmt":"2023-02-24T18:32:22","guid":{"rendered":"https:\/\/inspectornocturno.com.mx\/?p=42999"},"modified":"2023-02-24T13:32:23","modified_gmt":"2023-02-24T18:32:23","slug":"encabeza-blanca-merari-la-ceremonia-conmemorativa-del-dia-de-la-bandera","status":"publish","type":"post","link":"https:\/\/inspectornocturno.com.mx\/?p=42999","title":{"rendered":"ENCABEZA BLANCA MERARI LA CEREMONIA CONMEMORATIVA DEL D\u00cdA DE LA BANDERA"},"content":{"rendered":"\n<p>\ud83d\udd3aAfirma la Presidenta Municipal que la mejor forma de mostrar lealtad al pa\u00eds y a Puerto Morelos es desempe\u00f1\u00e1ndose con apego a los valores de trabajo y honestidad.<\/p>\n\n\n\n<p><br>Puerto Morelos.- En el marco de la ceremonia conmemorativa del 89\u00ba aniversario del D\u00eda de la Bandera, la presidenta municipal Blanca Merari Tziu Mu\u00f1oz afirm\u00f3 que la mejor forma de mostrar lealtad al pa\u00eds y a Puerto Morelos es desempe\u00f1\u00e1ndose con apego a los valores de trabajo y honestidad.<\/p>\n\n\n\n<figure class=\"wp-block-image size-large\"><img decoding=\"async\" width=\"813\" height=\"1024\" data-src=\"https:\/\/inspectornocturno.com.mx\/wp-content\/uploads\/2023\/02\/IMG-20230224-WA0057-813x1024.jpg\" alt=\"\" class=\"wp-image-43003 lazyload\" data-srcset=\"https:\/\/inspectornocturno.com.mx\/wp-content\/uploads\/2023\/02\/IMG-20230224-WA0057-813x1024.jpg 813w, https:\/\/inspectornocturno.com.mx\/wp-content\/uploads\/2023\/02\/IMG-20230224-WA0057-238x300.jpg 238w, https:\/\/inspectornocturno.com.mx\/wp-content\/uploads\/2023\/02\/IMG-20230224-WA0057-768x968.jpg 768w, https:\/\/inspectornocturno.com.mx\/wp-content\/uploads\/2023\/02\/IMG-20230224-WA0057-990x1247.jpg 990w, https:\/\/inspectornocturno.com.mx\/wp-content\/uploads\/2023\/02\/IMG-20230224-WA0057.jpg 1016w\" data-sizes=\"(max-width: 813px) 100vw, 813px\" src=\"data:image\/svg+xml;base64,PHN2ZyB3aWR0aD0iMSIgaGVpZ2h0PSIxIiB4bWxucz0iaHR0cDovL3d3dy53My5vcmcvMjAwMC9zdmciPjwvc3ZnPg==\" style=\"--smush-placeholder-width: 813px; --smush-placeholder-aspect-ratio: 813\/1024;\" \/><\/figure>\n\n\n\n<p><br>Ante alumnos, maestros y personal docente de la Telesecundaria \u201cRam\u00f3n Bravo Prieto\u201d, afirm\u00f3 que los j\u00f3venes tambi\u00e9n pueden aportar al crecimiento de la sociedad, desempe\u00f1\u00e1ndose a diario conforme a esos valores al cumplir sus tareas escolares, al ayudar a mam\u00e1 o pap\u00e1 con las del hogar, al cumplir las labores que les han asignado, al esforzarse para ser mejores en clase y prepararse para cumplir sus sue\u00f1os. \u201cEn esos momentos cumplen como buenos mexicanos\u201d, expres\u00f3.<\/p>\n\n\n\n<p><br>Asimismo, se\u00f1al\u00f3 que ense\u00f1ar a los j\u00f3venes la historia del pa\u00eds es la mejor forma de inculcarles el amor a la patria, a sus valores y el respeto que se merece cada uno de nosotros, y sostuvo que nuestros h\u00e9roes tuvieron como ideales la libertad y justicia y dieron la vida por ellos para que hoy nosotros vivamos en paz y libertad en un pa\u00eds libre, en el que se respetan nuestros derechos.<\/p>\n\n\n\n<figure class=\"wp-block-gallery has-nested-images columns-default is-cropped wp-block-gallery-1 is-layout-flex wp-block-gallery-is-layout-flex\">\n<figure class=\"wp-block-image size-large\"><img decoding=\"async\" width=\"945\" height=\"1024\" data-id=\"43002\" data-src=\"https:\/\/inspectornocturno.com.mx\/wp-content\/uploads\/2023\/02\/IMG-20230224-WA0061-945x1024.jpg\" alt=\"\" class=\"wp-image-43002 lazyload\" data-srcset=\"https:\/\/inspectornocturno.com.mx\/wp-content\/uploads\/2023\/02\/IMG-20230224-WA0061-945x1024.jpg 945w, https:\/\/inspectornocturno.com.mx\/wp-content\/uploads\/2023\/02\/IMG-20230224-WA0061-277x300.jpg 277w, https:\/\/inspectornocturno.com.mx\/wp-content\/uploads\/2023\/02\/IMG-20230224-WA0061-768x832.jpg 768w, https:\/\/inspectornocturno.com.mx\/wp-content\/uploads\/2023\/02\/IMG-20230224-WA0061-990x1073.jpg 990w, https:\/\/inspectornocturno.com.mx\/wp-content\/uploads\/2023\/02\/IMG-20230224-WA0061.jpg 1181w\" data-sizes=\"(max-width: 945px) 100vw, 945px\" src=\"data:image\/svg+xml;base64,PHN2ZyB3aWR0aD0iMSIgaGVpZ2h0PSIxIiB4bWxucz0iaHR0cDovL3d3dy53My5vcmcvMjAwMC9zdmciPjwvc3ZnPg==\" style=\"--smush-placeholder-width: 945px; --smush-placeholder-aspect-ratio: 945\/1024;\" \/><\/figure>\n\n\n\n<figure class=\"wp-block-image size-large\"><img decoding=\"async\" width=\"1024\" height=\"730\" data-id=\"43001\" data-src=\"https:\/\/inspectornocturno.com.mx\/wp-content\/uploads\/2023\/02\/IMG-20230224-WA0060-1024x730.jpg\" alt=\"\" class=\"wp-image-43001 lazyload\" data-srcset=\"https:\/\/inspectornocturno.com.mx\/wp-content\/uploads\/2023\/02\/IMG-20230224-WA0060-1024x730.jpg 1024w, https:\/\/inspectornocturno.com.mx\/wp-content\/uploads\/2023\/02\/IMG-20230224-WA0060-300x214.jpg 300w, https:\/\/inspectornocturno.com.mx\/wp-content\/uploads\/2023\/02\/IMG-20230224-WA0060-768x547.jpg 768w, https:\/\/inspectornocturno.com.mx\/wp-content\/uploads\/2023\/02\/IMG-20230224-WA0060-990x705.jpg 990w, https:\/\/inspectornocturno.com.mx\/wp-content\/uploads\/2023\/02\/IMG-20230224-WA0060.jpg 1280w\" data-sizes=\"(max-width: 1024px) 100vw, 1024px\" src=\"data:image\/svg+xml;base64,PHN2ZyB3aWR0aD0iMSIgaGVpZ2h0PSIxIiB4bWxucz0iaHR0cDovL3d3dy53My5vcmcvMjAwMC9zdmciPjwvc3ZnPg==\" style=\"--smush-placeholder-width: 1024px; --smush-placeholder-aspect-ratio: 1024\/730;\" \/><\/figure>\n\n\n\n<figure class=\"wp-block-image size-large\"><img decoding=\"async\" width=\"1024\" height=\"894\" data-id=\"43000\" data-src=\"https:\/\/inspectornocturno.com.mx\/wp-content\/uploads\/2023\/02\/IMG-20230224-WA0059-1024x894.jpg\" alt=\"\" class=\"wp-image-43000 lazyload\" data-srcset=\"https:\/\/inspectornocturno.com.mx\/wp-content\/uploads\/2023\/02\/IMG-20230224-WA0059-1024x894.jpg 1024w, https:\/\/inspectornocturno.com.mx\/wp-content\/uploads\/2023\/02\/IMG-20230224-WA0059-300x262.jpg 300w, https:\/\/inspectornocturno.com.mx\/wp-content\/uploads\/2023\/02\/IMG-20230224-WA0059-768x670.jpg 768w, https:\/\/inspectornocturno.com.mx\/wp-content\/uploads\/2023\/02\/IMG-20230224-WA0059-990x864.jpg 990w, https:\/\/inspectornocturno.com.mx\/wp-content\/uploads\/2023\/02\/IMG-20230224-WA0059.jpg 1280w\" data-sizes=\"(max-width: 1024px) 100vw, 1024px\" src=\"data:image\/svg+xml;base64,PHN2ZyB3aWR0aD0iMSIgaGVpZ2h0PSIxIiB4bWxucz0iaHR0cDovL3d3dy53My5vcmcvMjAwMC9zdmciPjwvc3ZnPg==\" style=\"--smush-placeholder-width: 1024px; --smush-placeholder-aspect-ratio: 1024\/894;\" \/><\/figure>\n<\/figure>\n\n\n\n<p><br>Previamente, Iveth Valentina Huchim Novelo, alumna de la Telesecundaria \u201cRam\u00f3n Bravo Prieto\u201d, expuso una rese\u00f1a hist\u00f3rica sobre la evoluci\u00f3n de la bandera nacional, s\u00edmbolo de unidad, y la institucionalizaci\u00f3n del D\u00eda de la Bandera, que se conmemor\u00f3 por primera ocasi\u00f3n el 24 de febrero de 1934, aunque la fecha no fue reconocido oficialmente reconocida sino hasta 1940, por decreto del presidente L\u00e1zaro C\u00e1rdenas del R\u00edo.<\/p>\n\n\n\n<p><br>En la ceremonia, que se llev\u00f3 a cabo en la Plaza C\u00edvica ubicada frente al Palacio Municipal, tambi\u00e9n participaron integrantes del Cabildo, secretarios, directores y servidores p\u00fablicos en general y el Tr\u00edo Musical de Puerto Morelos.<br><\/p>\n","protected":false},"excerpt":{"rendered":"<p>\ud83d\udd3aAfirma la Presidenta Municipal que la mejor forma de mostrar lealtad al pa\u00eds y a Puerto Morelos es desempe\u00f1\u00e1ndose con apego a los valores de trabajo y honestidad. Puerto Morelos.- En el marco de la ceremonia conmemorativa del 89\u00ba aniversario del D\u00eda de la Bandera, la presidenta municipal Blanca Merari Tziu Mu\u00f1oz afirm\u00f3 que la [&hellip;]<\/p>\n","protected":false},"author":3,"featured_media":43004,"comment_status":"closed","ping_status":"closed","sticky":false,"template":"","format":"standard","meta":{"footnotes":"","_wpscppro_dont_share_socialmedia":false,"_wpscppro_custom_social_share_image":0,"_facebook_share_type":"","_twitter_share_type":"","_linkedin_share_type":"","_pinterest_share_type":"","_linkedin_share_type_page":"","_instagram_share_type":"","_medium_share_type":"","_threads_share_type":"","_google_business_share_type":"","_selected_social_profile":[],"_wpsp_enable_custom_social_template":false,"_wpsp_social_scheduling":{"enabled":false,"datetime":null,"platforms":[],"status":"template_only","dateOption":"today","timeOption":"now","customDays":"","customHours":"","customDate":"","customTime":"","schedulingType":"absolute"},"_wpsp_active_default_template":true},"categories":[69,49,3],"tags":[],"class_list":["post-42999","post","type-post","status-publish","format-standard","has-post-thumbnail","hentry","category-politica","category-puerto-morelos","category-quintana-roo"],"yoast_head":"<!-- This site is optimized with the Yoast SEO plugin v27.4 - https:\/\/yoast.com\/product\/yoast-seo-wordpress\/ -->\n<title>ENCABEZA BLANCA MERARI LA CEREMONIA CONMEMORATIVA DEL D\u00cdA DE LA BANDERA - Inspector Nocturno<\/title>\n<meta name=\"robots\" content=\"index, follow, max-snippet:-1, max-image-preview:large, max-video-preview:-1\" \/>\n<link rel=\"canonical\" href=\"https:\/\/inspectornocturno.com.mx\/?p=42999\" \/>\n<meta property=\"og:locale\" content=\"es_ES\" \/>\n<meta property=\"og:type\" content=\"article\" \/>\n<meta property=\"og:title\" content=\"ENCABEZA BLANCA MERARI LA CEREMONIA CONMEMORATIVA DEL D\u00cdA DE LA BANDERA - Inspector Nocturno\" \/>\n<meta property=\"og:description\" content=\"\ud83d\udd3aAfirma la Presidenta Municipal que la mejor forma de mostrar lealtad al pa\u00eds y a Puerto Morelos es desempe\u00f1\u00e1ndose con apego a los valores de trabajo y honestidad. Puerto Morelos.- En el marco de la ceremonia conmemorativa del 89\u00ba aniversario del D\u00eda de la Bandera, la presidenta municipal Blanca Merari Tziu Mu\u00f1oz afirm\u00f3 que la [&hellip;]\" \/>\n<meta property=\"og:url\" content=\"https:\/\/inspectornocturno.com.mx\/?p=42999\" \/>\n<meta property=\"og:site_name\" content=\"Inspector Nocturno\" \/>\n<meta property=\"article:published_time\" content=\"2023-02-24T18:32:22+00:00\" \/>\n<meta property=\"article:modified_time\" content=\"2023-02-24T18:32:23+00:00\" \/>\n<meta property=\"og:image\" content=\"https:\/\/inspectornocturno.com.mx\/wp-content\/uploads\/2023\/02\/IMG-20230224-WA0058.jpg\" \/>\n\t<meta property=\"og:image:width\" content=\"1280\" \/>\n\t<meta property=\"og:image:height\" content=\"766\" \/>\n\t<meta property=\"og:image:type\" content=\"image\/jpeg\" \/>\n<meta name=\"author\" content=\"Inspector Nocturno\" \/>\n<meta name=\"twitter:card\" content=\"summary_large_image\" \/>\n<meta name=\"twitter:image\" content=\"https:\/\/inspectornocturno.com.mx\/wp-content\/uploads\/2023\/02\/IMG-20230224-WA0058.jpg\" \/>\n<script type=\"application\/ld+json\" class=\"yoast-schema-graph\">{\"@context\":\"https:\\\/\\\/schema.org\",\"@graph\":[{\"@type\":\"Article\",\"@id\":\"https:\\\/\\\/inspectornocturno.com.mx\\\/?p=42999#article\",\"isPartOf\":{\"@id\":\"https:\\\/\\\/inspectornocturno.com.mx\\\/?p=42999\"},\"author\":{\"name\":\"Inspector Nocturno\",\"@id\":\"https:\\\/\\\/inspectornocturno.com.mx\\\/#\\\/schema\\\/person\\\/2f4c4173b1712fd9cf4f4b9365ce65db\"},\"headline\":\"ENCABEZA BLANCA MERARI LA CEREMONIA CONMEMORATIVA DEL D\u00cdA DE LA BANDERA\",\"datePublished\":\"2023-02-24T18:32:22+00:00\",\"dateModified\":\"2023-02-24T18:32:23+00:00\",\"mainEntityOfPage\":{\"@id\":\"https:\\\/\\\/inspectornocturno.com.mx\\\/?p=42999\"},\"wordCount\":367,\"publisher\":{\"@id\":\"https:\\\/\\\/inspectornocturno.com.mx\\\/#\\\/schema\\\/person\\\/63eb343fea17271215b1dd2793b27897\"},\"image\":{\"@id\":\"https:\\\/\\\/inspectornocturno.com.mx\\\/?p=42999#primaryimage\"},\"thumbnailUrl\":\"https:\\\/\\\/inspectornocturno.com.mx\\\/wp-content\\\/uploads\\\/2023\\\/02\\\/IMG-20230224-WA0058.jpg\",\"articleSection\":[\"Pol\u00edtica\",\"Puerto Morelos\",\"Quintana Roo\"],\"inLanguage\":\"es\"},{\"@type\":\"WebPage\",\"@id\":\"https:\\\/\\\/inspectornocturno.com.mx\\\/?p=42999\",\"url\":\"https:\\\/\\\/inspectornocturno.com.mx\\\/?p=42999\",\"name\":\"ENCABEZA BLANCA MERARI LA CEREMONIA CONMEMORATIVA DEL D\u00cdA DE LA BANDERA - Inspector Nocturno\",\"isPartOf\":{\"@id\":\"https:\\\/\\\/inspectornocturno.com.mx\\\/#website\"},\"primaryImageOfPage\":{\"@id\":\"https:\\\/\\\/inspectornocturno.com.mx\\\/?p=42999#primaryimage\"},\"image\":{\"@id\":\"https:\\\/\\\/inspectornocturno.com.mx\\\/?p=42999#primaryimage\"},\"thumbnailUrl\":\"https:\\\/\\\/inspectornocturno.com.mx\\\/wp-content\\\/uploads\\\/2023\\\/02\\\/IMG-20230224-WA0058.jpg\",\"datePublished\":\"2023-02-24T18:32:22+00:00\",\"dateModified\":\"2023-02-24T18:32:23+00:00\",\"breadcrumb\":{\"@id\":\"https:\\\/\\\/inspectornocturno.com.mx\\\/?p=42999#breadcrumb\"},\"inLanguage\":\"es\",\"potentialAction\":[{\"@type\":\"ReadAction\",\"target\":[\"https:\\\/\\\/inspectornocturno.com.mx\\\/?p=42999\"]}]},{\"@type\":\"ImageObject\",\"inLanguage\":\"es\",\"@id\":\"https:\\\/\\\/inspectornocturno.com.mx\\\/?p=42999#primaryimage\",\"url\":\"https:\\\/\\\/inspectornocturno.com.mx\\\/wp-content\\\/uploads\\\/2023\\\/02\\\/IMG-20230224-WA0058.jpg\",\"contentUrl\":\"https:\\\/\\\/inspectornocturno.com.mx\\\/wp-content\\\/uploads\\\/2023\\\/02\\\/IMG-20230224-WA0058.jpg\",\"width\":1280,\"height\":766},{\"@type\":\"BreadcrumbList\",\"@id\":\"https:\\\/\\\/inspectornocturno.com.mx\\\/?p=42999#breadcrumb\",\"itemListElement\":[{\"@type\":\"ListItem\",\"position\":1,\"name\":\"Portada\",\"item\":\"https:\\\/\\\/inspectornocturno.com.mx\\\/\"},{\"@type\":\"ListItem\",\"position\":2,\"name\":\"ENCABEZA BLANCA MERARI LA CEREMONIA CONMEMORATIVA DEL D\u00cdA DE LA BANDERA\"}]},{\"@type\":\"WebSite\",\"@id\":\"https:\\\/\\\/inspectornocturno.com.mx\\\/#website\",\"url\":\"https:\\\/\\\/inspectornocturno.com.mx\\\/\",\"name\":\"Inspector Nocturno\",\"description\":\"Canc\u00fan, noticias al minuto del inspector nocturno\",\"publisher\":{\"@id\":\"https:\\\/\\\/inspectornocturno.com.mx\\\/#\\\/schema\\\/person\\\/63eb343fea17271215b1dd2793b27897\"},\"alternateName\":\"Noticias de impacto al momento de los hechos\",\"potentialAction\":[{\"@type\":\"SearchAction\",\"target\":{\"@type\":\"EntryPoint\",\"urlTemplate\":\"https:\\\/\\\/inspectornocturno.com.mx\\\/?s={search_term_string}\"},\"query-input\":{\"@type\":\"PropertyValueSpecification\",\"valueRequired\":true,\"valueName\":\"search_term_string\"}}],\"inLanguage\":\"es\"},{\"@type\":[\"Person\",\"Organization\"],\"@id\":\"https:\\\/\\\/inspectornocturno.com.mx\\\/#\\\/schema\\\/person\\\/63eb343fea17271215b1dd2793b27897\",\"name\":\"Inspector Nocturno\",\"image\":{\"@type\":\"ImageObject\",\"inLanguage\":\"es\",\"@id\":\"https:\\\/\\\/inspectornocturno.com.mx\\\/wp-content\\\/uploads\\\/2021\\\/10\\\/logo-transparente.png\",\"url\":\"https:\\\/\\\/inspectornocturno.com.mx\\\/wp-content\\\/uploads\\\/2021\\\/10\\\/logo-transparente.png\",\"contentUrl\":\"https:\\\/\\\/inspectornocturno.com.mx\\\/wp-content\\\/uploads\\\/2021\\\/10\\\/logo-transparente.png\",\"width\":561,\"height\":668,\"caption\":\"Inspector Nocturno\"},\"logo\":{\"@id\":\"https:\\\/\\\/inspectornocturno.com.mx\\\/wp-content\\\/uploads\\\/2021\\\/10\\\/logo-transparente.png\"},\"sameAs\":[\"http:\\\/\\\/inspectornocturno.com.mx\"]},{\"@type\":\"Person\",\"@id\":\"https:\\\/\\\/inspectornocturno.com.mx\\\/#\\\/schema\\\/person\\\/2f4c4173b1712fd9cf4f4b9365ce65db\",\"name\":\"Inspector Nocturno\",\"sameAs\":[\"http:\\\/\\\/inspectornocturno.com.mx\"]}]}<\/script>\n<!-- \/ Yoast SEO plugin. -->","yoast_head_json":{"title":"ENCABEZA BLANCA MERARI LA CEREMONIA CONMEMORATIVA DEL D\u00cdA DE LA BANDERA - Inspector Nocturno","robots":{"index":"index","follow":"follow","max-snippet":"max-snippet:-1","max-image-preview":"max-image-preview:large","max-video-preview":"max-video-preview:-1"},"canonical":"https:\/\/inspectornocturno.com.mx\/?p=42999","og_locale":"es_ES","og_type":"article","og_title":"ENCABEZA BLANCA MERARI LA CEREMONIA CONMEMORATIVA DEL D\u00cdA DE LA BANDERA - Inspector Nocturno","og_description":"\ud83d\udd3aAfirma la Presidenta Municipal que la mejor forma de mostrar lealtad al pa\u00eds y a Puerto Morelos es desempe\u00f1\u00e1ndose con apego a los valores de trabajo y honestidad. Puerto Morelos.- En el marco de la ceremonia conmemorativa del 89\u00ba aniversario del D\u00eda de la Bandera, la presidenta municipal Blanca Merari Tziu Mu\u00f1oz afirm\u00f3 que la [&hellip;]","og_url":"https:\/\/inspectornocturno.com.mx\/?p=42999","og_site_name":"Inspector Nocturno","article_published_time":"2023-02-24T18:32:22+00:00","article_modified_time":"2023-02-24T18:32:23+00:00","og_image":[{"width":1280,"height":766,"url":"https:\/\/inspectornocturno.com.mx\/wp-content\/uploads\/2023\/02\/IMG-20230224-WA0058.jpg","type":"image\/jpeg"}],"author":"Inspector Nocturno","twitter_card":"summary_large_image","twitter_image":"https:\/\/inspectornocturno.com.mx\/wp-content\/uploads\/2023\/02\/IMG-20230224-WA0058.jpg","schema":{"@context":"https:\/\/schema.org","@graph":[{"@type":"Article","@id":"https:\/\/inspectornocturno.com.mx\/?p=42999#article","isPartOf":{"@id":"https:\/\/inspectornocturno.com.mx\/?p=42999"},"author":{"name":"Inspector Nocturno","@id":"https:\/\/inspectornocturno.com.mx\/#\/schema\/person\/2f4c4173b1712fd9cf4f4b9365ce65db"},"headline":"ENCABEZA BLANCA MERARI LA CEREMONIA CONMEMORATIVA DEL D\u00cdA DE LA BANDERA","datePublished":"2023-02-24T18:32:22+00:00","dateModified":"2023-02-24T18:32:23+00:00","mainEntityOfPage":{"@id":"https:\/\/inspectornocturno.com.mx\/?p=42999"},"wordCount":367,"publisher":{"@id":"https:\/\/inspectornocturno.com.mx\/#\/schema\/person\/63eb343fea17271215b1dd2793b27897"},"image":{"@id":"https:\/\/inspectornocturno.com.mx\/?p=42999#primaryimage"},"thumbnailUrl":"https:\/\/inspectornocturno.com.mx\/wp-content\/uploads\/2023\/02\/IMG-20230224-WA0058.jpg","articleSection":["Pol\u00edtica","Puerto Morelos","Quintana Roo"],"inLanguage":"es"},{"@type":"WebPage","@id":"https:\/\/inspectornocturno.com.mx\/?p=42999","url":"https:\/\/inspectornocturno.com.mx\/?p=42999","name":"ENCABEZA BLANCA MERARI LA CEREMONIA CONMEMORATIVA DEL D\u00cdA DE LA BANDERA - Inspector Nocturno","isPartOf":{"@id":"https:\/\/inspectornocturno.com.mx\/#website"},"primaryImageOfPage":{"@id":"https:\/\/inspectornocturno.com.mx\/?p=42999#primaryimage"},"image":{"@id":"https:\/\/inspectornocturno.com.mx\/?p=42999#primaryimage"},"thumbnailUrl":"https:\/\/inspectornocturno.com.mx\/wp-content\/uploads\/2023\/02\/IMG-20230224-WA0058.jpg","datePublished":"2023-02-24T18:32:22+00:00","dateModified":"2023-02-24T18:32:23+00:00","breadcrumb":{"@id":"https:\/\/inspectornocturno.com.mx\/?p=42999#breadcrumb"},"inLanguage":"es","potentialAction":[{"@type":"ReadAction","target":["https:\/\/inspectornocturno.com.mx\/?p=42999"]}]},{"@type":"ImageObject","inLanguage":"es","@id":"https:\/\/inspectornocturno.com.mx\/?p=42999#primaryimage","url":"https:\/\/inspectornocturno.com.mx\/wp-content\/uploads\/2023\/02\/IMG-20230224-WA0058.jpg","contentUrl":"https:\/\/inspectornocturno.com.mx\/wp-content\/uploads\/2023\/02\/IMG-20230224-WA0058.jpg","width":1280,"height":766},{"@type":"BreadcrumbList","@id":"https:\/\/inspectornocturno.com.mx\/?p=42999#breadcrumb","itemListElement":[{"@type":"ListItem","position":1,"name":"Portada","item":"https:\/\/inspectornocturno.com.mx\/"},{"@type":"ListItem","position":2,"name":"ENCABEZA BLANCA MERARI LA CEREMONIA CONMEMORATIVA DEL D\u00cdA DE LA BANDERA"}]},{"@type":"WebSite","@id":"https:\/\/inspectornocturno.com.mx\/#website","url":"https:\/\/inspectornocturno.com.mx\/","name":"Inspector Nocturno","description":"Canc\u00fan, noticias al minuto del inspector nocturno","publisher":{"@id":"https:\/\/inspectornocturno.com.mx\/#\/schema\/person\/63eb343fea17271215b1dd2793b27897"},"alternateName":"Noticias de impacto al momento de los hechos","potentialAction":[{"@type":"SearchAction","target":{"@type":"EntryPoint","urlTemplate":"https:\/\/inspectornocturno.com.mx\/?s={search_term_string}"},"query-input":{"@type":"PropertyValueSpecification","valueRequired":true,"valueName":"search_term_string"}}],"inLanguage":"es"},{"@type":["Person","Organization"],"@id":"https:\/\/inspectornocturno.com.mx\/#\/schema\/person\/63eb343fea17271215b1dd2793b27897","name":"Inspector Nocturno","image":{"@type":"ImageObject","inLanguage":"es","@id":"https:\/\/inspectornocturno.com.mx\/wp-content\/uploads\/2021\/10\/logo-transparente.png","url":"https:\/\/inspectornocturno.com.mx\/wp-content\/uploads\/2021\/10\/logo-transparente.png","contentUrl":"https:\/\/inspectornocturno.com.mx\/wp-content\/uploads\/2021\/10\/logo-transparente.png","width":561,"height":668,"caption":"Inspector Nocturno"},"logo":{"@id":"https:\/\/inspectornocturno.com.mx\/wp-content\/uploads\/2021\/10\/logo-transparente.png"},"sameAs":["http:\/\/inspectornocturno.com.mx"]},{"@type":"Person","@id":"https:\/\/inspectornocturno.com.mx\/#\/schema\/person\/2f4c4173b1712fd9cf4f4b9365ce65db","name":"Inspector Nocturno","sameAs":["http:\/\/inspectornocturno.com.mx"]}]}},"views":255,"_links":{"self":[{"href":"https:\/\/inspectornocturno.com.mx\/index.php?rest_route=\/wp\/v2\/posts\/42999","targetHints":{"allow":["GET"]}}],"collection":[{"href":"https:\/\/inspectornocturno.com.mx\/index.php?rest_route=\/wp\/v2\/posts"}],"about":[{"href":"https:\/\/inspectornocturno.com.mx\/index.php?rest_route=\/wp\/v2\/types\/post"}],"author":[{"embeddable":true,"href":"https:\/\/inspectornocturno.com.mx\/index.php?rest_route=\/wp\/v2\/users\/3"}],"replies":[{"embeddable":true,"href":"https:\/\/inspectornocturno.com.mx\/index.php?rest_route=%2Fwp%2Fv2%2Fcomments&post=42999"}],"version-history":[{"count":1,"href":"https:\/\/inspectornocturno.com.mx\/index.php?rest_route=\/wp\/v2\/posts\/42999\/revisions"}],"predecessor-version":[{"id":43005,"href":"https:\/\/inspectornocturno.com.mx\/index.php?rest_route=\/wp\/v2\/posts\/42999\/revisions\/43005"}],"wp:featuredmedia":[{"embeddable":true,"href":"https:\/\/inspectornocturno.com.mx\/index.php?rest_route=\/wp\/v2\/media\/43004"}],"wp:attachment":[{"href":"https:\/\/inspectornocturno.com.mx\/index.php?rest_route=%2Fwp%2Fv2%2Fmedia&parent=42999"}],"wp:term":[{"taxonomy":"category","embeddable":true,"href":"https:\/\/inspectornocturno.com.mx\/index.php?rest_route=%2Fwp%2Fv2%2Fcategories&post=42999"},{"taxonomy":"post_tag","embeddable":true,"href":"https:\/\/inspectornocturno.com.mx\/index.php?rest_route=%2Fwp%2Fv2%2Ftags&post=42999"}],"curies":[{"name":"wp","href":"https:\/\/api.w.org\/{rel}","templated":true}]}}