{"id":42969,"date":"2023-02-23T22:19:51","date_gmt":"2023-02-24T03:19:51","guid":{"rendered":"https:\/\/inspectornocturno.com.mx\/?p=42969"},"modified":"2023-02-23T22:19:52","modified_gmt":"2023-02-24T03:19:52","slug":"bebe-perdio-la-vida-despues-de-intensa-lucha","status":"publish","type":"post","link":"https:\/\/inspectornocturno.com.mx\/?p=42969","title":{"rendered":"BEB\u00c9 PERDI\u00d3 LA VIDA DESPU\u00c9S DE INTENSA LUCHA\u00a0"},"content":{"rendered":"\n<p>\ud83d\udd3aLa menor fue enviada a una cl\u00ednica privada donde&nbsp;&nbsp;trataron de salvarle la vida, sin embargo los esfuerzos&nbsp;&nbsp;no fueron suficientes y muri\u00f3.&nbsp;<\/p>\n\n\n\n<p>Canc\u00fan.- Una infante de origen extranjero\u00a0perdi\u00f3 la vida la madrugada de este jueves, mientras recib\u00eda atenci\u00f3n m\u00e9dica en la sala de urgencias de la cl\u00ednica privada Hospiten, todo tras caer en una alberca.<\/p>\n\n\n\n<figure class=\"wp-block-image size-full\"><img decoding=\"async\" width=\"789\" height=\"644\" data-src=\"https:\/\/inspectornocturno.com.mx\/wp-content\/uploads\/2023\/02\/C69E7AB9-6A03-4B4A-9E4A-41EAD551BA02.jpeg\" alt=\"\" class=\"wp-image-42970 lazyload\" data-srcset=\"https:\/\/inspectornocturno.com.mx\/wp-content\/uploads\/2023\/02\/C69E7AB9-6A03-4B4A-9E4A-41EAD551BA02.jpeg 789w, https:\/\/inspectornocturno.com.mx\/wp-content\/uploads\/2023\/02\/C69E7AB9-6A03-4B4A-9E4A-41EAD551BA02-300x245.jpeg 300w, https:\/\/inspectornocturno.com.mx\/wp-content\/uploads\/2023\/02\/C69E7AB9-6A03-4B4A-9E4A-41EAD551BA02-768x627.jpeg 768w\" data-sizes=\"(max-width: 789px) 100vw, 789px\" src=\"data:image\/svg+xml;base64,PHN2ZyB3aWR0aD0iMSIgaGVpZ2h0PSIxIiB4bWxucz0iaHR0cDovL3d3dy53My5vcmcvMjAwMC9zdmciPjwvc3ZnPg==\" style=\"--smush-placeholder-width: 789px; --smush-placeholder-aspect-ratio: 789\/644;\" \/><\/figure>\n\n\n\n<p>Al parecer la menor fue trasladada desde una zona residencial ubicada en el centro de la ciudad, sin que se dieran mayores detalles del hecho.<\/p>\n\n\n\n<p>Por extra\u00f1as circunstancias la ni\u00f1a cay\u00f3 a una alberca y minutos despu\u00e9s fue sacada inconsciente por sus padres, quienes llamaron una ambulancia.<\/p>\n\n\n\n<p>Los param\u00e9dicos le brindaron los primeros auxilios a la peque\u00f1ita y luego la trasladaron lo antes posible a un hospital particular.<\/p>\n\n\n\n<p>Pese a los esfuerzos m\u00e9dicos se les inform\u00f3 a los padres que la la menor identificada con las siglas A. S., de tres a\u00f1os de edad, hab\u00eda fallecido por asfixia por inmersi\u00f3n.<\/p>\n\n\n\n<p>Agentes del Ministerio Public\u00f3 del Fuero Com\u00fan (MPFC) y peritos criminalistas de la Fiscal\u00eda General del Estado (FGE), acudieron a la cl\u00ednica para dar fe.<\/p>\n","protected":false},"excerpt":{"rendered":"<p>\ud83d\udd3aLa menor fue enviada a una cl\u00ednica privada donde&nbsp;&nbsp;trataron de salvarle la vida, sin embargo los esfuerzos&nbsp;&nbsp;no fueron suficientes y muri\u00f3.&nbsp; Canc\u00fan.- Una infante de origen extranjero\u00a0perdi\u00f3 la vida la madrugada de este jueves, mientras recib\u00eda atenci\u00f3n m\u00e9dica en la sala de urgencias de la cl\u00ednica privada Hospiten, todo tras caer en una alberca. Al [&hellip;]<\/p>\n","protected":false},"author":3,"featured_media":42970,"comment_status":"closed","ping_status":"closed","sticky":false,"template":"","format":"standard","meta":{"footnotes":"","_wpscppro_dont_share_socialmedia":false,"_wpscppro_custom_social_share_image":0,"_facebook_share_type":"","_twitter_share_type":"","_linkedin_share_type":"","_pinterest_share_type":"","_linkedin_share_type_page":"","_instagram_share_type":"","_medium_share_type":"","_threads_share_type":"","_google_business_share_type":"","_selected_social_profile":[],"_wpsp_enable_custom_social_template":false,"_wpsp_social_scheduling":{"enabled":false,"datetime":null,"platforms":[],"status":"template_only","dateOption":"today","timeOption":"now","customDays":"","customHours":"","customDate":"","customTime":"","schedulingType":"absolute"},"_wpsp_active_default_template":true},"categories":[57,75],"tags":[],"class_list":["post-42969","post","type-post","status-publish","format-standard","has-post-thumbnail","hentry","category-cancun","category-policia"],"yoast_head":"<!-- This site is optimized with the Yoast SEO plugin v27.4 - https:\/\/yoast.com\/product\/yoast-seo-wordpress\/ -->\n<title>BEB\u00c9 PERDI\u00d3 LA VIDA DESPU\u00c9S DE INTENSA LUCHA\u00a0 - Inspector Nocturno<\/title>\n<meta name=\"robots\" content=\"index, follow, max-snippet:-1, max-image-preview:large, max-video-preview:-1\" \/>\n<link rel=\"canonical\" href=\"https:\/\/inspectornocturno.com.mx\/?p=42969\" \/>\n<meta property=\"og:locale\" content=\"es_ES\" \/>\n<meta property=\"og:type\" content=\"article\" \/>\n<meta property=\"og:title\" content=\"BEB\u00c9 PERDI\u00d3 LA VIDA DESPU\u00c9S DE INTENSA LUCHA\u00a0 - Inspector Nocturno\" \/>\n<meta property=\"og:description\" content=\"\ud83d\udd3aLa menor fue enviada a una cl\u00ednica privada donde&nbsp;&nbsp;trataron de salvarle la vida, sin embargo los esfuerzos&nbsp;&nbsp;no fueron suficientes y muri\u00f3.&nbsp; Canc\u00fan.- Una infante de origen extranjero\u00a0perdi\u00f3 la vida la madrugada de este jueves, mientras recib\u00eda atenci\u00f3n m\u00e9dica en la sala de urgencias de la cl\u00ednica privada Hospiten, todo tras caer en una alberca. Al [&hellip;]\" \/>\n<meta property=\"og:url\" content=\"https:\/\/inspectornocturno.com.mx\/?p=42969\" \/>\n<meta property=\"og:site_name\" content=\"Inspector Nocturno\" \/>\n<meta property=\"article:published_time\" content=\"2023-02-24T03:19:51+00:00\" \/>\n<meta property=\"article:modified_time\" content=\"2023-02-24T03:19:52+00:00\" \/>\n<meta property=\"og:image\" content=\"https:\/\/inspectornocturno.com.mx\/wp-content\/uploads\/2023\/02\/C69E7AB9-6A03-4B4A-9E4A-41EAD551BA02.jpeg\" \/>\n\t<meta property=\"og:image:width\" content=\"789\" \/>\n\t<meta property=\"og:image:height\" content=\"644\" \/>\n\t<meta property=\"og:image:type\" content=\"image\/jpeg\" \/>\n<meta name=\"author\" content=\"Inspector Nocturno\" \/>\n<meta name=\"twitter:card\" content=\"summary_large_image\" \/>\n<meta name=\"twitter:image\" content=\"https:\/\/inspectornocturno.com.mx\/wp-content\/uploads\/2023\/02\/C69E7AB9-6A03-4B4A-9E4A-41EAD551BA02.jpeg\" \/>\n<script type=\"application\/ld+json\" class=\"yoast-schema-graph\">{\"@context\":\"https:\\\/\\\/schema.org\",\"@graph\":[{\"@type\":\"Article\",\"@id\":\"https:\\\/\\\/inspectornocturno.com.mx\\\/?p=42969#article\",\"isPartOf\":{\"@id\":\"https:\\\/\\\/inspectornocturno.com.mx\\\/?p=42969\"},\"author\":{\"name\":\"Inspector Nocturno\",\"@id\":\"https:\\\/\\\/inspectornocturno.com.mx\\\/#\\\/schema\\\/person\\\/2f4c4173b1712fd9cf4f4b9365ce65db\"},\"headline\":\"BEB\u00c9 PERDI\u00d3 LA VIDA DESPU\u00c9S DE INTENSA LUCHA\u00a0\",\"datePublished\":\"2023-02-24T03:19:51+00:00\",\"dateModified\":\"2023-02-24T03:19:52+00:00\",\"mainEntityOfPage\":{\"@id\":\"https:\\\/\\\/inspectornocturno.com.mx\\\/?p=42969\"},\"wordCount\":215,\"publisher\":{\"@id\":\"https:\\\/\\\/inspectornocturno.com.mx\\\/#\\\/schema\\\/person\\\/63eb343fea17271215b1dd2793b27897\"},\"image\":{\"@id\":\"https:\\\/\\\/inspectornocturno.com.mx\\\/?p=42969#primaryimage\"},\"thumbnailUrl\":\"https:\\\/\\\/inspectornocturno.com.mx\\\/wp-content\\\/uploads\\\/2023\\\/02\\\/C69E7AB9-6A03-4B4A-9E4A-41EAD551BA02.jpeg\",\"articleSection\":[\"Canc\u00fan\",\"Polic\u00eda\"],\"inLanguage\":\"es\"},{\"@type\":\"WebPage\",\"@id\":\"https:\\\/\\\/inspectornocturno.com.mx\\\/?p=42969\",\"url\":\"https:\\\/\\\/inspectornocturno.com.mx\\\/?p=42969\",\"name\":\"BEB\u00c9 PERDI\u00d3 LA VIDA DESPU\u00c9S DE INTENSA LUCHA\u00a0 - Inspector Nocturno\",\"isPartOf\":{\"@id\":\"https:\\\/\\\/inspectornocturno.com.mx\\\/#website\"},\"primaryImageOfPage\":{\"@id\":\"https:\\\/\\\/inspectornocturno.com.mx\\\/?p=42969#primaryimage\"},\"image\":{\"@id\":\"https:\\\/\\\/inspectornocturno.com.mx\\\/?p=42969#primaryimage\"},\"thumbnailUrl\":\"https:\\\/\\\/inspectornocturno.com.mx\\\/wp-content\\\/uploads\\\/2023\\\/02\\\/C69E7AB9-6A03-4B4A-9E4A-41EAD551BA02.jpeg\",\"datePublished\":\"2023-02-24T03:19:51+00:00\",\"dateModified\":\"2023-02-24T03:19:52+00:00\",\"breadcrumb\":{\"@id\":\"https:\\\/\\\/inspectornocturno.com.mx\\\/?p=42969#breadcrumb\"},\"inLanguage\":\"es\",\"potentialAction\":[{\"@type\":\"ReadAction\",\"target\":[\"https:\\\/\\\/inspectornocturno.com.mx\\\/?p=42969\"]}]},{\"@type\":\"ImageObject\",\"inLanguage\":\"es\",\"@id\":\"https:\\\/\\\/inspectornocturno.com.mx\\\/?p=42969#primaryimage\",\"url\":\"https:\\\/\\\/inspectornocturno.com.mx\\\/wp-content\\\/uploads\\\/2023\\\/02\\\/C69E7AB9-6A03-4B4A-9E4A-41EAD551BA02.jpeg\",\"contentUrl\":\"https:\\\/\\\/inspectornocturno.com.mx\\\/wp-content\\\/uploads\\\/2023\\\/02\\\/C69E7AB9-6A03-4B4A-9E4A-41EAD551BA02.jpeg\",\"width\":789,\"height\":644},{\"@type\":\"BreadcrumbList\",\"@id\":\"https:\\\/\\\/inspectornocturno.com.mx\\\/?p=42969#breadcrumb\",\"itemListElement\":[{\"@type\":\"ListItem\",\"position\":1,\"name\":\"Portada\",\"item\":\"https:\\\/\\\/inspectornocturno.com.mx\\\/\"},{\"@type\":\"ListItem\",\"position\":2,\"name\":\"BEB\u00c9 PERDI\u00d3 LA VIDA DESPU\u00c9S DE INTENSA LUCHA\u00a0\"}]},{\"@type\":\"WebSite\",\"@id\":\"https:\\\/\\\/inspectornocturno.com.mx\\\/#website\",\"url\":\"https:\\\/\\\/inspectornocturno.com.mx\\\/\",\"name\":\"Inspector Nocturno\",\"description\":\"Canc\u00fan, noticias al minuto del inspector nocturno\",\"publisher\":{\"@id\":\"https:\\\/\\\/inspectornocturno.com.mx\\\/#\\\/schema\\\/person\\\/63eb343fea17271215b1dd2793b27897\"},\"alternateName\":\"Noticias de impacto al momento de los hechos\",\"potentialAction\":[{\"@type\":\"SearchAction\",\"target\":{\"@type\":\"EntryPoint\",\"urlTemplate\":\"https:\\\/\\\/inspectornocturno.com.mx\\\/?s={search_term_string}\"},\"query-input\":{\"@type\":\"PropertyValueSpecification\",\"valueRequired\":true,\"valueName\":\"search_term_string\"}}],\"inLanguage\":\"es\"},{\"@type\":[\"Person\",\"Organization\"],\"@id\":\"https:\\\/\\\/inspectornocturno.com.mx\\\/#\\\/schema\\\/person\\\/63eb343fea17271215b1dd2793b27897\",\"name\":\"Inspector Nocturno\",\"image\":{\"@type\":\"ImageObject\",\"inLanguage\":\"es\",\"@id\":\"https:\\\/\\\/inspectornocturno.com.mx\\\/wp-content\\\/uploads\\\/2021\\\/10\\\/logo-transparente.png\",\"url\":\"https:\\\/\\\/inspectornocturno.com.mx\\\/wp-content\\\/uploads\\\/2021\\\/10\\\/logo-transparente.png\",\"contentUrl\":\"https:\\\/\\\/inspectornocturno.com.mx\\\/wp-content\\\/uploads\\\/2021\\\/10\\\/logo-transparente.png\",\"width\":561,\"height\":668,\"caption\":\"Inspector Nocturno\"},\"logo\":{\"@id\":\"https:\\\/\\\/inspectornocturno.com.mx\\\/wp-content\\\/uploads\\\/2021\\\/10\\\/logo-transparente.png\"},\"sameAs\":[\"http:\\\/\\\/inspectornocturno.com.mx\"]},{\"@type\":\"Person\",\"@id\":\"https:\\\/\\\/inspectornocturno.com.mx\\\/#\\\/schema\\\/person\\\/2f4c4173b1712fd9cf4f4b9365ce65db\",\"name\":\"Inspector Nocturno\",\"sameAs\":[\"http:\\\/\\\/inspectornocturno.com.mx\"]}]}<\/script>\n<!-- \/ Yoast SEO plugin. -->","yoast_head_json":{"title":"BEB\u00c9 PERDI\u00d3 LA VIDA DESPU\u00c9S DE INTENSA LUCHA\u00a0 - Inspector Nocturno","robots":{"index":"index","follow":"follow","max-snippet":"max-snippet:-1","max-image-preview":"max-image-preview:large","max-video-preview":"max-video-preview:-1"},"canonical":"https:\/\/inspectornocturno.com.mx\/?p=42969","og_locale":"es_ES","og_type":"article","og_title":"BEB\u00c9 PERDI\u00d3 LA VIDA DESPU\u00c9S DE INTENSA LUCHA\u00a0 - Inspector Nocturno","og_description":"\ud83d\udd3aLa menor fue enviada a una cl\u00ednica privada donde&nbsp;&nbsp;trataron de salvarle la vida, sin embargo los esfuerzos&nbsp;&nbsp;no fueron suficientes y muri\u00f3.&nbsp; Canc\u00fan.- Una infante de origen extranjero\u00a0perdi\u00f3 la vida la madrugada de este jueves, mientras recib\u00eda atenci\u00f3n m\u00e9dica en la sala de urgencias de la cl\u00ednica privada Hospiten, todo tras caer en una alberca. Al [&hellip;]","og_url":"https:\/\/inspectornocturno.com.mx\/?p=42969","og_site_name":"Inspector Nocturno","article_published_time":"2023-02-24T03:19:51+00:00","article_modified_time":"2023-02-24T03:19:52+00:00","og_image":[{"width":789,"height":644,"url":"https:\/\/inspectornocturno.com.mx\/wp-content\/uploads\/2023\/02\/C69E7AB9-6A03-4B4A-9E4A-41EAD551BA02.jpeg","type":"image\/jpeg"}],"author":"Inspector Nocturno","twitter_card":"summary_large_image","twitter_image":"https:\/\/inspectornocturno.com.mx\/wp-content\/uploads\/2023\/02\/C69E7AB9-6A03-4B4A-9E4A-41EAD551BA02.jpeg","schema":{"@context":"https:\/\/schema.org","@graph":[{"@type":"Article","@id":"https:\/\/inspectornocturno.com.mx\/?p=42969#article","isPartOf":{"@id":"https:\/\/inspectornocturno.com.mx\/?p=42969"},"author":{"name":"Inspector Nocturno","@id":"https:\/\/inspectornocturno.com.mx\/#\/schema\/person\/2f4c4173b1712fd9cf4f4b9365ce65db"},"headline":"BEB\u00c9 PERDI\u00d3 LA VIDA DESPU\u00c9S DE INTENSA LUCHA\u00a0","datePublished":"2023-02-24T03:19:51+00:00","dateModified":"2023-02-24T03:19:52+00:00","mainEntityOfPage":{"@id":"https:\/\/inspectornocturno.com.mx\/?p=42969"},"wordCount":215,"publisher":{"@id":"https:\/\/inspectornocturno.com.mx\/#\/schema\/person\/63eb343fea17271215b1dd2793b27897"},"image":{"@id":"https:\/\/inspectornocturno.com.mx\/?p=42969#primaryimage"},"thumbnailUrl":"https:\/\/inspectornocturno.com.mx\/wp-content\/uploads\/2023\/02\/C69E7AB9-6A03-4B4A-9E4A-41EAD551BA02.jpeg","articleSection":["Canc\u00fan","Polic\u00eda"],"inLanguage":"es"},{"@type":"WebPage","@id":"https:\/\/inspectornocturno.com.mx\/?p=42969","url":"https:\/\/inspectornocturno.com.mx\/?p=42969","name":"BEB\u00c9 PERDI\u00d3 LA VIDA DESPU\u00c9S DE INTENSA LUCHA\u00a0 - Inspector Nocturno","isPartOf":{"@id":"https:\/\/inspectornocturno.com.mx\/#website"},"primaryImageOfPage":{"@id":"https:\/\/inspectornocturno.com.mx\/?p=42969#primaryimage"},"image":{"@id":"https:\/\/inspectornocturno.com.mx\/?p=42969#primaryimage"},"thumbnailUrl":"https:\/\/inspectornocturno.com.mx\/wp-content\/uploads\/2023\/02\/C69E7AB9-6A03-4B4A-9E4A-41EAD551BA02.jpeg","datePublished":"2023-02-24T03:19:51+00:00","dateModified":"2023-02-24T03:19:52+00:00","breadcrumb":{"@id":"https:\/\/inspectornocturno.com.mx\/?p=42969#breadcrumb"},"inLanguage":"es","potentialAction":[{"@type":"ReadAction","target":["https:\/\/inspectornocturno.com.mx\/?p=42969"]}]},{"@type":"ImageObject","inLanguage":"es","@id":"https:\/\/inspectornocturno.com.mx\/?p=42969#primaryimage","url":"https:\/\/inspectornocturno.com.mx\/wp-content\/uploads\/2023\/02\/C69E7AB9-6A03-4B4A-9E4A-41EAD551BA02.jpeg","contentUrl":"https:\/\/inspectornocturno.com.mx\/wp-content\/uploads\/2023\/02\/C69E7AB9-6A03-4B4A-9E4A-41EAD551BA02.jpeg","width":789,"height":644},{"@type":"BreadcrumbList","@id":"https:\/\/inspectornocturno.com.mx\/?p=42969#breadcrumb","itemListElement":[{"@type":"ListItem","position":1,"name":"Portada","item":"https:\/\/inspectornocturno.com.mx\/"},{"@type":"ListItem","position":2,"name":"BEB\u00c9 PERDI\u00d3 LA VIDA DESPU\u00c9S DE INTENSA LUCHA\u00a0"}]},{"@type":"WebSite","@id":"https:\/\/inspectornocturno.com.mx\/#website","url":"https:\/\/inspectornocturno.com.mx\/","name":"Inspector Nocturno","description":"Canc\u00fan, noticias al minuto del inspector nocturno","publisher":{"@id":"https:\/\/inspectornocturno.com.mx\/#\/schema\/person\/63eb343fea17271215b1dd2793b27897"},"alternateName":"Noticias de impacto al momento de los hechos","potentialAction":[{"@type":"SearchAction","target":{"@type":"EntryPoint","urlTemplate":"https:\/\/inspectornocturno.com.mx\/?s={search_term_string}"},"query-input":{"@type":"PropertyValueSpecification","valueRequired":true,"valueName":"search_term_string"}}],"inLanguage":"es"},{"@type":["Person","Organization"],"@id":"https:\/\/inspectornocturno.com.mx\/#\/schema\/person\/63eb343fea17271215b1dd2793b27897","name":"Inspector Nocturno","image":{"@type":"ImageObject","inLanguage":"es","@id":"https:\/\/inspectornocturno.com.mx\/wp-content\/uploads\/2021\/10\/logo-transparente.png","url":"https:\/\/inspectornocturno.com.mx\/wp-content\/uploads\/2021\/10\/logo-transparente.png","contentUrl":"https:\/\/inspectornocturno.com.mx\/wp-content\/uploads\/2021\/10\/logo-transparente.png","width":561,"height":668,"caption":"Inspector Nocturno"},"logo":{"@id":"https:\/\/inspectornocturno.com.mx\/wp-content\/uploads\/2021\/10\/logo-transparente.png"},"sameAs":["http:\/\/inspectornocturno.com.mx"]},{"@type":"Person","@id":"https:\/\/inspectornocturno.com.mx\/#\/schema\/person\/2f4c4173b1712fd9cf4f4b9365ce65db","name":"Inspector Nocturno","sameAs":["http:\/\/inspectornocturno.com.mx"]}]}},"views":1138,"_links":{"self":[{"href":"https:\/\/inspectornocturno.com.mx\/index.php?rest_route=\/wp\/v2\/posts\/42969","targetHints":{"allow":["GET"]}}],"collection":[{"href":"https:\/\/inspectornocturno.com.mx\/index.php?rest_route=\/wp\/v2\/posts"}],"about":[{"href":"https:\/\/inspectornocturno.com.mx\/index.php?rest_route=\/wp\/v2\/types\/post"}],"author":[{"embeddable":true,"href":"https:\/\/inspectornocturno.com.mx\/index.php?rest_route=\/wp\/v2\/users\/3"}],"replies":[{"embeddable":true,"href":"https:\/\/inspectornocturno.com.mx\/index.php?rest_route=%2Fwp%2Fv2%2Fcomments&post=42969"}],"version-history":[{"count":1,"href":"https:\/\/inspectornocturno.com.mx\/index.php?rest_route=\/wp\/v2\/posts\/42969\/revisions"}],"predecessor-version":[{"id":42971,"href":"https:\/\/inspectornocturno.com.mx\/index.php?rest_route=\/wp\/v2\/posts\/42969\/revisions\/42971"}],"wp:featuredmedia":[{"embeddable":true,"href":"https:\/\/inspectornocturno.com.mx\/index.php?rest_route=\/wp\/v2\/media\/42970"}],"wp:attachment":[{"href":"https:\/\/inspectornocturno.com.mx\/index.php?rest_route=%2Fwp%2Fv2%2Fmedia&parent=42969"}],"wp:term":[{"taxonomy":"category","embeddable":true,"href":"https:\/\/inspectornocturno.com.mx\/index.php?rest_route=%2Fwp%2Fv2%2Fcategories&post=42969"},{"taxonomy":"post_tag","embeddable":true,"href":"https:\/\/inspectornocturno.com.mx\/index.php?rest_route=%2Fwp%2Fv2%2Ftags&post=42969"}],"curies":[{"name":"wp","href":"https:\/\/api.w.org\/{rel}","templated":true}]}}