{"id":41394,"date":"2023-01-23T14:51:17","date_gmt":"2023-01-23T19:51:17","guid":{"rendered":"https:\/\/inspectornocturno.com.mx\/?p=41394"},"modified":"2023-01-23T14:51:18","modified_gmt":"2023-01-23T19:51:18","slug":"muere-polo-polo-a-los-78-anos-de-edad","status":"publish","type":"post","link":"https:\/\/inspectornocturno.com.mx\/?p=41394","title":{"rendered":"MUERE POLO POLO A LOS 78 A\u00d1OS DE EDAD"},"content":{"rendered":"\n<p>\ud83d\udd3aEn un programa televisivo, se inform\u00f3 que el comediante sufri\u00f3 un paro cardiaco.<\/p>\n\n\n\n<p>Ciudad de M\u00e9xico.- El comediante Leopoldo Roberto Garc\u00eda Pel\u00e1ez Ben\u00edtez, mejor conocido como \u2018Polo Polo\u2018, muri\u00f3 a los 78 a\u00f1os de edad.<\/p>\n\n\n\n<p>La noticia fue dada a conocer en el programa &#8220;Cu\u00e9ntamelo Ya&#8221;, donde se inform\u00f3 que el comediante sufri\u00f3 un paro cardiaco.<\/p>\n\n\n\n<p>Polo Polo fue uno de los m\u00e1ximos exponentes de la comedia de doble sentido en M\u00e9xico, si bien se retir\u00f3 en 2016.<\/p>\n\n\n\n<p>Aunque nunca revel\u00f3 el motivo de su retiro se especula que se debi\u00f3 a problemas de salud, relacionados con el Alzheimer.<\/p>\n\n\n\n<p>Nacido en Le\u00f3n, Guanajuato, Leopoldo Garc\u00eda despunt\u00f3 a nivel nacional con su comedia en los a\u00f1os 90.<\/p>\n\n\n\n<p>Su \u00e9xito lo llev\u00f3 a Estados Unidos, donde realiz\u00f3 varias giras. Tambi\u00e9n incursion\u00f3 en el cine y la televisi\u00f3n.<\/p>\n","protected":false},"excerpt":{"rendered":"<p>\ud83d\udd3aEn un programa televisivo, se inform\u00f3 que el comediante sufri\u00f3 un paro cardiaco. Ciudad de M\u00e9xico.- El comediante Leopoldo Roberto Garc\u00eda Pel\u00e1ez Ben\u00edtez, mejor conocido como \u2018Polo Polo\u2018, muri\u00f3 a los 78 a\u00f1os de edad. La noticia fue dada a conocer en el programa &#8220;Cu\u00e9ntamelo Ya&#8221;, donde se inform\u00f3 que el comediante sufri\u00f3 un paro [&hellip;]<\/p>\n","protected":false},"author":3,"featured_media":41395,"comment_status":"closed","ping_status":"closed","sticky":true,"template":"","format":"standard","meta":{"footnotes":"","_wpscppro_dont_share_socialmedia":false,"_wpscppro_custom_social_share_image":0,"_facebook_share_type":"","_twitter_share_type":"","_linkedin_share_type":"","_pinterest_share_type":"","_linkedin_share_type_page":"","_instagram_share_type":"","_medium_share_type":"","_threads_share_type":"","_google_business_share_type":"","_selected_social_profile":[],"_wpsp_enable_custom_social_template":false,"_wpsp_social_scheduling":{"enabled":false,"datetime":null,"platforms":[],"status":"template_only","dateOption":"today","timeOption":"now","customDays":"","customHours":"","customDate":"","customTime":"","schedulingType":"absolute"},"_wpsp_active_default_template":true},"categories":[2],"tags":[],"class_list":["post-41394","post","type-post","status-publish","format-standard","has-post-thumbnail","hentry","category-el-show"],"yoast_head":"<!-- This site is optimized with the Yoast SEO plugin v27.4 - https:\/\/yoast.com\/product\/yoast-seo-wordpress\/ -->\n<title>MUERE POLO POLO A LOS 78 A\u00d1OS DE EDAD - Inspector Nocturno<\/title>\n<meta name=\"robots\" content=\"index, follow, max-snippet:-1, max-image-preview:large, max-video-preview:-1\" \/>\n<link rel=\"canonical\" href=\"https:\/\/inspectornocturno.com.mx\/?p=41394\" \/>\n<meta property=\"og:locale\" content=\"es_ES\" \/>\n<meta property=\"og:type\" content=\"article\" \/>\n<meta property=\"og:title\" content=\"MUERE POLO POLO A LOS 78 A\u00d1OS DE EDAD - Inspector Nocturno\" \/>\n<meta property=\"og:description\" content=\"\ud83d\udd3aEn un programa televisivo, se inform\u00f3 que el comediante sufri\u00f3 un paro cardiaco. Ciudad de M\u00e9xico.- El comediante Leopoldo Roberto Garc\u00eda Pel\u00e1ez Ben\u00edtez, mejor conocido como \u2018Polo Polo\u2018, muri\u00f3 a los 78 a\u00f1os de edad. La noticia fue dada a conocer en el programa &#8220;Cu\u00e9ntamelo Ya&#8221;, donde se inform\u00f3 que el comediante sufri\u00f3 un paro [&hellip;]\" \/>\n<meta property=\"og:url\" content=\"https:\/\/inspectornocturno.com.mx\/?p=41394\" \/>\n<meta property=\"og:site_name\" content=\"Inspector Nocturno\" \/>\n<meta property=\"article:published_time\" content=\"2023-01-23T19:51:17+00:00\" \/>\n<meta property=\"article:modified_time\" content=\"2023-01-23T19:51:18+00:00\" \/>\n<meta property=\"og:image\" content=\"https:\/\/inspectornocturno.com.mx\/wp-content\/uploads\/2023\/01\/IMG-20230123-WA0141.jpg\" \/>\n\t<meta property=\"og:image:width\" content=\"768\" \/>\n\t<meta property=\"og:image:height\" content=\"570\" \/>\n\t<meta property=\"og:image:type\" content=\"image\/jpeg\" \/>\n<meta name=\"author\" content=\"Inspector Nocturno\" \/>\n<meta name=\"twitter:card\" content=\"summary_large_image\" \/>\n<meta name=\"twitter:image\" content=\"https:\/\/inspectornocturno.com.mx\/wp-content\/uploads\/2023\/01\/IMG-20230123-WA0141.jpg\" \/>\n<script type=\"application\/ld+json\" class=\"yoast-schema-graph\">{\"@context\":\"https:\\\/\\\/schema.org\",\"@graph\":[{\"@type\":\"Article\",\"@id\":\"https:\\\/\\\/inspectornocturno.com.mx\\\/?p=41394#article\",\"isPartOf\":{\"@id\":\"https:\\\/\\\/inspectornocturno.com.mx\\\/?p=41394\"},\"author\":{\"name\":\"Inspector Nocturno\",\"@id\":\"https:\\\/\\\/inspectornocturno.com.mx\\\/#\\\/schema\\\/person\\\/2f4c4173b1712fd9cf4f4b9365ce65db\"},\"headline\":\"MUERE POLO POLO A LOS 78 A\u00d1OS DE EDAD\",\"datePublished\":\"2023-01-23T19:51:17+00:00\",\"dateModified\":\"2023-01-23T19:51:18+00:00\",\"mainEntityOfPage\":{\"@id\":\"https:\\\/\\\/inspectornocturno.com.mx\\\/?p=41394\"},\"wordCount\":155,\"publisher\":{\"@id\":\"https:\\\/\\\/inspectornocturno.com.mx\\\/#\\\/schema\\\/person\\\/63eb343fea17271215b1dd2793b27897\"},\"image\":{\"@id\":\"https:\\\/\\\/inspectornocturno.com.mx\\\/?p=41394#primaryimage\"},\"thumbnailUrl\":\"https:\\\/\\\/inspectornocturno.com.mx\\\/wp-content\\\/uploads\\\/2023\\\/01\\\/IMG-20230123-WA0141.jpg\",\"articleSection\":[\"El Show\"],\"inLanguage\":\"es\"},{\"@type\":\"WebPage\",\"@id\":\"https:\\\/\\\/inspectornocturno.com.mx\\\/?p=41394\",\"url\":\"https:\\\/\\\/inspectornocturno.com.mx\\\/?p=41394\",\"name\":\"MUERE POLO POLO A LOS 78 A\u00d1OS DE EDAD - Inspector Nocturno\",\"isPartOf\":{\"@id\":\"https:\\\/\\\/inspectornocturno.com.mx\\\/#website\"},\"primaryImageOfPage\":{\"@id\":\"https:\\\/\\\/inspectornocturno.com.mx\\\/?p=41394#primaryimage\"},\"image\":{\"@id\":\"https:\\\/\\\/inspectornocturno.com.mx\\\/?p=41394#primaryimage\"},\"thumbnailUrl\":\"https:\\\/\\\/inspectornocturno.com.mx\\\/wp-content\\\/uploads\\\/2023\\\/01\\\/IMG-20230123-WA0141.jpg\",\"datePublished\":\"2023-01-23T19:51:17+00:00\",\"dateModified\":\"2023-01-23T19:51:18+00:00\",\"breadcrumb\":{\"@id\":\"https:\\\/\\\/inspectornocturno.com.mx\\\/?p=41394#breadcrumb\"},\"inLanguage\":\"es\",\"potentialAction\":[{\"@type\":\"ReadAction\",\"target\":[\"https:\\\/\\\/inspectornocturno.com.mx\\\/?p=41394\"]}]},{\"@type\":\"ImageObject\",\"inLanguage\":\"es\",\"@id\":\"https:\\\/\\\/inspectornocturno.com.mx\\\/?p=41394#primaryimage\",\"url\":\"https:\\\/\\\/inspectornocturno.com.mx\\\/wp-content\\\/uploads\\\/2023\\\/01\\\/IMG-20230123-WA0141.jpg\",\"contentUrl\":\"https:\\\/\\\/inspectornocturno.com.mx\\\/wp-content\\\/uploads\\\/2023\\\/01\\\/IMG-20230123-WA0141.jpg\",\"width\":768,\"height\":570},{\"@type\":\"BreadcrumbList\",\"@id\":\"https:\\\/\\\/inspectornocturno.com.mx\\\/?p=41394#breadcrumb\",\"itemListElement\":[{\"@type\":\"ListItem\",\"position\":1,\"name\":\"Portada\",\"item\":\"https:\\\/\\\/inspectornocturno.com.mx\\\/\"},{\"@type\":\"ListItem\",\"position\":2,\"name\":\"MUERE POLO POLO A LOS 78 A\u00d1OS DE EDAD\"}]},{\"@type\":\"WebSite\",\"@id\":\"https:\\\/\\\/inspectornocturno.com.mx\\\/#website\",\"url\":\"https:\\\/\\\/inspectornocturno.com.mx\\\/\",\"name\":\"Inspector Nocturno\",\"description\":\"Canc\u00fan, noticias al minuto del inspector nocturno\",\"publisher\":{\"@id\":\"https:\\\/\\\/inspectornocturno.com.mx\\\/#\\\/schema\\\/person\\\/63eb343fea17271215b1dd2793b27897\"},\"alternateName\":\"Noticias de impacto al momento de los hechos\",\"potentialAction\":[{\"@type\":\"SearchAction\",\"target\":{\"@type\":\"EntryPoint\",\"urlTemplate\":\"https:\\\/\\\/inspectornocturno.com.mx\\\/?s={search_term_string}\"},\"query-input\":{\"@type\":\"PropertyValueSpecification\",\"valueRequired\":true,\"valueName\":\"search_term_string\"}}],\"inLanguage\":\"es\"},{\"@type\":[\"Person\",\"Organization\"],\"@id\":\"https:\\\/\\\/inspectornocturno.com.mx\\\/#\\\/schema\\\/person\\\/63eb343fea17271215b1dd2793b27897\",\"name\":\"Inspector Nocturno\",\"image\":{\"@type\":\"ImageObject\",\"inLanguage\":\"es\",\"@id\":\"https:\\\/\\\/inspectornocturno.com.mx\\\/wp-content\\\/uploads\\\/2021\\\/10\\\/logo-transparente.png\",\"url\":\"https:\\\/\\\/inspectornocturno.com.mx\\\/wp-content\\\/uploads\\\/2021\\\/10\\\/logo-transparente.png\",\"contentUrl\":\"https:\\\/\\\/inspectornocturno.com.mx\\\/wp-content\\\/uploads\\\/2021\\\/10\\\/logo-transparente.png\",\"width\":561,\"height\":668,\"caption\":\"Inspector Nocturno\"},\"logo\":{\"@id\":\"https:\\\/\\\/inspectornocturno.com.mx\\\/wp-content\\\/uploads\\\/2021\\\/10\\\/logo-transparente.png\"},\"sameAs\":[\"http:\\\/\\\/inspectornocturno.com.mx\"]},{\"@type\":\"Person\",\"@id\":\"https:\\\/\\\/inspectornocturno.com.mx\\\/#\\\/schema\\\/person\\\/2f4c4173b1712fd9cf4f4b9365ce65db\",\"name\":\"Inspector Nocturno\",\"sameAs\":[\"http:\\\/\\\/inspectornocturno.com.mx\"]}]}<\/script>\n<!-- \/ Yoast SEO plugin. -->","yoast_head_json":{"title":"MUERE POLO POLO A LOS 78 A\u00d1OS DE EDAD - Inspector Nocturno","robots":{"index":"index","follow":"follow","max-snippet":"max-snippet:-1","max-image-preview":"max-image-preview:large","max-video-preview":"max-video-preview:-1"},"canonical":"https:\/\/inspectornocturno.com.mx\/?p=41394","og_locale":"es_ES","og_type":"article","og_title":"MUERE POLO POLO A LOS 78 A\u00d1OS DE EDAD - Inspector Nocturno","og_description":"\ud83d\udd3aEn un programa televisivo, se inform\u00f3 que el comediante sufri\u00f3 un paro cardiaco. Ciudad de M\u00e9xico.- El comediante Leopoldo Roberto Garc\u00eda Pel\u00e1ez Ben\u00edtez, mejor conocido como \u2018Polo Polo\u2018, muri\u00f3 a los 78 a\u00f1os de edad. La noticia fue dada a conocer en el programa &#8220;Cu\u00e9ntamelo Ya&#8221;, donde se inform\u00f3 que el comediante sufri\u00f3 un paro [&hellip;]","og_url":"https:\/\/inspectornocturno.com.mx\/?p=41394","og_site_name":"Inspector Nocturno","article_published_time":"2023-01-23T19:51:17+00:00","article_modified_time":"2023-01-23T19:51:18+00:00","og_image":[{"width":768,"height":570,"url":"https:\/\/inspectornocturno.com.mx\/wp-content\/uploads\/2023\/01\/IMG-20230123-WA0141.jpg","type":"image\/jpeg"}],"author":"Inspector Nocturno","twitter_card":"summary_large_image","twitter_image":"https:\/\/inspectornocturno.com.mx\/wp-content\/uploads\/2023\/01\/IMG-20230123-WA0141.jpg","schema":{"@context":"https:\/\/schema.org","@graph":[{"@type":"Article","@id":"https:\/\/inspectornocturno.com.mx\/?p=41394#article","isPartOf":{"@id":"https:\/\/inspectornocturno.com.mx\/?p=41394"},"author":{"name":"Inspector Nocturno","@id":"https:\/\/inspectornocturno.com.mx\/#\/schema\/person\/2f4c4173b1712fd9cf4f4b9365ce65db"},"headline":"MUERE POLO POLO A LOS 78 A\u00d1OS DE EDAD","datePublished":"2023-01-23T19:51:17+00:00","dateModified":"2023-01-23T19:51:18+00:00","mainEntityOfPage":{"@id":"https:\/\/inspectornocturno.com.mx\/?p=41394"},"wordCount":155,"publisher":{"@id":"https:\/\/inspectornocturno.com.mx\/#\/schema\/person\/63eb343fea17271215b1dd2793b27897"},"image":{"@id":"https:\/\/inspectornocturno.com.mx\/?p=41394#primaryimage"},"thumbnailUrl":"https:\/\/inspectornocturno.com.mx\/wp-content\/uploads\/2023\/01\/IMG-20230123-WA0141.jpg","articleSection":["El Show"],"inLanguage":"es"},{"@type":"WebPage","@id":"https:\/\/inspectornocturno.com.mx\/?p=41394","url":"https:\/\/inspectornocturno.com.mx\/?p=41394","name":"MUERE POLO POLO A LOS 78 A\u00d1OS DE EDAD - Inspector Nocturno","isPartOf":{"@id":"https:\/\/inspectornocturno.com.mx\/#website"},"primaryImageOfPage":{"@id":"https:\/\/inspectornocturno.com.mx\/?p=41394#primaryimage"},"image":{"@id":"https:\/\/inspectornocturno.com.mx\/?p=41394#primaryimage"},"thumbnailUrl":"https:\/\/inspectornocturno.com.mx\/wp-content\/uploads\/2023\/01\/IMG-20230123-WA0141.jpg","datePublished":"2023-01-23T19:51:17+00:00","dateModified":"2023-01-23T19:51:18+00:00","breadcrumb":{"@id":"https:\/\/inspectornocturno.com.mx\/?p=41394#breadcrumb"},"inLanguage":"es","potentialAction":[{"@type":"ReadAction","target":["https:\/\/inspectornocturno.com.mx\/?p=41394"]}]},{"@type":"ImageObject","inLanguage":"es","@id":"https:\/\/inspectornocturno.com.mx\/?p=41394#primaryimage","url":"https:\/\/inspectornocturno.com.mx\/wp-content\/uploads\/2023\/01\/IMG-20230123-WA0141.jpg","contentUrl":"https:\/\/inspectornocturno.com.mx\/wp-content\/uploads\/2023\/01\/IMG-20230123-WA0141.jpg","width":768,"height":570},{"@type":"BreadcrumbList","@id":"https:\/\/inspectornocturno.com.mx\/?p=41394#breadcrumb","itemListElement":[{"@type":"ListItem","position":1,"name":"Portada","item":"https:\/\/inspectornocturno.com.mx\/"},{"@type":"ListItem","position":2,"name":"MUERE POLO POLO A LOS 78 A\u00d1OS DE EDAD"}]},{"@type":"WebSite","@id":"https:\/\/inspectornocturno.com.mx\/#website","url":"https:\/\/inspectornocturno.com.mx\/","name":"Inspector Nocturno","description":"Canc\u00fan, noticias al minuto del inspector nocturno","publisher":{"@id":"https:\/\/inspectornocturno.com.mx\/#\/schema\/person\/63eb343fea17271215b1dd2793b27897"},"alternateName":"Noticias de impacto al momento de los hechos","potentialAction":[{"@type":"SearchAction","target":{"@type":"EntryPoint","urlTemplate":"https:\/\/inspectornocturno.com.mx\/?s={search_term_string}"},"query-input":{"@type":"PropertyValueSpecification","valueRequired":true,"valueName":"search_term_string"}}],"inLanguage":"es"},{"@type":["Person","Organization"],"@id":"https:\/\/inspectornocturno.com.mx\/#\/schema\/person\/63eb343fea17271215b1dd2793b27897","name":"Inspector Nocturno","image":{"@type":"ImageObject","inLanguage":"es","@id":"https:\/\/inspectornocturno.com.mx\/wp-content\/uploads\/2021\/10\/logo-transparente.png","url":"https:\/\/inspectornocturno.com.mx\/wp-content\/uploads\/2021\/10\/logo-transparente.png","contentUrl":"https:\/\/inspectornocturno.com.mx\/wp-content\/uploads\/2021\/10\/logo-transparente.png","width":561,"height":668,"caption":"Inspector Nocturno"},"logo":{"@id":"https:\/\/inspectornocturno.com.mx\/wp-content\/uploads\/2021\/10\/logo-transparente.png"},"sameAs":["http:\/\/inspectornocturno.com.mx"]},{"@type":"Person","@id":"https:\/\/inspectornocturno.com.mx\/#\/schema\/person\/2f4c4173b1712fd9cf4f4b9365ce65db","name":"Inspector Nocturno","sameAs":["http:\/\/inspectornocturno.com.mx"]}]}},"views":612,"_links":{"self":[{"href":"https:\/\/inspectornocturno.com.mx\/index.php?rest_route=\/wp\/v2\/posts\/41394","targetHints":{"allow":["GET"]}}],"collection":[{"href":"https:\/\/inspectornocturno.com.mx\/index.php?rest_route=\/wp\/v2\/posts"}],"about":[{"href":"https:\/\/inspectornocturno.com.mx\/index.php?rest_route=\/wp\/v2\/types\/post"}],"author":[{"embeddable":true,"href":"https:\/\/inspectornocturno.com.mx\/index.php?rest_route=\/wp\/v2\/users\/3"}],"replies":[{"embeddable":true,"href":"https:\/\/inspectornocturno.com.mx\/index.php?rest_route=%2Fwp%2Fv2%2Fcomments&post=41394"}],"version-history":[{"count":1,"href":"https:\/\/inspectornocturno.com.mx\/index.php?rest_route=\/wp\/v2\/posts\/41394\/revisions"}],"predecessor-version":[{"id":41396,"href":"https:\/\/inspectornocturno.com.mx\/index.php?rest_route=\/wp\/v2\/posts\/41394\/revisions\/41396"}],"wp:featuredmedia":[{"embeddable":true,"href":"https:\/\/inspectornocturno.com.mx\/index.php?rest_route=\/wp\/v2\/media\/41395"}],"wp:attachment":[{"href":"https:\/\/inspectornocturno.com.mx\/index.php?rest_route=%2Fwp%2Fv2%2Fmedia&parent=41394"}],"wp:term":[{"taxonomy":"category","embeddable":true,"href":"https:\/\/inspectornocturno.com.mx\/index.php?rest_route=%2Fwp%2Fv2%2Fcategories&post=41394"},{"taxonomy":"post_tag","embeddable":true,"href":"https:\/\/inspectornocturno.com.mx\/index.php?rest_route=%2Fwp%2Fv2%2Ftags&post=41394"}],"curies":[{"name":"wp","href":"https:\/\/api.w.org\/{rel}","templated":true}]}}