{"id":40715,"date":"2023-01-11T14:40:38","date_gmt":"2023-01-11T19:40:38","guid":{"rendered":"https:\/\/inspectornocturno.com.mx\/?p=40715"},"modified":"2023-01-11T14:40:41","modified_gmt":"2023-01-11T19:40:41","slug":"chicharito-me-dolio-mas-eliminacion-del-tri-en-qatar-2022-que-no-ir-al-mundial","status":"publish","type":"post","link":"https:\/\/inspectornocturno.com.mx\/?p=40715","title":{"rendered":"CHICHARITO: &#8220;ME DOLI\u00d3 M\u00c1S ELIMINACI\u00d3N DEL TRI EN QATAR 2022 QUE NO IR AL MUNDIAL&#8221;"},"content":{"rendered":"\n<p>\ud83d\udd3aJavier Hern\u00e1ndez se dijo tranquilo con su situaci\u00f3n con la Selecci\u00f3n Mexicana.<\/p>\n\n\n\n<p>Los Angeles.- A poco m\u00e1s de un mes de la eliminaci\u00f3n del Tri en Qatar 2022 sigue calando duro en muchos mexicanos y en Javier Hern\u00e1ndez no fue la excepci\u00f3n, pues Chicharito se sincer\u00f3 sobre el tema y confes\u00f3 que le doli\u00f3 bastante ver como la Selecci\u00f3n Mexicana se fue en Fase de Grupos, incluso m\u00e1s que el no haber asistido al Mundial.<\/p>\n\n\n\n<p>\u201cTodo aunque la gente no lo crea y no tenga much\u00edsimo contexto hice todo dentro de la cancha y tambi\u00e9n fuera de ella para poder estar ah\u00ed y hab\u00eda decisiones que estuvieron totalmente fuera de mi alcance, m\u00e1s que me doli\u00f3 no ha podido estar, me doli\u00f3 m\u00e1s que M\u00e9xico se haya quedado fuera de Fase de Grupos\u201d, se\u00f1al\u00f3 Hern\u00e1ndez Balc\u00e1zar en entrevista para TUDN.<\/p>\n\n\n\n<p>Asi mismo, Chicharito confes\u00f3 que acept\u00f3 la decisi\u00f3n de Gerardo Martino de no llevarlo a la Copa del Mundo, pues sabe que en \u00e9l no qued\u00f3.<\/p>\n\n\n\n<p>\u201c\u00bfMe doli\u00f3 no estar en Catar? F\u00edjate que s\u00ed y no porque he estado muy tranquilo con ese tema, por eso tambi\u00e9n en mi vida el d\u00eda a d\u00eda la gente lo ha estado viendo que estoy muy pleno, muy feliz, todo muy acomodado y aceptando que eso no era decisi\u00f3n m\u00eda\u201d, finaliz\u00f3.<\/p>\n\n\n\n<p>Fuente: R\u00e9cord.<\/p>\n","protected":false},"excerpt":{"rendered":"<p>\ud83d\udd3aJavier Hern\u00e1ndez se dijo tranquilo con su situaci\u00f3n con la Selecci\u00f3n Mexicana. Los Angeles.- A poco m\u00e1s de un mes de la eliminaci\u00f3n del Tri en Qatar 2022 sigue calando duro en muchos mexicanos y en Javier Hern\u00e1ndez no fue la excepci\u00f3n, pues Chicharito se sincer\u00f3 sobre el tema y confes\u00f3 que le doli\u00f3 bastante [&hellip;]<\/p>\n","protected":false},"author":7,"featured_media":40713,"comment_status":"closed","ping_status":"closed","sticky":false,"template":"","format":"standard","meta":{"footnotes":"","_wpscppro_dont_share_socialmedia":false,"_wpscppro_custom_social_share_image":0,"_facebook_share_type":"","_twitter_share_type":"","_linkedin_share_type":"","_pinterest_share_type":"","_linkedin_share_type_page":"","_instagram_share_type":"","_medium_share_type":"","_threads_share_type":"","_google_business_share_type":"","_selected_social_profile":[],"_wpsp_enable_custom_social_template":false,"_wpsp_social_scheduling":{"enabled":false,"datetime":null,"platforms":[],"status":"template_only","dateOption":"today","timeOption":"now","customDays":"","customHours":"","customDate":"","customTime":"","schedulingType":"absolute"},"_wpsp_active_default_template":true},"categories":[7,77],"tags":[],"class_list":["post-40715","post","type-post","status-publish","format-standard","has-post-thumbnail","hentry","category-arena-deportiva","category-internacional"],"yoast_head":"<!-- This site is optimized with the Yoast SEO plugin v27.4 - https:\/\/yoast.com\/product\/yoast-seo-wordpress\/ -->\n<title>CHICHARITO: &quot;ME DOLI\u00d3 M\u00c1S ELIMINACI\u00d3N DEL TRI EN QATAR 2022 QUE NO IR AL MUNDIAL&quot; - Inspector Nocturno<\/title>\n<meta name=\"robots\" content=\"index, follow, max-snippet:-1, max-image-preview:large, max-video-preview:-1\" \/>\n<link rel=\"canonical\" href=\"https:\/\/inspectornocturno.com.mx\/?p=40715\" \/>\n<meta property=\"og:locale\" content=\"es_ES\" \/>\n<meta property=\"og:type\" content=\"article\" \/>\n<meta property=\"og:title\" content=\"CHICHARITO: &quot;ME DOLI\u00d3 M\u00c1S ELIMINACI\u00d3N DEL TRI EN QATAR 2022 QUE NO IR AL MUNDIAL&quot; - Inspector Nocturno\" \/>\n<meta property=\"og:description\" content=\"\ud83d\udd3aJavier Hern\u00e1ndez se dijo tranquilo con su situaci\u00f3n con la Selecci\u00f3n Mexicana. Los Angeles.- A poco m\u00e1s de un mes de la eliminaci\u00f3n del Tri en Qatar 2022 sigue calando duro en muchos mexicanos y en Javier Hern\u00e1ndez no fue la excepci\u00f3n, pues Chicharito se sincer\u00f3 sobre el tema y confes\u00f3 que le doli\u00f3 bastante [&hellip;]\" \/>\n<meta property=\"og:url\" content=\"https:\/\/inspectornocturno.com.mx\/?p=40715\" \/>\n<meta property=\"og:site_name\" content=\"Inspector Nocturno\" \/>\n<meta property=\"article:published_time\" content=\"2023-01-11T19:40:38+00:00\" \/>\n<meta property=\"article:modified_time\" content=\"2023-01-11T19:40:41+00:00\" \/>\n<meta property=\"og:image\" content=\"https:\/\/inspectornocturno.com.mx\/wp-content\/uploads\/2023\/01\/images-2023-01-11T133543.800.jpeg\" \/>\n\t<meta property=\"og:image:width\" content=\"702\" \/>\n\t<meta property=\"og:image:height\" content=\"437\" \/>\n\t<meta property=\"og:image:type\" content=\"image\/jpeg\" \/>\n<meta name=\"author\" content=\"Inspector Nocturno\" \/>\n<meta name=\"twitter:card\" content=\"summary_large_image\" \/>\n<meta name=\"twitter:image\" content=\"https:\/\/inspectornocturno.com.mx\/wp-content\/uploads\/2023\/01\/images-2023-01-11T133543.800.jpeg\" \/>\n<script type=\"application\/ld+json\" class=\"yoast-schema-graph\">{\"@context\":\"https:\\\/\\\/schema.org\",\"@graph\":[{\"@type\":\"Article\",\"@id\":\"https:\\\/\\\/inspectornocturno.com.mx\\\/?p=40715#article\",\"isPartOf\":{\"@id\":\"https:\\\/\\\/inspectornocturno.com.mx\\\/?p=40715\"},\"author\":{\"name\":\"Inspector Nocturno\",\"@id\":\"https:\\\/\\\/inspectornocturno.com.mx\\\/#\\\/schema\\\/person\\\/969c25a2260bdff0de14d7ccb1e77752\"},\"headline\":\"CHICHARITO: &#8220;ME DOLI\u00d3 M\u00c1S ELIMINACI\u00d3N DEL TRI EN QATAR 2022 QUE NO IR AL MUNDIAL&#8221;\",\"datePublished\":\"2023-01-11T19:40:38+00:00\",\"dateModified\":\"2023-01-11T19:40:41+00:00\",\"mainEntityOfPage\":{\"@id\":\"https:\\\/\\\/inspectornocturno.com.mx\\\/?p=40715\"},\"wordCount\":263,\"publisher\":{\"@id\":\"https:\\\/\\\/inspectornocturno.com.mx\\\/#\\\/schema\\\/person\\\/63eb343fea17271215b1dd2793b27897\"},\"image\":{\"@id\":\"https:\\\/\\\/inspectornocturno.com.mx\\\/?p=40715#primaryimage\"},\"thumbnailUrl\":\"https:\\\/\\\/inspectornocturno.com.mx\\\/wp-content\\\/uploads\\\/2023\\\/01\\\/images-2023-01-11T133543.800.jpeg\",\"articleSection\":[\"Arena Deportiva\",\"Internacional\"],\"inLanguage\":\"es\"},{\"@type\":\"WebPage\",\"@id\":\"https:\\\/\\\/inspectornocturno.com.mx\\\/?p=40715\",\"url\":\"https:\\\/\\\/inspectornocturno.com.mx\\\/?p=40715\",\"name\":\"CHICHARITO: \\\"ME DOLI\u00d3 M\u00c1S ELIMINACI\u00d3N DEL TRI EN QATAR 2022 QUE NO IR AL MUNDIAL\\\" - Inspector Nocturno\",\"isPartOf\":{\"@id\":\"https:\\\/\\\/inspectornocturno.com.mx\\\/#website\"},\"primaryImageOfPage\":{\"@id\":\"https:\\\/\\\/inspectornocturno.com.mx\\\/?p=40715#primaryimage\"},\"image\":{\"@id\":\"https:\\\/\\\/inspectornocturno.com.mx\\\/?p=40715#primaryimage\"},\"thumbnailUrl\":\"https:\\\/\\\/inspectornocturno.com.mx\\\/wp-content\\\/uploads\\\/2023\\\/01\\\/images-2023-01-11T133543.800.jpeg\",\"datePublished\":\"2023-01-11T19:40:38+00:00\",\"dateModified\":\"2023-01-11T19:40:41+00:00\",\"breadcrumb\":{\"@id\":\"https:\\\/\\\/inspectornocturno.com.mx\\\/?p=40715#breadcrumb\"},\"inLanguage\":\"es\",\"potentialAction\":[{\"@type\":\"ReadAction\",\"target\":[\"https:\\\/\\\/inspectornocturno.com.mx\\\/?p=40715\"]}]},{\"@type\":\"ImageObject\",\"inLanguage\":\"es\",\"@id\":\"https:\\\/\\\/inspectornocturno.com.mx\\\/?p=40715#primaryimage\",\"url\":\"https:\\\/\\\/inspectornocturno.com.mx\\\/wp-content\\\/uploads\\\/2023\\\/01\\\/images-2023-01-11T133543.800.jpeg\",\"contentUrl\":\"https:\\\/\\\/inspectornocturno.com.mx\\\/wp-content\\\/uploads\\\/2023\\\/01\\\/images-2023-01-11T133543.800.jpeg\",\"width\":702,\"height\":437},{\"@type\":\"BreadcrumbList\",\"@id\":\"https:\\\/\\\/inspectornocturno.com.mx\\\/?p=40715#breadcrumb\",\"itemListElement\":[{\"@type\":\"ListItem\",\"position\":1,\"name\":\"Portada\",\"item\":\"https:\\\/\\\/inspectornocturno.com.mx\\\/\"},{\"@type\":\"ListItem\",\"position\":2,\"name\":\"CHICHARITO: &#8220;ME DOLI\u00d3 M\u00c1S ELIMINACI\u00d3N DEL TRI EN QATAR 2022 QUE NO IR AL MUNDIAL&#8221;\"}]},{\"@type\":\"WebSite\",\"@id\":\"https:\\\/\\\/inspectornocturno.com.mx\\\/#website\",\"url\":\"https:\\\/\\\/inspectornocturno.com.mx\\\/\",\"name\":\"Inspector Nocturno\",\"description\":\"Canc\u00fan, noticias al minuto del inspector nocturno\",\"publisher\":{\"@id\":\"https:\\\/\\\/inspectornocturno.com.mx\\\/#\\\/schema\\\/person\\\/63eb343fea17271215b1dd2793b27897\"},\"alternateName\":\"Noticias de impacto al momento de los hechos\",\"potentialAction\":[{\"@type\":\"SearchAction\",\"target\":{\"@type\":\"EntryPoint\",\"urlTemplate\":\"https:\\\/\\\/inspectornocturno.com.mx\\\/?s={search_term_string}\"},\"query-input\":{\"@type\":\"PropertyValueSpecification\",\"valueRequired\":true,\"valueName\":\"search_term_string\"}}],\"inLanguage\":\"es\"},{\"@type\":[\"Person\",\"Organization\"],\"@id\":\"https:\\\/\\\/inspectornocturno.com.mx\\\/#\\\/schema\\\/person\\\/63eb343fea17271215b1dd2793b27897\",\"name\":\"Inspector Nocturno\",\"image\":{\"@type\":\"ImageObject\",\"inLanguage\":\"es\",\"@id\":\"https:\\\/\\\/inspectornocturno.com.mx\\\/wp-content\\\/uploads\\\/2021\\\/10\\\/logo-transparente.png\",\"url\":\"https:\\\/\\\/inspectornocturno.com.mx\\\/wp-content\\\/uploads\\\/2021\\\/10\\\/logo-transparente.png\",\"contentUrl\":\"https:\\\/\\\/inspectornocturno.com.mx\\\/wp-content\\\/uploads\\\/2021\\\/10\\\/logo-transparente.png\",\"width\":561,\"height\":668,\"caption\":\"Inspector Nocturno\"},\"logo\":{\"@id\":\"https:\\\/\\\/inspectornocturno.com.mx\\\/wp-content\\\/uploads\\\/2021\\\/10\\\/logo-transparente.png\"},\"sameAs\":[\"http:\\\/\\\/inspectornocturno.com.mx\"]},{\"@type\":\"Person\",\"@id\":\"https:\\\/\\\/inspectornocturno.com.mx\\\/#\\\/schema\\\/person\\\/969c25a2260bdff0de14d7ccb1e77752\",\"name\":\"Inspector Nocturno\"}]}<\/script>\n<!-- \/ Yoast SEO plugin. -->","yoast_head_json":{"title":"CHICHARITO: \"ME DOLI\u00d3 M\u00c1S ELIMINACI\u00d3N DEL TRI EN QATAR 2022 QUE NO IR AL MUNDIAL\" - Inspector Nocturno","robots":{"index":"index","follow":"follow","max-snippet":"max-snippet:-1","max-image-preview":"max-image-preview:large","max-video-preview":"max-video-preview:-1"},"canonical":"https:\/\/inspectornocturno.com.mx\/?p=40715","og_locale":"es_ES","og_type":"article","og_title":"CHICHARITO: \"ME DOLI\u00d3 M\u00c1S ELIMINACI\u00d3N DEL TRI EN QATAR 2022 QUE NO IR AL MUNDIAL\" - Inspector Nocturno","og_description":"\ud83d\udd3aJavier Hern\u00e1ndez se dijo tranquilo con su situaci\u00f3n con la Selecci\u00f3n Mexicana. Los Angeles.- A poco m\u00e1s de un mes de la eliminaci\u00f3n del Tri en Qatar 2022 sigue calando duro en muchos mexicanos y en Javier Hern\u00e1ndez no fue la excepci\u00f3n, pues Chicharito se sincer\u00f3 sobre el tema y confes\u00f3 que le doli\u00f3 bastante [&hellip;]","og_url":"https:\/\/inspectornocturno.com.mx\/?p=40715","og_site_name":"Inspector Nocturno","article_published_time":"2023-01-11T19:40:38+00:00","article_modified_time":"2023-01-11T19:40:41+00:00","og_image":[{"width":702,"height":437,"url":"https:\/\/inspectornocturno.com.mx\/wp-content\/uploads\/2023\/01\/images-2023-01-11T133543.800.jpeg","type":"image\/jpeg"}],"author":"Inspector Nocturno","twitter_card":"summary_large_image","twitter_image":"https:\/\/inspectornocturno.com.mx\/wp-content\/uploads\/2023\/01\/images-2023-01-11T133543.800.jpeg","schema":{"@context":"https:\/\/schema.org","@graph":[{"@type":"Article","@id":"https:\/\/inspectornocturno.com.mx\/?p=40715#article","isPartOf":{"@id":"https:\/\/inspectornocturno.com.mx\/?p=40715"},"author":{"name":"Inspector Nocturno","@id":"https:\/\/inspectornocturno.com.mx\/#\/schema\/person\/969c25a2260bdff0de14d7ccb1e77752"},"headline":"CHICHARITO: &#8220;ME DOLI\u00d3 M\u00c1S ELIMINACI\u00d3N DEL TRI EN QATAR 2022 QUE NO IR AL MUNDIAL&#8221;","datePublished":"2023-01-11T19:40:38+00:00","dateModified":"2023-01-11T19:40:41+00:00","mainEntityOfPage":{"@id":"https:\/\/inspectornocturno.com.mx\/?p=40715"},"wordCount":263,"publisher":{"@id":"https:\/\/inspectornocturno.com.mx\/#\/schema\/person\/63eb343fea17271215b1dd2793b27897"},"image":{"@id":"https:\/\/inspectornocturno.com.mx\/?p=40715#primaryimage"},"thumbnailUrl":"https:\/\/inspectornocturno.com.mx\/wp-content\/uploads\/2023\/01\/images-2023-01-11T133543.800.jpeg","articleSection":["Arena Deportiva","Internacional"],"inLanguage":"es"},{"@type":"WebPage","@id":"https:\/\/inspectornocturno.com.mx\/?p=40715","url":"https:\/\/inspectornocturno.com.mx\/?p=40715","name":"CHICHARITO: \"ME DOLI\u00d3 M\u00c1S ELIMINACI\u00d3N DEL TRI EN QATAR 2022 QUE NO IR AL MUNDIAL\" - Inspector Nocturno","isPartOf":{"@id":"https:\/\/inspectornocturno.com.mx\/#website"},"primaryImageOfPage":{"@id":"https:\/\/inspectornocturno.com.mx\/?p=40715#primaryimage"},"image":{"@id":"https:\/\/inspectornocturno.com.mx\/?p=40715#primaryimage"},"thumbnailUrl":"https:\/\/inspectornocturno.com.mx\/wp-content\/uploads\/2023\/01\/images-2023-01-11T133543.800.jpeg","datePublished":"2023-01-11T19:40:38+00:00","dateModified":"2023-01-11T19:40:41+00:00","breadcrumb":{"@id":"https:\/\/inspectornocturno.com.mx\/?p=40715#breadcrumb"},"inLanguage":"es","potentialAction":[{"@type":"ReadAction","target":["https:\/\/inspectornocturno.com.mx\/?p=40715"]}]},{"@type":"ImageObject","inLanguage":"es","@id":"https:\/\/inspectornocturno.com.mx\/?p=40715#primaryimage","url":"https:\/\/inspectornocturno.com.mx\/wp-content\/uploads\/2023\/01\/images-2023-01-11T133543.800.jpeg","contentUrl":"https:\/\/inspectornocturno.com.mx\/wp-content\/uploads\/2023\/01\/images-2023-01-11T133543.800.jpeg","width":702,"height":437},{"@type":"BreadcrumbList","@id":"https:\/\/inspectornocturno.com.mx\/?p=40715#breadcrumb","itemListElement":[{"@type":"ListItem","position":1,"name":"Portada","item":"https:\/\/inspectornocturno.com.mx\/"},{"@type":"ListItem","position":2,"name":"CHICHARITO: &#8220;ME DOLI\u00d3 M\u00c1S ELIMINACI\u00d3N DEL TRI EN QATAR 2022 QUE NO IR AL MUNDIAL&#8221;"}]},{"@type":"WebSite","@id":"https:\/\/inspectornocturno.com.mx\/#website","url":"https:\/\/inspectornocturno.com.mx\/","name":"Inspector Nocturno","description":"Canc\u00fan, noticias al minuto del inspector nocturno","publisher":{"@id":"https:\/\/inspectornocturno.com.mx\/#\/schema\/person\/63eb343fea17271215b1dd2793b27897"},"alternateName":"Noticias de impacto al momento de los hechos","potentialAction":[{"@type":"SearchAction","target":{"@type":"EntryPoint","urlTemplate":"https:\/\/inspectornocturno.com.mx\/?s={search_term_string}"},"query-input":{"@type":"PropertyValueSpecification","valueRequired":true,"valueName":"search_term_string"}}],"inLanguage":"es"},{"@type":["Person","Organization"],"@id":"https:\/\/inspectornocturno.com.mx\/#\/schema\/person\/63eb343fea17271215b1dd2793b27897","name":"Inspector Nocturno","image":{"@type":"ImageObject","inLanguage":"es","@id":"https:\/\/inspectornocturno.com.mx\/wp-content\/uploads\/2021\/10\/logo-transparente.png","url":"https:\/\/inspectornocturno.com.mx\/wp-content\/uploads\/2021\/10\/logo-transparente.png","contentUrl":"https:\/\/inspectornocturno.com.mx\/wp-content\/uploads\/2021\/10\/logo-transparente.png","width":561,"height":668,"caption":"Inspector Nocturno"},"logo":{"@id":"https:\/\/inspectornocturno.com.mx\/wp-content\/uploads\/2021\/10\/logo-transparente.png"},"sameAs":["http:\/\/inspectornocturno.com.mx"]},{"@type":"Person","@id":"https:\/\/inspectornocturno.com.mx\/#\/schema\/person\/969c25a2260bdff0de14d7ccb1e77752","name":"Inspector Nocturno"}]}},"views":382,"_links":{"self":[{"href":"https:\/\/inspectornocturno.com.mx\/index.php?rest_route=\/wp\/v2\/posts\/40715","targetHints":{"allow":["GET"]}}],"collection":[{"href":"https:\/\/inspectornocturno.com.mx\/index.php?rest_route=\/wp\/v2\/posts"}],"about":[{"href":"https:\/\/inspectornocturno.com.mx\/index.php?rest_route=\/wp\/v2\/types\/post"}],"author":[{"embeddable":true,"href":"https:\/\/inspectornocturno.com.mx\/index.php?rest_route=\/wp\/v2\/users\/7"}],"replies":[{"embeddable":true,"href":"https:\/\/inspectornocturno.com.mx\/index.php?rest_route=%2Fwp%2Fv2%2Fcomments&post=40715"}],"version-history":[{"count":1,"href":"https:\/\/inspectornocturno.com.mx\/index.php?rest_route=\/wp\/v2\/posts\/40715\/revisions"}],"predecessor-version":[{"id":40716,"href":"https:\/\/inspectornocturno.com.mx\/index.php?rest_route=\/wp\/v2\/posts\/40715\/revisions\/40716"}],"wp:featuredmedia":[{"embeddable":true,"href":"https:\/\/inspectornocturno.com.mx\/index.php?rest_route=\/wp\/v2\/media\/40713"}],"wp:attachment":[{"href":"https:\/\/inspectornocturno.com.mx\/index.php?rest_route=%2Fwp%2Fv2%2Fmedia&parent=40715"}],"wp:term":[{"taxonomy":"category","embeddable":true,"href":"https:\/\/inspectornocturno.com.mx\/index.php?rest_route=%2Fwp%2Fv2%2Fcategories&post=40715"},{"taxonomy":"post_tag","embeddable":true,"href":"https:\/\/inspectornocturno.com.mx\/index.php?rest_route=%2Fwp%2Fv2%2Ftags&post=40715"}],"curies":[{"name":"wp","href":"https:\/\/api.w.org\/{rel}","templated":true}]}}