{"id":31770,"date":"2022-08-15T15:37:19","date_gmt":"2022-08-15T20:37:19","guid":{"rendered":"https:\/\/inspectornocturno.com.mx\/?p=31770"},"modified":"2022-08-15T15:37:20","modified_gmt":"2022-08-15T20:37:20","slug":"adolescente-de-14-anos-se-quita-la-vida","status":"publish","type":"post","link":"https:\/\/inspectornocturno.com.mx\/?p=31770","title":{"rendered":"ADOLESCENTE DE 14 A\u00d1OS SE QUITA LA VIDA"},"content":{"rendered":"\n<p>\ud83d\udd3a Tr\u00e1gica ma\u00f1ana en el fraccionamiento Villas del Sol, donde un jovencito fue encontrado colgado.<\/p>\n\n\n\n<p>Playa del Carmen.- Un adolescente de 14 a\u00f1os de edad se priv\u00f3 de la vida dentro de un domicilio del fraccionamiento Villas del Sol, ubicado en el cruce de la calle Carpintero con la avenida Pavo Real.<\/p>\n\n\n\n<p>El hecho trascendi\u00f3 hoy aproximadamente a las 8:00 de la ma\u00f1ana, cuando las l\u00edneas de emergencias del 911 recibieron el reporte de una persona que se hab\u00eda quitado la vida por la v\u00eda del ahorcamiento, en dicha direcci\u00f3n.<\/p>\n\n\n\n<p>Cuando elementos de la Polic\u00eda Municipal llegaron al lugar de los hechos, confirmaron dicho reporte y acordonaron la zona, e informaron a la Polic\u00eda Ministerial de la Fiscal\u00eda General del Estado (FGE)<\/p>\n\n\n\n<p>Las causas que orillaron al adolescente a\u00fan se desconocen, e igual si habr\u00eda dejado una carta p\u00f3stuma, sin embargo este hecho hace que la cifra llegue a 23 casos de suicidio en este a\u00f1o 2022.<\/p>\n\n\n\n<p>Finalmente, el cuerpo del menor fue levantado por peritos de la FGE y llevado al Servicio M\u00e9dico Forense, para la necropsia de rigor y posteriormente ser entregado a sus familiares y poder darle una digna sepultura.<\/p>\n","protected":false},"excerpt":{"rendered":"<p>\ud83d\udd3a Tr\u00e1gica ma\u00f1ana en el fraccionamiento Villas del Sol, donde un jovencito fue encontrado colgado. Playa del Carmen.- Un adolescente de 14 a\u00f1os de edad se priv\u00f3 de la vida dentro de un domicilio del fraccionamiento Villas del Sol, ubicado en el cruce de la calle Carpintero con la avenida Pavo Real. El hecho trascendi\u00f3 [&hellip;]<\/p>\n","protected":false},"author":3,"featured_media":31772,"comment_status":"closed","ping_status":"closed","sticky":false,"template":"","format":"standard","meta":{"footnotes":"","_wpscppro_dont_share_socialmedia":false,"_wpscppro_custom_social_share_image":0,"_facebook_share_type":"","_twitter_share_type":"","_linkedin_share_type":"","_pinterest_share_type":"","_linkedin_share_type_page":"","_instagram_share_type":"","_medium_share_type":"","_threads_share_type":"","_google_business_share_type":"","_selected_social_profile":[],"_wpsp_enable_custom_social_template":false,"_wpsp_social_scheduling":{"enabled":false,"datetime":null,"platforms":[],"status":"template_only","dateOption":"today","timeOption":"now","customDays":"","customHours":"","customDate":"","customTime":"","schedulingType":"absolute"},"_wpsp_active_default_template":true},"categories":[50,75,3],"tags":[],"class_list":["post-31770","post","type-post","status-publish","format-standard","has-post-thumbnail","hentry","category-playa-del-carmen","category-policia","category-quintana-roo"],"yoast_head":"<!-- This site is optimized with the Yoast SEO plugin v27.4 - https:\/\/yoast.com\/product\/yoast-seo-wordpress\/ -->\n<title>ADOLESCENTE DE 14 A\u00d1OS SE QUITA LA VIDA - Inspector Nocturno<\/title>\n<meta name=\"robots\" content=\"index, follow, max-snippet:-1, max-image-preview:large, max-video-preview:-1\" \/>\n<link rel=\"canonical\" href=\"https:\/\/inspectornocturno.com.mx\/?p=31770\" \/>\n<meta property=\"og:locale\" content=\"es_ES\" \/>\n<meta property=\"og:type\" content=\"article\" \/>\n<meta property=\"og:title\" content=\"ADOLESCENTE DE 14 A\u00d1OS SE QUITA LA VIDA - Inspector Nocturno\" \/>\n<meta property=\"og:description\" content=\"\ud83d\udd3a Tr\u00e1gica ma\u00f1ana en el fraccionamiento Villas del Sol, donde un jovencito fue encontrado colgado. Playa del Carmen.- Un adolescente de 14 a\u00f1os de edad se priv\u00f3 de la vida dentro de un domicilio del fraccionamiento Villas del Sol, ubicado en el cruce de la calle Carpintero con la avenida Pavo Real. El hecho trascendi\u00f3 [&hellip;]\" \/>\n<meta property=\"og:url\" content=\"https:\/\/inspectornocturno.com.mx\/?p=31770\" \/>\n<meta property=\"og:site_name\" content=\"Inspector Nocturno\" \/>\n<meta property=\"article:published_time\" content=\"2022-08-15T20:37:19+00:00\" \/>\n<meta property=\"article:modified_time\" content=\"2022-08-15T20:37:20+00:00\" \/>\n<meta property=\"og:image\" content=\"https:\/\/inspectornocturno.com.mx\/wp-content\/uploads\/2022\/08\/IMG-20220815-WA0077.jpg\" \/>\n\t<meta property=\"og:image:width\" content=\"1599\" \/>\n\t<meta property=\"og:image:height\" content=\"899\" \/>\n\t<meta property=\"og:image:type\" content=\"image\/jpeg\" \/>\n<meta name=\"author\" content=\"Inspector Nocturno\" \/>\n<meta name=\"twitter:card\" content=\"summary_large_image\" \/>\n<meta name=\"twitter:image\" content=\"https:\/\/inspectornocturno.com.mx\/wp-content\/uploads\/2022\/08\/IMG-20220815-WA0077.jpg\" \/>\n<script type=\"application\/ld+json\" class=\"yoast-schema-graph\">{\"@context\":\"https:\\\/\\\/schema.org\",\"@graph\":[{\"@type\":\"Article\",\"@id\":\"https:\\\/\\\/inspectornocturno.com.mx\\\/?p=31770#article\",\"isPartOf\":{\"@id\":\"https:\\\/\\\/inspectornocturno.com.mx\\\/?p=31770\"},\"author\":{\"name\":\"Inspector Nocturno\",\"@id\":\"https:\\\/\\\/inspectornocturno.com.mx\\\/#\\\/schema\\\/person\\\/2f4c4173b1712fd9cf4f4b9365ce65db\"},\"headline\":\"ADOLESCENTE DE 14 A\u00d1OS SE QUITA LA VIDA\",\"datePublished\":\"2022-08-15T20:37:19+00:00\",\"dateModified\":\"2022-08-15T20:37:20+00:00\",\"mainEntityOfPage\":{\"@id\":\"https:\\\/\\\/inspectornocturno.com.mx\\\/?p=31770\"},\"wordCount\":212,\"publisher\":{\"@id\":\"https:\\\/\\\/inspectornocturno.com.mx\\\/#\\\/schema\\\/person\\\/63eb343fea17271215b1dd2793b27897\"},\"image\":{\"@id\":\"https:\\\/\\\/inspectornocturno.com.mx\\\/?p=31770#primaryimage\"},\"thumbnailUrl\":\"https:\\\/\\\/inspectornocturno.com.mx\\\/wp-content\\\/uploads\\\/2022\\\/08\\\/IMG-20220815-WA0077.jpg\",\"articleSection\":[\"Playa del Carmen\",\"Polic\u00eda\",\"Quintana Roo\"],\"inLanguage\":\"es\"},{\"@type\":\"WebPage\",\"@id\":\"https:\\\/\\\/inspectornocturno.com.mx\\\/?p=31770\",\"url\":\"https:\\\/\\\/inspectornocturno.com.mx\\\/?p=31770\",\"name\":\"ADOLESCENTE DE 14 A\u00d1OS SE QUITA LA VIDA - Inspector Nocturno\",\"isPartOf\":{\"@id\":\"https:\\\/\\\/inspectornocturno.com.mx\\\/#website\"},\"primaryImageOfPage\":{\"@id\":\"https:\\\/\\\/inspectornocturno.com.mx\\\/?p=31770#primaryimage\"},\"image\":{\"@id\":\"https:\\\/\\\/inspectornocturno.com.mx\\\/?p=31770#primaryimage\"},\"thumbnailUrl\":\"https:\\\/\\\/inspectornocturno.com.mx\\\/wp-content\\\/uploads\\\/2022\\\/08\\\/IMG-20220815-WA0077.jpg\",\"datePublished\":\"2022-08-15T20:37:19+00:00\",\"dateModified\":\"2022-08-15T20:37:20+00:00\",\"breadcrumb\":{\"@id\":\"https:\\\/\\\/inspectornocturno.com.mx\\\/?p=31770#breadcrumb\"},\"inLanguage\":\"es\",\"potentialAction\":[{\"@type\":\"ReadAction\",\"target\":[\"https:\\\/\\\/inspectornocturno.com.mx\\\/?p=31770\"]}]},{\"@type\":\"ImageObject\",\"inLanguage\":\"es\",\"@id\":\"https:\\\/\\\/inspectornocturno.com.mx\\\/?p=31770#primaryimage\",\"url\":\"https:\\\/\\\/inspectornocturno.com.mx\\\/wp-content\\\/uploads\\\/2022\\\/08\\\/IMG-20220815-WA0077.jpg\",\"contentUrl\":\"https:\\\/\\\/inspectornocturno.com.mx\\\/wp-content\\\/uploads\\\/2022\\\/08\\\/IMG-20220815-WA0077.jpg\",\"width\":1599,\"height\":899},{\"@type\":\"BreadcrumbList\",\"@id\":\"https:\\\/\\\/inspectornocturno.com.mx\\\/?p=31770#breadcrumb\",\"itemListElement\":[{\"@type\":\"ListItem\",\"position\":1,\"name\":\"Portada\",\"item\":\"https:\\\/\\\/inspectornocturno.com.mx\\\/\"},{\"@type\":\"ListItem\",\"position\":2,\"name\":\"ADOLESCENTE DE 14 A\u00d1OS SE QUITA LA VIDA\"}]},{\"@type\":\"WebSite\",\"@id\":\"https:\\\/\\\/inspectornocturno.com.mx\\\/#website\",\"url\":\"https:\\\/\\\/inspectornocturno.com.mx\\\/\",\"name\":\"Inspector Nocturno\",\"description\":\"Canc\u00fan, noticias al minuto del inspector nocturno\",\"publisher\":{\"@id\":\"https:\\\/\\\/inspectornocturno.com.mx\\\/#\\\/schema\\\/person\\\/63eb343fea17271215b1dd2793b27897\"},\"alternateName\":\"Noticias de impacto al momento de los hechos\",\"potentialAction\":[{\"@type\":\"SearchAction\",\"target\":{\"@type\":\"EntryPoint\",\"urlTemplate\":\"https:\\\/\\\/inspectornocturno.com.mx\\\/?s={search_term_string}\"},\"query-input\":{\"@type\":\"PropertyValueSpecification\",\"valueRequired\":true,\"valueName\":\"search_term_string\"}}],\"inLanguage\":\"es\"},{\"@type\":[\"Person\",\"Organization\"],\"@id\":\"https:\\\/\\\/inspectornocturno.com.mx\\\/#\\\/schema\\\/person\\\/63eb343fea17271215b1dd2793b27897\",\"name\":\"Inspector Nocturno\",\"image\":{\"@type\":\"ImageObject\",\"inLanguage\":\"es\",\"@id\":\"https:\\\/\\\/inspectornocturno.com.mx\\\/wp-content\\\/uploads\\\/2021\\\/10\\\/logo-transparente.png\",\"url\":\"https:\\\/\\\/inspectornocturno.com.mx\\\/wp-content\\\/uploads\\\/2021\\\/10\\\/logo-transparente.png\",\"contentUrl\":\"https:\\\/\\\/inspectornocturno.com.mx\\\/wp-content\\\/uploads\\\/2021\\\/10\\\/logo-transparente.png\",\"width\":561,\"height\":668,\"caption\":\"Inspector Nocturno\"},\"logo\":{\"@id\":\"https:\\\/\\\/inspectornocturno.com.mx\\\/wp-content\\\/uploads\\\/2021\\\/10\\\/logo-transparente.png\"},\"sameAs\":[\"http:\\\/\\\/inspectornocturno.com.mx\"]},{\"@type\":\"Person\",\"@id\":\"https:\\\/\\\/inspectornocturno.com.mx\\\/#\\\/schema\\\/person\\\/2f4c4173b1712fd9cf4f4b9365ce65db\",\"name\":\"Inspector Nocturno\",\"sameAs\":[\"http:\\\/\\\/inspectornocturno.com.mx\"]}]}<\/script>\n<!-- \/ Yoast SEO plugin. -->","yoast_head_json":{"title":"ADOLESCENTE DE 14 A\u00d1OS SE QUITA LA VIDA - Inspector Nocturno","robots":{"index":"index","follow":"follow","max-snippet":"max-snippet:-1","max-image-preview":"max-image-preview:large","max-video-preview":"max-video-preview:-1"},"canonical":"https:\/\/inspectornocturno.com.mx\/?p=31770","og_locale":"es_ES","og_type":"article","og_title":"ADOLESCENTE DE 14 A\u00d1OS SE QUITA LA VIDA - Inspector Nocturno","og_description":"\ud83d\udd3a Tr\u00e1gica ma\u00f1ana en el fraccionamiento Villas del Sol, donde un jovencito fue encontrado colgado. Playa del Carmen.- Un adolescente de 14 a\u00f1os de edad se priv\u00f3 de la vida dentro de un domicilio del fraccionamiento Villas del Sol, ubicado en el cruce de la calle Carpintero con la avenida Pavo Real. El hecho trascendi\u00f3 [&hellip;]","og_url":"https:\/\/inspectornocturno.com.mx\/?p=31770","og_site_name":"Inspector Nocturno","article_published_time":"2022-08-15T20:37:19+00:00","article_modified_time":"2022-08-15T20:37:20+00:00","og_image":[{"width":1599,"height":899,"url":"https:\/\/inspectornocturno.com.mx\/wp-content\/uploads\/2022\/08\/IMG-20220815-WA0077.jpg","type":"image\/jpeg"}],"author":"Inspector Nocturno","twitter_card":"summary_large_image","twitter_image":"https:\/\/inspectornocturno.com.mx\/wp-content\/uploads\/2022\/08\/IMG-20220815-WA0077.jpg","schema":{"@context":"https:\/\/schema.org","@graph":[{"@type":"Article","@id":"https:\/\/inspectornocturno.com.mx\/?p=31770#article","isPartOf":{"@id":"https:\/\/inspectornocturno.com.mx\/?p=31770"},"author":{"name":"Inspector Nocturno","@id":"https:\/\/inspectornocturno.com.mx\/#\/schema\/person\/2f4c4173b1712fd9cf4f4b9365ce65db"},"headline":"ADOLESCENTE DE 14 A\u00d1OS SE QUITA LA VIDA","datePublished":"2022-08-15T20:37:19+00:00","dateModified":"2022-08-15T20:37:20+00:00","mainEntityOfPage":{"@id":"https:\/\/inspectornocturno.com.mx\/?p=31770"},"wordCount":212,"publisher":{"@id":"https:\/\/inspectornocturno.com.mx\/#\/schema\/person\/63eb343fea17271215b1dd2793b27897"},"image":{"@id":"https:\/\/inspectornocturno.com.mx\/?p=31770#primaryimage"},"thumbnailUrl":"https:\/\/inspectornocturno.com.mx\/wp-content\/uploads\/2022\/08\/IMG-20220815-WA0077.jpg","articleSection":["Playa del Carmen","Polic\u00eda","Quintana Roo"],"inLanguage":"es"},{"@type":"WebPage","@id":"https:\/\/inspectornocturno.com.mx\/?p=31770","url":"https:\/\/inspectornocturno.com.mx\/?p=31770","name":"ADOLESCENTE DE 14 A\u00d1OS SE QUITA LA VIDA - Inspector Nocturno","isPartOf":{"@id":"https:\/\/inspectornocturno.com.mx\/#website"},"primaryImageOfPage":{"@id":"https:\/\/inspectornocturno.com.mx\/?p=31770#primaryimage"},"image":{"@id":"https:\/\/inspectornocturno.com.mx\/?p=31770#primaryimage"},"thumbnailUrl":"https:\/\/inspectornocturno.com.mx\/wp-content\/uploads\/2022\/08\/IMG-20220815-WA0077.jpg","datePublished":"2022-08-15T20:37:19+00:00","dateModified":"2022-08-15T20:37:20+00:00","breadcrumb":{"@id":"https:\/\/inspectornocturno.com.mx\/?p=31770#breadcrumb"},"inLanguage":"es","potentialAction":[{"@type":"ReadAction","target":["https:\/\/inspectornocturno.com.mx\/?p=31770"]}]},{"@type":"ImageObject","inLanguage":"es","@id":"https:\/\/inspectornocturno.com.mx\/?p=31770#primaryimage","url":"https:\/\/inspectornocturno.com.mx\/wp-content\/uploads\/2022\/08\/IMG-20220815-WA0077.jpg","contentUrl":"https:\/\/inspectornocturno.com.mx\/wp-content\/uploads\/2022\/08\/IMG-20220815-WA0077.jpg","width":1599,"height":899},{"@type":"BreadcrumbList","@id":"https:\/\/inspectornocturno.com.mx\/?p=31770#breadcrumb","itemListElement":[{"@type":"ListItem","position":1,"name":"Portada","item":"https:\/\/inspectornocturno.com.mx\/"},{"@type":"ListItem","position":2,"name":"ADOLESCENTE DE 14 A\u00d1OS SE QUITA LA VIDA"}]},{"@type":"WebSite","@id":"https:\/\/inspectornocturno.com.mx\/#website","url":"https:\/\/inspectornocturno.com.mx\/","name":"Inspector Nocturno","description":"Canc\u00fan, noticias al minuto del inspector nocturno","publisher":{"@id":"https:\/\/inspectornocturno.com.mx\/#\/schema\/person\/63eb343fea17271215b1dd2793b27897"},"alternateName":"Noticias de impacto al momento de los hechos","potentialAction":[{"@type":"SearchAction","target":{"@type":"EntryPoint","urlTemplate":"https:\/\/inspectornocturno.com.mx\/?s={search_term_string}"},"query-input":{"@type":"PropertyValueSpecification","valueRequired":true,"valueName":"search_term_string"}}],"inLanguage":"es"},{"@type":["Person","Organization"],"@id":"https:\/\/inspectornocturno.com.mx\/#\/schema\/person\/63eb343fea17271215b1dd2793b27897","name":"Inspector Nocturno","image":{"@type":"ImageObject","inLanguage":"es","@id":"https:\/\/inspectornocturno.com.mx\/wp-content\/uploads\/2021\/10\/logo-transparente.png","url":"https:\/\/inspectornocturno.com.mx\/wp-content\/uploads\/2021\/10\/logo-transparente.png","contentUrl":"https:\/\/inspectornocturno.com.mx\/wp-content\/uploads\/2021\/10\/logo-transparente.png","width":561,"height":668,"caption":"Inspector Nocturno"},"logo":{"@id":"https:\/\/inspectornocturno.com.mx\/wp-content\/uploads\/2021\/10\/logo-transparente.png"},"sameAs":["http:\/\/inspectornocturno.com.mx"]},{"@type":"Person","@id":"https:\/\/inspectornocturno.com.mx\/#\/schema\/person\/2f4c4173b1712fd9cf4f4b9365ce65db","name":"Inspector Nocturno","sameAs":["http:\/\/inspectornocturno.com.mx"]}]}},"views":934,"_links":{"self":[{"href":"https:\/\/inspectornocturno.com.mx\/index.php?rest_route=\/wp\/v2\/posts\/31770","targetHints":{"allow":["GET"]}}],"collection":[{"href":"https:\/\/inspectornocturno.com.mx\/index.php?rest_route=\/wp\/v2\/posts"}],"about":[{"href":"https:\/\/inspectornocturno.com.mx\/index.php?rest_route=\/wp\/v2\/types\/post"}],"author":[{"embeddable":true,"href":"https:\/\/inspectornocturno.com.mx\/index.php?rest_route=\/wp\/v2\/users\/3"}],"replies":[{"embeddable":true,"href":"https:\/\/inspectornocturno.com.mx\/index.php?rest_route=%2Fwp%2Fv2%2Fcomments&post=31770"}],"version-history":[{"count":1,"href":"https:\/\/inspectornocturno.com.mx\/index.php?rest_route=\/wp\/v2\/posts\/31770\/revisions"}],"predecessor-version":[{"id":31773,"href":"https:\/\/inspectornocturno.com.mx\/index.php?rest_route=\/wp\/v2\/posts\/31770\/revisions\/31773"}],"wp:featuredmedia":[{"embeddable":true,"href":"https:\/\/inspectornocturno.com.mx\/index.php?rest_route=\/wp\/v2\/media\/31772"}],"wp:attachment":[{"href":"https:\/\/inspectornocturno.com.mx\/index.php?rest_route=%2Fwp%2Fv2%2Fmedia&parent=31770"}],"wp:term":[{"taxonomy":"category","embeddable":true,"href":"https:\/\/inspectornocturno.com.mx\/index.php?rest_route=%2Fwp%2Fv2%2Fcategories&post=31770"},{"taxonomy":"post_tag","embeddable":true,"href":"https:\/\/inspectornocturno.com.mx\/index.php?rest_route=%2Fwp%2Fv2%2Ftags&post=31770"}],"curies":[{"name":"wp","href":"https:\/\/api.w.org\/{rel}","templated":true}]}}