{"id":30880,"date":"2022-08-05T11:00:19","date_gmt":"2022-08-05T16:00:19","guid":{"rendered":"https:\/\/inspectornocturno.com.mx\/?p=30880"},"modified":"2022-08-05T11:00:20","modified_gmt":"2022-08-05T16:00:20","slug":"menores-de-edad-presuntos-responsables-de-homicidio","status":"publish","type":"post","link":"https:\/\/inspectornocturno.com.mx\/?p=30880","title":{"rendered":"MENORES DE EDAD, PRESUNTOS RESPONSABLES DE HOMICIDIO"},"content":{"rendered":"\n<p>\ud83d\udd3aDetienen a dos joven de 16 a\u00f1os, quienes habr\u00edan matado a pedradas a un alba\u00f1il, en la comisar\u00eda Chichi Su\u00e1rez, de M\u00e9rida.<\/p>\n\n\n\n<p>M\u00e9rida &#8211; Dos menores de edad, de tan solo 16 a\u00f1os, son los presuntos responsable del delito de homicidio calificado, tras darle muerte a un alba\u00f1il en una construcci\u00f3n ubicada en la calle 47 con 16 de la comisar\u00eda de Chich\u00ed Su\u00e1rez.<\/p>\n\n\n\n<p>Los j\u00f3venes fueron detenidos por elementos de la Polic\u00eda Estatal de Investigaci\u00f3n tras darle seguimiento al caso y obtener una orden de aprehensi\u00f3n en su contra.<\/p>\n\n\n\n<p>Ambos eran chalanes de una obra en construcci\u00f3n y se sabe que conoc\u00edan al fallecido que fue identificado como Erick Eduardo T.N.; con el cual aparentemente tuvieron unos desacuerdos que provocaron una ri\u00f1a.<\/p>\n\n\n\n<p>En medio de la pelea, los presuntos responsabilidad aventaron piedras al ahora occiso y una de ellas le caus\u00f3 traumatismo craneoencef\u00e1lico.<\/p>\n\n\n\n<p>R.P.B. y M.J.D.V. ser\u00e1n presentados ante un juez, quien determinar\u00e1 su situaci\u00f3n legal ya que ambos a\u00fan son menores de edad y podr\u00edan ser acusados y procesados por el delito de homicidio calificado cometido en pandilla.<\/p>\n\n\n\n<p>Del caso se sabe que hay una tercera persona involucrada que permanece pr\u00f3fuga de la justicia pero ya se est\u00e1 trabajando en su ubicaci\u00f3n para su pronta detenci\u00f3n.<\/p>\n","protected":false},"excerpt":{"rendered":"<p>\ud83d\udd3aDetienen a dos joven de 16 a\u00f1os, quienes habr\u00edan matado a pedradas a un alba\u00f1il, en la comisar\u00eda Chichi Su\u00e1rez, de M\u00e9rida. M\u00e9rida &#8211; Dos menores de edad, de tan solo 16 a\u00f1os, son los presuntos responsable del delito de homicidio calificado, tras darle muerte a un alba\u00f1il en una construcci\u00f3n ubicada en la calle [&hellip;]<\/p>\n","protected":false},"author":3,"featured_media":30882,"comment_status":"closed","ping_status":"closed","sticky":true,"template":"","format":"standard","meta":{"footnotes":"","_wpscppro_dont_share_socialmedia":false,"_wpscppro_custom_social_share_image":0,"_facebook_share_type":"","_twitter_share_type":"","_linkedin_share_type":"","_pinterest_share_type":"","_linkedin_share_type_page":"","_instagram_share_type":"","_medium_share_type":"","_threads_share_type":"","_google_business_share_type":"","_selected_social_profile":[],"_wpsp_enable_custom_social_template":false,"_wpsp_social_scheduling":{"enabled":false,"datetime":null,"platforms":[],"status":"template_only","dateOption":"today","timeOption":"now","customDays":"","customHours":"","customDate":"","customTime":"","schedulingType":"absolute"},"_wpsp_active_default_template":true},"categories":[62,75,9],"tags":[],"class_list":["post-30880","post","type-post","status-publish","format-standard","has-post-thumbnail","hentry","category-merida","category-policia","category-yucatan"],"yoast_head":"<!-- This site is optimized with the Yoast SEO plugin v27.4 - https:\/\/yoast.com\/product\/yoast-seo-wordpress\/ -->\n<title>MENORES DE EDAD, PRESUNTOS RESPONSABLES DE HOMICIDIO - Inspector Nocturno<\/title>\n<meta name=\"robots\" content=\"index, follow, max-snippet:-1, max-image-preview:large, max-video-preview:-1\" \/>\n<link rel=\"canonical\" href=\"https:\/\/inspectornocturno.com.mx\/?p=30880\" \/>\n<meta property=\"og:locale\" content=\"es_ES\" \/>\n<meta property=\"og:type\" content=\"article\" \/>\n<meta property=\"og:title\" content=\"MENORES DE EDAD, PRESUNTOS RESPONSABLES DE HOMICIDIO - Inspector Nocturno\" \/>\n<meta property=\"og:description\" content=\"\ud83d\udd3aDetienen a dos joven de 16 a\u00f1os, quienes habr\u00edan matado a pedradas a un alba\u00f1il, en la comisar\u00eda Chichi Su\u00e1rez, de M\u00e9rida. M\u00e9rida &#8211; Dos menores de edad, de tan solo 16 a\u00f1os, son los presuntos responsable del delito de homicidio calificado, tras darle muerte a un alba\u00f1il en una construcci\u00f3n ubicada en la calle [&hellip;]\" \/>\n<meta property=\"og:url\" content=\"https:\/\/inspectornocturno.com.mx\/?p=30880\" \/>\n<meta property=\"og:site_name\" content=\"Inspector Nocturno\" \/>\n<meta property=\"article:published_time\" content=\"2022-08-05T16:00:19+00:00\" \/>\n<meta property=\"article:modified_time\" content=\"2022-08-05T16:00:20+00:00\" \/>\n<meta property=\"og:image\" content=\"https:\/\/inspectornocturno.com.mx\/wp-content\/uploads\/2022\/08\/IMG-20220804-WA0198.jpg\" \/>\n\t<meta property=\"og:image:width\" content=\"1080\" \/>\n\t<meta property=\"og:image:height\" content=\"742\" \/>\n\t<meta property=\"og:image:type\" content=\"image\/jpeg\" \/>\n<meta name=\"author\" content=\"Inspector Nocturno\" \/>\n<meta name=\"twitter:card\" content=\"summary_large_image\" \/>\n<meta name=\"twitter:image\" content=\"https:\/\/inspectornocturno.com.mx\/wp-content\/uploads\/2022\/08\/IMG-20220804-WA0198.jpg\" \/>\n<script type=\"application\/ld+json\" class=\"yoast-schema-graph\">{\"@context\":\"https:\\\/\\\/schema.org\",\"@graph\":[{\"@type\":\"Article\",\"@id\":\"https:\\\/\\\/inspectornocturno.com.mx\\\/?p=30880#article\",\"isPartOf\":{\"@id\":\"https:\\\/\\\/inspectornocturno.com.mx\\\/?p=30880\"},\"author\":{\"name\":\"Inspector Nocturno\",\"@id\":\"https:\\\/\\\/inspectornocturno.com.mx\\\/#\\\/schema\\\/person\\\/2f4c4173b1712fd9cf4f4b9365ce65db\"},\"headline\":\"MENORES DE EDAD, PRESUNTOS RESPONSABLES DE HOMICIDIO\",\"datePublished\":\"2022-08-05T16:00:19+00:00\",\"dateModified\":\"2022-08-05T16:00:20+00:00\",\"mainEntityOfPage\":{\"@id\":\"https:\\\/\\\/inspectornocturno.com.mx\\\/?p=30880\"},\"wordCount\":244,\"publisher\":{\"@id\":\"https:\\\/\\\/inspectornocturno.com.mx\\\/#\\\/schema\\\/person\\\/63eb343fea17271215b1dd2793b27897\"},\"image\":{\"@id\":\"https:\\\/\\\/inspectornocturno.com.mx\\\/?p=30880#primaryimage\"},\"thumbnailUrl\":\"https:\\\/\\\/inspectornocturno.com.mx\\\/wp-content\\\/uploads\\\/2022\\\/08\\\/IMG-20220804-WA0198.jpg\",\"articleSection\":[\"M\u00e9rida\",\"Polic\u00eda\",\"Yucat\u00e1n\"],\"inLanguage\":\"es\"},{\"@type\":\"WebPage\",\"@id\":\"https:\\\/\\\/inspectornocturno.com.mx\\\/?p=30880\",\"url\":\"https:\\\/\\\/inspectornocturno.com.mx\\\/?p=30880\",\"name\":\"MENORES DE EDAD, PRESUNTOS RESPONSABLES DE HOMICIDIO - Inspector Nocturno\",\"isPartOf\":{\"@id\":\"https:\\\/\\\/inspectornocturno.com.mx\\\/#website\"},\"primaryImageOfPage\":{\"@id\":\"https:\\\/\\\/inspectornocturno.com.mx\\\/?p=30880#primaryimage\"},\"image\":{\"@id\":\"https:\\\/\\\/inspectornocturno.com.mx\\\/?p=30880#primaryimage\"},\"thumbnailUrl\":\"https:\\\/\\\/inspectornocturno.com.mx\\\/wp-content\\\/uploads\\\/2022\\\/08\\\/IMG-20220804-WA0198.jpg\",\"datePublished\":\"2022-08-05T16:00:19+00:00\",\"dateModified\":\"2022-08-05T16:00:20+00:00\",\"breadcrumb\":{\"@id\":\"https:\\\/\\\/inspectornocturno.com.mx\\\/?p=30880#breadcrumb\"},\"inLanguage\":\"es\",\"potentialAction\":[{\"@type\":\"ReadAction\",\"target\":[\"https:\\\/\\\/inspectornocturno.com.mx\\\/?p=30880\"]}]},{\"@type\":\"ImageObject\",\"inLanguage\":\"es\",\"@id\":\"https:\\\/\\\/inspectornocturno.com.mx\\\/?p=30880#primaryimage\",\"url\":\"https:\\\/\\\/inspectornocturno.com.mx\\\/wp-content\\\/uploads\\\/2022\\\/08\\\/IMG-20220804-WA0198.jpg\",\"contentUrl\":\"https:\\\/\\\/inspectornocturno.com.mx\\\/wp-content\\\/uploads\\\/2022\\\/08\\\/IMG-20220804-WA0198.jpg\",\"width\":1080,\"height\":742},{\"@type\":\"BreadcrumbList\",\"@id\":\"https:\\\/\\\/inspectornocturno.com.mx\\\/?p=30880#breadcrumb\",\"itemListElement\":[{\"@type\":\"ListItem\",\"position\":1,\"name\":\"Portada\",\"item\":\"https:\\\/\\\/inspectornocturno.com.mx\\\/\"},{\"@type\":\"ListItem\",\"position\":2,\"name\":\"MENORES DE EDAD, PRESUNTOS RESPONSABLES DE HOMICIDIO\"}]},{\"@type\":\"WebSite\",\"@id\":\"https:\\\/\\\/inspectornocturno.com.mx\\\/#website\",\"url\":\"https:\\\/\\\/inspectornocturno.com.mx\\\/\",\"name\":\"Inspector Nocturno\",\"description\":\"Canc\u00fan, noticias al minuto del inspector nocturno\",\"publisher\":{\"@id\":\"https:\\\/\\\/inspectornocturno.com.mx\\\/#\\\/schema\\\/person\\\/63eb343fea17271215b1dd2793b27897\"},\"alternateName\":\"Noticias de impacto al momento de los hechos\",\"potentialAction\":[{\"@type\":\"SearchAction\",\"target\":{\"@type\":\"EntryPoint\",\"urlTemplate\":\"https:\\\/\\\/inspectornocturno.com.mx\\\/?s={search_term_string}\"},\"query-input\":{\"@type\":\"PropertyValueSpecification\",\"valueRequired\":true,\"valueName\":\"search_term_string\"}}],\"inLanguage\":\"es\"},{\"@type\":[\"Person\",\"Organization\"],\"@id\":\"https:\\\/\\\/inspectornocturno.com.mx\\\/#\\\/schema\\\/person\\\/63eb343fea17271215b1dd2793b27897\",\"name\":\"Inspector Nocturno\",\"image\":{\"@type\":\"ImageObject\",\"inLanguage\":\"es\",\"@id\":\"https:\\\/\\\/inspectornocturno.com.mx\\\/wp-content\\\/uploads\\\/2021\\\/10\\\/logo-transparente.png\",\"url\":\"https:\\\/\\\/inspectornocturno.com.mx\\\/wp-content\\\/uploads\\\/2021\\\/10\\\/logo-transparente.png\",\"contentUrl\":\"https:\\\/\\\/inspectornocturno.com.mx\\\/wp-content\\\/uploads\\\/2021\\\/10\\\/logo-transparente.png\",\"width\":561,\"height\":668,\"caption\":\"Inspector Nocturno\"},\"logo\":{\"@id\":\"https:\\\/\\\/inspectornocturno.com.mx\\\/wp-content\\\/uploads\\\/2021\\\/10\\\/logo-transparente.png\"},\"sameAs\":[\"http:\\\/\\\/inspectornocturno.com.mx\"]},{\"@type\":\"Person\",\"@id\":\"https:\\\/\\\/inspectornocturno.com.mx\\\/#\\\/schema\\\/person\\\/2f4c4173b1712fd9cf4f4b9365ce65db\",\"name\":\"Inspector Nocturno\",\"sameAs\":[\"http:\\\/\\\/inspectornocturno.com.mx\"]}]}<\/script>\n<!-- \/ Yoast SEO plugin. -->","yoast_head_json":{"title":"MENORES DE EDAD, PRESUNTOS RESPONSABLES DE HOMICIDIO - Inspector Nocturno","robots":{"index":"index","follow":"follow","max-snippet":"max-snippet:-1","max-image-preview":"max-image-preview:large","max-video-preview":"max-video-preview:-1"},"canonical":"https:\/\/inspectornocturno.com.mx\/?p=30880","og_locale":"es_ES","og_type":"article","og_title":"MENORES DE EDAD, PRESUNTOS RESPONSABLES DE HOMICIDIO - Inspector Nocturno","og_description":"\ud83d\udd3aDetienen a dos joven de 16 a\u00f1os, quienes habr\u00edan matado a pedradas a un alba\u00f1il, en la comisar\u00eda Chichi Su\u00e1rez, de M\u00e9rida. M\u00e9rida &#8211; Dos menores de edad, de tan solo 16 a\u00f1os, son los presuntos responsable del delito de homicidio calificado, tras darle muerte a un alba\u00f1il en una construcci\u00f3n ubicada en la calle [&hellip;]","og_url":"https:\/\/inspectornocturno.com.mx\/?p=30880","og_site_name":"Inspector Nocturno","article_published_time":"2022-08-05T16:00:19+00:00","article_modified_time":"2022-08-05T16:00:20+00:00","og_image":[{"width":1080,"height":742,"url":"https:\/\/inspectornocturno.com.mx\/wp-content\/uploads\/2022\/08\/IMG-20220804-WA0198.jpg","type":"image\/jpeg"}],"author":"Inspector Nocturno","twitter_card":"summary_large_image","twitter_image":"https:\/\/inspectornocturno.com.mx\/wp-content\/uploads\/2022\/08\/IMG-20220804-WA0198.jpg","schema":{"@context":"https:\/\/schema.org","@graph":[{"@type":"Article","@id":"https:\/\/inspectornocturno.com.mx\/?p=30880#article","isPartOf":{"@id":"https:\/\/inspectornocturno.com.mx\/?p=30880"},"author":{"name":"Inspector Nocturno","@id":"https:\/\/inspectornocturno.com.mx\/#\/schema\/person\/2f4c4173b1712fd9cf4f4b9365ce65db"},"headline":"MENORES DE EDAD, PRESUNTOS RESPONSABLES DE HOMICIDIO","datePublished":"2022-08-05T16:00:19+00:00","dateModified":"2022-08-05T16:00:20+00:00","mainEntityOfPage":{"@id":"https:\/\/inspectornocturno.com.mx\/?p=30880"},"wordCount":244,"publisher":{"@id":"https:\/\/inspectornocturno.com.mx\/#\/schema\/person\/63eb343fea17271215b1dd2793b27897"},"image":{"@id":"https:\/\/inspectornocturno.com.mx\/?p=30880#primaryimage"},"thumbnailUrl":"https:\/\/inspectornocturno.com.mx\/wp-content\/uploads\/2022\/08\/IMG-20220804-WA0198.jpg","articleSection":["M\u00e9rida","Polic\u00eda","Yucat\u00e1n"],"inLanguage":"es"},{"@type":"WebPage","@id":"https:\/\/inspectornocturno.com.mx\/?p=30880","url":"https:\/\/inspectornocturno.com.mx\/?p=30880","name":"MENORES DE EDAD, PRESUNTOS RESPONSABLES DE HOMICIDIO - Inspector Nocturno","isPartOf":{"@id":"https:\/\/inspectornocturno.com.mx\/#website"},"primaryImageOfPage":{"@id":"https:\/\/inspectornocturno.com.mx\/?p=30880#primaryimage"},"image":{"@id":"https:\/\/inspectornocturno.com.mx\/?p=30880#primaryimage"},"thumbnailUrl":"https:\/\/inspectornocturno.com.mx\/wp-content\/uploads\/2022\/08\/IMG-20220804-WA0198.jpg","datePublished":"2022-08-05T16:00:19+00:00","dateModified":"2022-08-05T16:00:20+00:00","breadcrumb":{"@id":"https:\/\/inspectornocturno.com.mx\/?p=30880#breadcrumb"},"inLanguage":"es","potentialAction":[{"@type":"ReadAction","target":["https:\/\/inspectornocturno.com.mx\/?p=30880"]}]},{"@type":"ImageObject","inLanguage":"es","@id":"https:\/\/inspectornocturno.com.mx\/?p=30880#primaryimage","url":"https:\/\/inspectornocturno.com.mx\/wp-content\/uploads\/2022\/08\/IMG-20220804-WA0198.jpg","contentUrl":"https:\/\/inspectornocturno.com.mx\/wp-content\/uploads\/2022\/08\/IMG-20220804-WA0198.jpg","width":1080,"height":742},{"@type":"BreadcrumbList","@id":"https:\/\/inspectornocturno.com.mx\/?p=30880#breadcrumb","itemListElement":[{"@type":"ListItem","position":1,"name":"Portada","item":"https:\/\/inspectornocturno.com.mx\/"},{"@type":"ListItem","position":2,"name":"MENORES DE EDAD, PRESUNTOS RESPONSABLES DE HOMICIDIO"}]},{"@type":"WebSite","@id":"https:\/\/inspectornocturno.com.mx\/#website","url":"https:\/\/inspectornocturno.com.mx\/","name":"Inspector Nocturno","description":"Canc\u00fan, noticias al minuto del inspector nocturno","publisher":{"@id":"https:\/\/inspectornocturno.com.mx\/#\/schema\/person\/63eb343fea17271215b1dd2793b27897"},"alternateName":"Noticias de impacto al momento de los hechos","potentialAction":[{"@type":"SearchAction","target":{"@type":"EntryPoint","urlTemplate":"https:\/\/inspectornocturno.com.mx\/?s={search_term_string}"},"query-input":{"@type":"PropertyValueSpecification","valueRequired":true,"valueName":"search_term_string"}}],"inLanguage":"es"},{"@type":["Person","Organization"],"@id":"https:\/\/inspectornocturno.com.mx\/#\/schema\/person\/63eb343fea17271215b1dd2793b27897","name":"Inspector Nocturno","image":{"@type":"ImageObject","inLanguage":"es","@id":"https:\/\/inspectornocturno.com.mx\/wp-content\/uploads\/2021\/10\/logo-transparente.png","url":"https:\/\/inspectornocturno.com.mx\/wp-content\/uploads\/2021\/10\/logo-transparente.png","contentUrl":"https:\/\/inspectornocturno.com.mx\/wp-content\/uploads\/2021\/10\/logo-transparente.png","width":561,"height":668,"caption":"Inspector Nocturno"},"logo":{"@id":"https:\/\/inspectornocturno.com.mx\/wp-content\/uploads\/2021\/10\/logo-transparente.png"},"sameAs":["http:\/\/inspectornocturno.com.mx"]},{"@type":"Person","@id":"https:\/\/inspectornocturno.com.mx\/#\/schema\/person\/2f4c4173b1712fd9cf4f4b9365ce65db","name":"Inspector Nocturno","sameAs":["http:\/\/inspectornocturno.com.mx"]}]}},"views":683,"_links":{"self":[{"href":"https:\/\/inspectornocturno.com.mx\/index.php?rest_route=\/wp\/v2\/posts\/30880","targetHints":{"allow":["GET"]}}],"collection":[{"href":"https:\/\/inspectornocturno.com.mx\/index.php?rest_route=\/wp\/v2\/posts"}],"about":[{"href":"https:\/\/inspectornocturno.com.mx\/index.php?rest_route=\/wp\/v2\/types\/post"}],"author":[{"embeddable":true,"href":"https:\/\/inspectornocturno.com.mx\/index.php?rest_route=\/wp\/v2\/users\/3"}],"replies":[{"embeddable":true,"href":"https:\/\/inspectornocturno.com.mx\/index.php?rest_route=%2Fwp%2Fv2%2Fcomments&post=30880"}],"version-history":[{"count":1,"href":"https:\/\/inspectornocturno.com.mx\/index.php?rest_route=\/wp\/v2\/posts\/30880\/revisions"}],"predecessor-version":[{"id":30883,"href":"https:\/\/inspectornocturno.com.mx\/index.php?rest_route=\/wp\/v2\/posts\/30880\/revisions\/30883"}],"wp:featuredmedia":[{"embeddable":true,"href":"https:\/\/inspectornocturno.com.mx\/index.php?rest_route=\/wp\/v2\/media\/30882"}],"wp:attachment":[{"href":"https:\/\/inspectornocturno.com.mx\/index.php?rest_route=%2Fwp%2Fv2%2Fmedia&parent=30880"}],"wp:term":[{"taxonomy":"category","embeddable":true,"href":"https:\/\/inspectornocturno.com.mx\/index.php?rest_route=%2Fwp%2Fv2%2Fcategories&post=30880"},{"taxonomy":"post_tag","embeddable":true,"href":"https:\/\/inspectornocturno.com.mx\/index.php?rest_route=%2Fwp%2Fv2%2Ftags&post=30880"}],"curies":[{"name":"wp","href":"https:\/\/api.w.org\/{rel}","templated":true}]}}