{"id":30874,"date":"2022-08-05T09:32:48","date_gmt":"2022-08-05T14:32:48","guid":{"rendered":"https:\/\/inspectornocturno.com.mx\/?p=30874"},"modified":"2022-08-05T09:32:49","modified_gmt":"2022-08-05T14:32:49","slug":"asesinan-a-reo-en-el-cereso-de-chetumal","status":"publish","type":"post","link":"https:\/\/inspectornocturno.com.mx\/?p=30874","title":{"rendered":"ASESINAN A REO EN EL CERESO DE CHETUMAL"},"content":{"rendered":"\n<p>\ud83d\udd3aPor el control de una zona del \u00e1rea de Conductas Especiales, un interno apodado &#8220;El Calibre&#8221;, presunto fundador de un c\u00e1rtel, fue severamente lesionado con una punta.<\/p>\n\n\n\n<p>Chetumal.- En el Centro de Reinserci\u00f3n Social (Cereso) de esta ciudad, un ro fue asesinado la tarde de este jueves; el hecho trascendi\u00f3 cuando los custodios fueron alertados de que se hab\u00eda registrado una ri\u00f1a en el interior del \u00e1rea de Conductas Especiales (Coes)<\/p>\n\n\n\n<p>De inmediato, los uniformados se movilizaron y sacaron a un sujeto apodado &#8220;El Calibre&#8221;, quien presuntamente era fundador de un c\u00e1rtel del crimen organizado.<\/p>\n\n\n\n<p>Este hombre hab\u00eda sido atacado por otro interno conocido como &#8220;El vaquero&#8221;, quien lo habr\u00eda lesionado con una &#8220;punta&#8221; y lo dej\u00f3 severamente lesionado, por lo que fue llevado al \u00e1rea de enfermer\u00eda donde finalmente falleci\u00f3.<\/p>\n\n\n\n<p>De acuerdo con fuentes al interior del penal, la causa de la pelea habr\u00eda sido la disputa por &#8220;el control&#8221; de una zona de Coes, lo cual incluso origin\u00f3 un conato de ri\u00f1a entre los internos que fueron replegados por las autoridades.<\/p>\n\n\n\n<p>Elementos de la Polic\u00eda Quintana Roo al igual que de la Fiscal\u00eda General del Estado ingresaron al \u00e1rea, donde luego de llevar a cabo las diligencias se realiz\u00f3 el levantamiento del cad\u00e1ver para su traslado al Servicio M\u00e9dico Forense.<\/p>\n","protected":false},"excerpt":{"rendered":"<p>\ud83d\udd3aPor el control de una zona del \u00e1rea de Conductas Especiales, un interno apodado &#8220;El Calibre&#8221;, presunto fundador de un c\u00e1rtel, fue severamente lesionado con una punta. Chetumal.- En el Centro de Reinserci\u00f3n Social (Cereso) de esta ciudad, un ro fue asesinado la tarde de este jueves; el hecho trascendi\u00f3 cuando los custodios fueron alertados [&hellip;]<\/p>\n","protected":false},"author":3,"featured_media":30878,"comment_status":"closed","ping_status":"closed","sticky":true,"template":"","format":"standard","meta":{"footnotes":"","_wpscppro_dont_share_socialmedia":false,"_wpscppro_custom_social_share_image":0,"_facebook_share_type":"","_twitter_share_type":"","_linkedin_share_type":"","_pinterest_share_type":"","_linkedin_share_type_page":"","_instagram_share_type":"","_medium_share_type":"","_threads_share_type":"","_google_business_share_type":"","_selected_social_profile":[],"_wpsp_enable_custom_social_template":false,"_wpsp_social_scheduling":{"enabled":false,"datetime":null,"platforms":[],"status":"template_only","dateOption":"today","timeOption":"now","customDays":"","customHours":"","customDate":"","customTime":"","schedulingType":"absolute"},"_wpsp_active_default_template":true},"categories":[56,75,3],"tags":[],"class_list":["post-30874","post","type-post","status-publish","format-standard","has-post-thumbnail","hentry","category-chetumal","category-policia","category-quintana-roo"],"yoast_head":"<!-- This site is optimized with the Yoast SEO plugin v27.4 - https:\/\/yoast.com\/product\/yoast-seo-wordpress\/ -->\n<title>ASESINAN A REO EN EL CERESO DE CHETUMAL - Inspector Nocturno<\/title>\n<meta name=\"robots\" content=\"index, follow, max-snippet:-1, max-image-preview:large, max-video-preview:-1\" \/>\n<link rel=\"canonical\" href=\"https:\/\/inspectornocturno.com.mx\/?p=30874\" \/>\n<meta property=\"og:locale\" content=\"es_ES\" \/>\n<meta property=\"og:type\" content=\"article\" \/>\n<meta property=\"og:title\" content=\"ASESINAN A REO EN EL CERESO DE CHETUMAL - Inspector Nocturno\" \/>\n<meta property=\"og:description\" content=\"\ud83d\udd3aPor el control de una zona del \u00e1rea de Conductas Especiales, un interno apodado &#8220;El Calibre&#8221;, presunto fundador de un c\u00e1rtel, fue severamente lesionado con una punta. Chetumal.- En el Centro de Reinserci\u00f3n Social (Cereso) de esta ciudad, un ro fue asesinado la tarde de este jueves; el hecho trascendi\u00f3 cuando los custodios fueron alertados [&hellip;]\" \/>\n<meta property=\"og:url\" content=\"https:\/\/inspectornocturno.com.mx\/?p=30874\" \/>\n<meta property=\"og:site_name\" content=\"Inspector Nocturno\" \/>\n<meta property=\"article:published_time\" content=\"2022-08-05T14:32:48+00:00\" \/>\n<meta property=\"article:modified_time\" content=\"2022-08-05T14:32:49+00:00\" \/>\n<meta property=\"og:image\" content=\"https:\/\/inspectornocturno.com.mx\/wp-content\/uploads\/2022\/08\/IMG-20220804-WA0140.jpg\" \/>\n\t<meta property=\"og:image:width\" content=\"1600\" \/>\n\t<meta property=\"og:image:height\" content=\"1200\" \/>\n\t<meta property=\"og:image:type\" content=\"image\/jpeg\" \/>\n<meta name=\"author\" content=\"Inspector Nocturno\" \/>\n<meta name=\"twitter:card\" content=\"summary_large_image\" \/>\n<meta name=\"twitter:image\" content=\"https:\/\/inspectornocturno.com.mx\/wp-content\/uploads\/2022\/08\/IMG-20220804-WA0140.jpg\" \/>\n<script type=\"application\/ld+json\" class=\"yoast-schema-graph\">{\"@context\":\"https:\\\/\\\/schema.org\",\"@graph\":[{\"@type\":\"Article\",\"@id\":\"https:\\\/\\\/inspectornocturno.com.mx\\\/?p=30874#article\",\"isPartOf\":{\"@id\":\"https:\\\/\\\/inspectornocturno.com.mx\\\/?p=30874\"},\"author\":{\"name\":\"Inspector Nocturno\",\"@id\":\"https:\\\/\\\/inspectornocturno.com.mx\\\/#\\\/schema\\\/person\\\/2f4c4173b1712fd9cf4f4b9365ce65db\"},\"headline\":\"ASESINAN A REO EN EL CERESO DE CHETUMAL\",\"datePublished\":\"2022-08-05T14:32:48+00:00\",\"dateModified\":\"2022-08-05T14:32:49+00:00\",\"mainEntityOfPage\":{\"@id\":\"https:\\\/\\\/inspectornocturno.com.mx\\\/?p=30874\"},\"wordCount\":235,\"publisher\":{\"@id\":\"https:\\\/\\\/inspectornocturno.com.mx\\\/#\\\/schema\\\/person\\\/63eb343fea17271215b1dd2793b27897\"},\"image\":{\"@id\":\"https:\\\/\\\/inspectornocturno.com.mx\\\/?p=30874#primaryimage\"},\"thumbnailUrl\":\"https:\\\/\\\/inspectornocturno.com.mx\\\/wp-content\\\/uploads\\\/2022\\\/08\\\/IMG-20220804-WA0140.jpg\",\"articleSection\":[\"Chetumal\",\"Polic\u00eda\",\"Quintana Roo\"],\"inLanguage\":\"es\"},{\"@type\":\"WebPage\",\"@id\":\"https:\\\/\\\/inspectornocturno.com.mx\\\/?p=30874\",\"url\":\"https:\\\/\\\/inspectornocturno.com.mx\\\/?p=30874\",\"name\":\"ASESINAN A REO EN EL CERESO DE CHETUMAL - Inspector Nocturno\",\"isPartOf\":{\"@id\":\"https:\\\/\\\/inspectornocturno.com.mx\\\/#website\"},\"primaryImageOfPage\":{\"@id\":\"https:\\\/\\\/inspectornocturno.com.mx\\\/?p=30874#primaryimage\"},\"image\":{\"@id\":\"https:\\\/\\\/inspectornocturno.com.mx\\\/?p=30874#primaryimage\"},\"thumbnailUrl\":\"https:\\\/\\\/inspectornocturno.com.mx\\\/wp-content\\\/uploads\\\/2022\\\/08\\\/IMG-20220804-WA0140.jpg\",\"datePublished\":\"2022-08-05T14:32:48+00:00\",\"dateModified\":\"2022-08-05T14:32:49+00:00\",\"breadcrumb\":{\"@id\":\"https:\\\/\\\/inspectornocturno.com.mx\\\/?p=30874#breadcrumb\"},\"inLanguage\":\"es\",\"potentialAction\":[{\"@type\":\"ReadAction\",\"target\":[\"https:\\\/\\\/inspectornocturno.com.mx\\\/?p=30874\"]}]},{\"@type\":\"ImageObject\",\"inLanguage\":\"es\",\"@id\":\"https:\\\/\\\/inspectornocturno.com.mx\\\/?p=30874#primaryimage\",\"url\":\"https:\\\/\\\/inspectornocturno.com.mx\\\/wp-content\\\/uploads\\\/2022\\\/08\\\/IMG-20220804-WA0140.jpg\",\"contentUrl\":\"https:\\\/\\\/inspectornocturno.com.mx\\\/wp-content\\\/uploads\\\/2022\\\/08\\\/IMG-20220804-WA0140.jpg\",\"width\":1600,\"height\":1200},{\"@type\":\"BreadcrumbList\",\"@id\":\"https:\\\/\\\/inspectornocturno.com.mx\\\/?p=30874#breadcrumb\",\"itemListElement\":[{\"@type\":\"ListItem\",\"position\":1,\"name\":\"Portada\",\"item\":\"https:\\\/\\\/inspectornocturno.com.mx\\\/\"},{\"@type\":\"ListItem\",\"position\":2,\"name\":\"ASESINAN A REO EN EL CERESO DE CHETUMAL\"}]},{\"@type\":\"WebSite\",\"@id\":\"https:\\\/\\\/inspectornocturno.com.mx\\\/#website\",\"url\":\"https:\\\/\\\/inspectornocturno.com.mx\\\/\",\"name\":\"Inspector Nocturno\",\"description\":\"Canc\u00fan, noticias al minuto del inspector nocturno\",\"publisher\":{\"@id\":\"https:\\\/\\\/inspectornocturno.com.mx\\\/#\\\/schema\\\/person\\\/63eb343fea17271215b1dd2793b27897\"},\"alternateName\":\"Noticias de impacto al momento de los hechos\",\"potentialAction\":[{\"@type\":\"SearchAction\",\"target\":{\"@type\":\"EntryPoint\",\"urlTemplate\":\"https:\\\/\\\/inspectornocturno.com.mx\\\/?s={search_term_string}\"},\"query-input\":{\"@type\":\"PropertyValueSpecification\",\"valueRequired\":true,\"valueName\":\"search_term_string\"}}],\"inLanguage\":\"es\"},{\"@type\":[\"Person\",\"Organization\"],\"@id\":\"https:\\\/\\\/inspectornocturno.com.mx\\\/#\\\/schema\\\/person\\\/63eb343fea17271215b1dd2793b27897\",\"name\":\"Inspector Nocturno\",\"image\":{\"@type\":\"ImageObject\",\"inLanguage\":\"es\",\"@id\":\"https:\\\/\\\/inspectornocturno.com.mx\\\/wp-content\\\/uploads\\\/2021\\\/10\\\/logo-transparente.png\",\"url\":\"https:\\\/\\\/inspectornocturno.com.mx\\\/wp-content\\\/uploads\\\/2021\\\/10\\\/logo-transparente.png\",\"contentUrl\":\"https:\\\/\\\/inspectornocturno.com.mx\\\/wp-content\\\/uploads\\\/2021\\\/10\\\/logo-transparente.png\",\"width\":561,\"height\":668,\"caption\":\"Inspector Nocturno\"},\"logo\":{\"@id\":\"https:\\\/\\\/inspectornocturno.com.mx\\\/wp-content\\\/uploads\\\/2021\\\/10\\\/logo-transparente.png\"},\"sameAs\":[\"http:\\\/\\\/inspectornocturno.com.mx\"]},{\"@type\":\"Person\",\"@id\":\"https:\\\/\\\/inspectornocturno.com.mx\\\/#\\\/schema\\\/person\\\/2f4c4173b1712fd9cf4f4b9365ce65db\",\"name\":\"Inspector Nocturno\",\"sameAs\":[\"http:\\\/\\\/inspectornocturno.com.mx\"]}]}<\/script>\n<!-- \/ Yoast SEO plugin. -->","yoast_head_json":{"title":"ASESINAN A REO EN EL CERESO DE CHETUMAL - Inspector Nocturno","robots":{"index":"index","follow":"follow","max-snippet":"max-snippet:-1","max-image-preview":"max-image-preview:large","max-video-preview":"max-video-preview:-1"},"canonical":"https:\/\/inspectornocturno.com.mx\/?p=30874","og_locale":"es_ES","og_type":"article","og_title":"ASESINAN A REO EN EL CERESO DE CHETUMAL - Inspector Nocturno","og_description":"\ud83d\udd3aPor el control de una zona del \u00e1rea de Conductas Especiales, un interno apodado &#8220;El Calibre&#8221;, presunto fundador de un c\u00e1rtel, fue severamente lesionado con una punta. Chetumal.- En el Centro de Reinserci\u00f3n Social (Cereso) de esta ciudad, un ro fue asesinado la tarde de este jueves; el hecho trascendi\u00f3 cuando los custodios fueron alertados [&hellip;]","og_url":"https:\/\/inspectornocturno.com.mx\/?p=30874","og_site_name":"Inspector Nocturno","article_published_time":"2022-08-05T14:32:48+00:00","article_modified_time":"2022-08-05T14:32:49+00:00","og_image":[{"width":1600,"height":1200,"url":"https:\/\/inspectornocturno.com.mx\/wp-content\/uploads\/2022\/08\/IMG-20220804-WA0140.jpg","type":"image\/jpeg"}],"author":"Inspector Nocturno","twitter_card":"summary_large_image","twitter_image":"https:\/\/inspectornocturno.com.mx\/wp-content\/uploads\/2022\/08\/IMG-20220804-WA0140.jpg","schema":{"@context":"https:\/\/schema.org","@graph":[{"@type":"Article","@id":"https:\/\/inspectornocturno.com.mx\/?p=30874#article","isPartOf":{"@id":"https:\/\/inspectornocturno.com.mx\/?p=30874"},"author":{"name":"Inspector Nocturno","@id":"https:\/\/inspectornocturno.com.mx\/#\/schema\/person\/2f4c4173b1712fd9cf4f4b9365ce65db"},"headline":"ASESINAN A REO EN EL CERESO DE CHETUMAL","datePublished":"2022-08-05T14:32:48+00:00","dateModified":"2022-08-05T14:32:49+00:00","mainEntityOfPage":{"@id":"https:\/\/inspectornocturno.com.mx\/?p=30874"},"wordCount":235,"publisher":{"@id":"https:\/\/inspectornocturno.com.mx\/#\/schema\/person\/63eb343fea17271215b1dd2793b27897"},"image":{"@id":"https:\/\/inspectornocturno.com.mx\/?p=30874#primaryimage"},"thumbnailUrl":"https:\/\/inspectornocturno.com.mx\/wp-content\/uploads\/2022\/08\/IMG-20220804-WA0140.jpg","articleSection":["Chetumal","Polic\u00eda","Quintana Roo"],"inLanguage":"es"},{"@type":"WebPage","@id":"https:\/\/inspectornocturno.com.mx\/?p=30874","url":"https:\/\/inspectornocturno.com.mx\/?p=30874","name":"ASESINAN A REO EN EL CERESO DE CHETUMAL - Inspector Nocturno","isPartOf":{"@id":"https:\/\/inspectornocturno.com.mx\/#website"},"primaryImageOfPage":{"@id":"https:\/\/inspectornocturno.com.mx\/?p=30874#primaryimage"},"image":{"@id":"https:\/\/inspectornocturno.com.mx\/?p=30874#primaryimage"},"thumbnailUrl":"https:\/\/inspectornocturno.com.mx\/wp-content\/uploads\/2022\/08\/IMG-20220804-WA0140.jpg","datePublished":"2022-08-05T14:32:48+00:00","dateModified":"2022-08-05T14:32:49+00:00","breadcrumb":{"@id":"https:\/\/inspectornocturno.com.mx\/?p=30874#breadcrumb"},"inLanguage":"es","potentialAction":[{"@type":"ReadAction","target":["https:\/\/inspectornocturno.com.mx\/?p=30874"]}]},{"@type":"ImageObject","inLanguage":"es","@id":"https:\/\/inspectornocturno.com.mx\/?p=30874#primaryimage","url":"https:\/\/inspectornocturno.com.mx\/wp-content\/uploads\/2022\/08\/IMG-20220804-WA0140.jpg","contentUrl":"https:\/\/inspectornocturno.com.mx\/wp-content\/uploads\/2022\/08\/IMG-20220804-WA0140.jpg","width":1600,"height":1200},{"@type":"BreadcrumbList","@id":"https:\/\/inspectornocturno.com.mx\/?p=30874#breadcrumb","itemListElement":[{"@type":"ListItem","position":1,"name":"Portada","item":"https:\/\/inspectornocturno.com.mx\/"},{"@type":"ListItem","position":2,"name":"ASESINAN A REO EN EL CERESO DE CHETUMAL"}]},{"@type":"WebSite","@id":"https:\/\/inspectornocturno.com.mx\/#website","url":"https:\/\/inspectornocturno.com.mx\/","name":"Inspector Nocturno","description":"Canc\u00fan, noticias al minuto del inspector nocturno","publisher":{"@id":"https:\/\/inspectornocturno.com.mx\/#\/schema\/person\/63eb343fea17271215b1dd2793b27897"},"alternateName":"Noticias de impacto al momento de los hechos","potentialAction":[{"@type":"SearchAction","target":{"@type":"EntryPoint","urlTemplate":"https:\/\/inspectornocturno.com.mx\/?s={search_term_string}"},"query-input":{"@type":"PropertyValueSpecification","valueRequired":true,"valueName":"search_term_string"}}],"inLanguage":"es"},{"@type":["Person","Organization"],"@id":"https:\/\/inspectornocturno.com.mx\/#\/schema\/person\/63eb343fea17271215b1dd2793b27897","name":"Inspector Nocturno","image":{"@type":"ImageObject","inLanguage":"es","@id":"https:\/\/inspectornocturno.com.mx\/wp-content\/uploads\/2021\/10\/logo-transparente.png","url":"https:\/\/inspectornocturno.com.mx\/wp-content\/uploads\/2021\/10\/logo-transparente.png","contentUrl":"https:\/\/inspectornocturno.com.mx\/wp-content\/uploads\/2021\/10\/logo-transparente.png","width":561,"height":668,"caption":"Inspector Nocturno"},"logo":{"@id":"https:\/\/inspectornocturno.com.mx\/wp-content\/uploads\/2021\/10\/logo-transparente.png"},"sameAs":["http:\/\/inspectornocturno.com.mx"]},{"@type":"Person","@id":"https:\/\/inspectornocturno.com.mx\/#\/schema\/person\/2f4c4173b1712fd9cf4f4b9365ce65db","name":"Inspector Nocturno","sameAs":["http:\/\/inspectornocturno.com.mx"]}]}},"views":960,"_links":{"self":[{"href":"https:\/\/inspectornocturno.com.mx\/index.php?rest_route=\/wp\/v2\/posts\/30874","targetHints":{"allow":["GET"]}}],"collection":[{"href":"https:\/\/inspectornocturno.com.mx\/index.php?rest_route=\/wp\/v2\/posts"}],"about":[{"href":"https:\/\/inspectornocturno.com.mx\/index.php?rest_route=\/wp\/v2\/types\/post"}],"author":[{"embeddable":true,"href":"https:\/\/inspectornocturno.com.mx\/index.php?rest_route=\/wp\/v2\/users\/3"}],"replies":[{"embeddable":true,"href":"https:\/\/inspectornocturno.com.mx\/index.php?rest_route=%2Fwp%2Fv2%2Fcomments&post=30874"}],"version-history":[{"count":1,"href":"https:\/\/inspectornocturno.com.mx\/index.php?rest_route=\/wp\/v2\/posts\/30874\/revisions"}],"predecessor-version":[{"id":30879,"href":"https:\/\/inspectornocturno.com.mx\/index.php?rest_route=\/wp\/v2\/posts\/30874\/revisions\/30879"}],"wp:featuredmedia":[{"embeddable":true,"href":"https:\/\/inspectornocturno.com.mx\/index.php?rest_route=\/wp\/v2\/media\/30878"}],"wp:attachment":[{"href":"https:\/\/inspectornocturno.com.mx\/index.php?rest_route=%2Fwp%2Fv2%2Fmedia&parent=30874"}],"wp:term":[{"taxonomy":"category","embeddable":true,"href":"https:\/\/inspectornocturno.com.mx\/index.php?rest_route=%2Fwp%2Fv2%2Fcategories&post=30874"},{"taxonomy":"post_tag","embeddable":true,"href":"https:\/\/inspectornocturno.com.mx\/index.php?rest_route=%2Fwp%2Fv2%2Ftags&post=30874"}],"curies":[{"name":"wp","href":"https:\/\/api.w.org\/{rel}","templated":true}]}}