{"id":25549,"date":"2022-06-04T12:06:15","date_gmt":"2022-06-04T17:06:15","guid":{"rendered":"https:\/\/inspectornocturno.com.mx\/?p=25549"},"modified":"2022-06-04T12:06:16","modified_gmt":"2022-06-04T17:06:16","slug":"detienen-a-presunto-asesino-en-serie","status":"publish","type":"post","link":"https:\/\/inspectornocturno.com.mx\/?p=25549","title":{"rendered":"DETIENEN A PRESUNTO ASESINO EN SERIE"},"content":{"rendered":"\n<p>\ud83d\udd3aSeg\u00fan inform\u00f3 Ricardo Mej\u00eda, subsecretario de Seguridad P\u00fablica federal, al detenido se le vincula con al menos siete feminicidios.<\/p>\n\n\n\n<p>San Juan del R\u00edo, Quer\u00e9taro.- Un hombre originario de C\u00f3rdoba, Veracruz, fue detenido el mi\u00e9rcoles 1 de junio junto con una mujer en San Juan del R\u00edo, Quer\u00e9taro. Se cree que podr\u00eda estar involucrado en el asesinato de al menos siete mujeres.<\/p>\n\n\n\n<p>Al parecer, el detenido atra\u00eda a sus v\u00edctimas a trav\u00e9s de anuncios de trabajo falsos que publicaba en las redes sociales y se ve\u00eda con ellas en lugares p\u00fablicos. Despu\u00e9s, las secuestraba, abusaba sexualmente de ellas y las mataba.<\/p>\n\n\n\n<p>El presunto asesino en serie, identificado por las autoridades como Greek Rom\u00e1n &#8220;N&#8221;, de 38 a\u00f1os, habr\u00eda utilizado diversas identidades falsas, como Juan Carlos Gasperin Arroyo, Juan Carlos Gasperin Villalobos, Ricardo Dereck Acevedo Beristain, Ricardo Crivelli Sousa o Ricardo Villalobos. Actuaba por un amplio territorio del pa\u00eds, ya que sus v\u00edctimas viv\u00edan en Veracruz, Puebla, Hidalgo y Morelos.<\/p>\n\n\n\n<p>Las autoridades mexicanas tienen im\u00e1genes de c\u00e1maras de vigilancia de dos estados en las que se aprecia al hombre reuni\u00e9ndose con las v\u00edctimas en lugares p\u00fablicos y, en uno de los casos, llev\u00e1ndose a una mujer en una motocicleta.<\/p>\n\n\n\n<p>&#8220;Podemos se\u00f1alar que Greek Rom\u00e1n &#8216;N&#8217; es un feminicida serial, donde hay cuando menos siete casos de feminicidio que pudieran estar vinculados con esta persona&#8221;, declar\u00f3 este jueves el subsecretario de Seguridad P\u00fablica, Ricardo Mej\u00eda, durante la conferencia ma\u00f1anera del presidente Andr\u00e9s Manuel L\u00f3pez Obrador.<\/p>\n\n\n\n<h2 class=\"wp-block-heading\">El \u00faltimo caso: Viridiana Moreno<\/h2>\n\n\n\n<p>El \u00faltimo caso fue el asesinato de Viridiana Moreno, una mujer de 31 a\u00f1os que desapareci\u00f3 en el estado de Veracruz despu\u00e9s de acudir a una entrevista de trabajo el pasado 18 de mayo.<\/p>\n\n\n\n<p>&#8220;Sali\u00f3 de su casa en Cardel, Veracruz, y se dirigi\u00f3 al hotel Bienvenido para asistir a una supuesta entrevista de trabajo que hab\u00eda conseguido con alguien en Facebook&#8221;, inform\u00f3 Mej\u00eda.<\/p>\n\n\n\n<p>La mujer, madre de un ni\u00f1o de 10 a\u00f1os y estudiante de Educaci\u00f3n F\u00edsica, se interes\u00f3 por una oferta laboral como recepcionista de un hotel con un sueldo de 1.800 pesos semanales. No se la volvi\u00f3 a ver con vida.<\/p>\n\n\n\n<p>Tras su desaparici\u00f3n, su familia hizo p\u00fablico su caso y organiz\u00f3 manifestaciones y otros actos para exigir diligencia policial. Pocos d\u00edas despu\u00e9s, el cad\u00e1ver de Moreno fue hallado repartido en varias bolsas de pl\u00e1stico en la comunidad de Chachalacas.<\/p>\n\n\n\n<p>A pesar de que la familia no est\u00e1 segura de la identidad de los restos, las autoridades dicen tener pruebas dactilares que lo confirmar\u00edan.<\/p>\n\n\n\n<p>El jueves 2, la Fiscal\u00eda de Morelos inform\u00f3 de que el detenido tambi\u00e9n era el responsable de la muerte de Evelyn Afiune, una joven estudiante de 22 a\u00f1os que tambi\u00e9n buscaba trabajo.<\/p>\n\n\n\n<p>La v\u00edctima se habr\u00eda reunido con el sospechoso, en este caso en una cafeter\u00eda de Cuautla, el 24 de marzo, respondiendo a un anuncio de Facebook sobre una oferta de empleo.<\/p>\n\n\n\n<p>Tras unos minutos, Afiune habr\u00eda sido llevada a una barber\u00eda, donde se habr\u00eda llevado a cabo el asesinato.<\/p>\n\n\n\n<p>Tres d\u00edas despu\u00e9s fue encontrado su cuerpo con signos de haber sido golpeada, abusada sexualmente y estrangulada.<\/p>\n\n\n\n<p>Las c\u00e1maras de seguridad mostraban al detenido saliendo de la barber\u00eda con bolsas de pl\u00e1stico.<\/p>\n\n\n\n<p>La Fiscal\u00eda de Morelos inform\u00f3 tambi\u00e9n de que el individuo enfrentaba desde 2012 penas por el delito de violaci\u00f3n en el estado de Veracruz, lo que espole\u00f3 la cooperaci\u00f3n interestatal.<\/p>\n\n\n\n<p>Fuente: RT.<\/p>\n","protected":false},"excerpt":{"rendered":"<p>\ud83d\udd3aSeg\u00fan inform\u00f3 Ricardo Mej\u00eda, subsecretario de Seguridad P\u00fablica federal, al detenido se le vincula con al menos siete feminicidios. San Juan del R\u00edo, Quer\u00e9taro.- Un hombre originario de C\u00f3rdoba, Veracruz, fue detenido el mi\u00e9rcoles 1 de junio junto con una mujer en San Juan del R\u00edo, Quer\u00e9taro. Se cree que podr\u00eda estar involucrado en el [&hellip;]<\/p>\n","protected":false},"author":7,"featured_media":25543,"comment_status":"closed","ping_status":"closed","sticky":false,"template":"","format":"standard","meta":{"footnotes":"","_wpscppro_dont_share_socialmedia":false,"_wpscppro_custom_social_share_image":0,"_facebook_share_type":"","_twitter_share_type":"","_linkedin_share_type":"","_pinterest_share_type":"","_linkedin_share_type_page":"","_instagram_share_type":"","_medium_share_type":"","_threads_share_type":"","_google_business_share_type":"","_selected_social_profile":[],"_wpsp_enable_custom_social_template":false,"_wpsp_social_scheduling":{"enabled":false,"datetime":null,"platforms":[],"status":"template_only","dateOption":"today","timeOption":"now","customDays":"","customHours":"","customDate":"","customTime":"","schedulingType":"absolute"},"_wpsp_active_default_template":true},"categories":[65,75],"tags":[],"class_list":["post-25549","post","type-post","status-publish","format-standard","has-post-thumbnail","hentry","category-mexico","category-policia"],"yoast_head":"<!-- This site is optimized with the Yoast SEO plugin v27.4 - https:\/\/yoast.com\/product\/yoast-seo-wordpress\/ -->\n<title>DETIENEN A PRESUNTO ASESINO EN SERIE - Inspector Nocturno<\/title>\n<meta name=\"robots\" content=\"index, follow, max-snippet:-1, max-image-preview:large, max-video-preview:-1\" \/>\n<link rel=\"canonical\" href=\"https:\/\/inspectornocturno.com.mx\/?p=25549\" \/>\n<meta property=\"og:locale\" content=\"es_ES\" \/>\n<meta property=\"og:type\" content=\"article\" \/>\n<meta property=\"og:title\" content=\"DETIENEN A PRESUNTO ASESINO EN SERIE - Inspector Nocturno\" \/>\n<meta property=\"og:description\" content=\"\ud83d\udd3aSeg\u00fan inform\u00f3 Ricardo Mej\u00eda, subsecretario de Seguridad P\u00fablica federal, al detenido se le vincula con al menos siete feminicidios. San Juan del R\u00edo, Quer\u00e9taro.- Un hombre originario de C\u00f3rdoba, Veracruz, fue detenido el mi\u00e9rcoles 1 de junio junto con una mujer en San Juan del R\u00edo, Quer\u00e9taro. Se cree que podr\u00eda estar involucrado en el [&hellip;]\" \/>\n<meta property=\"og:url\" content=\"https:\/\/inspectornocturno.com.mx\/?p=25549\" \/>\n<meta property=\"og:site_name\" content=\"Inspector Nocturno\" \/>\n<meta property=\"article:published_time\" content=\"2022-06-04T17:06:15+00:00\" \/>\n<meta property=\"article:modified_time\" content=\"2022-06-04T17:06:16+00:00\" \/>\n<meta property=\"og:image\" content=\"https:\/\/inspectornocturno.com.mx\/wp-content\/uploads\/2022\/06\/20220604_111416.jpg\" \/>\n\t<meta property=\"og:image:width\" content=\"1280\" \/>\n\t<meta property=\"og:image:height\" content=\"720\" \/>\n\t<meta property=\"og:image:type\" content=\"image\/jpeg\" \/>\n<meta name=\"author\" content=\"Inspector Nocturno\" \/>\n<meta name=\"twitter:card\" content=\"summary_large_image\" \/>\n<meta name=\"twitter:image\" content=\"https:\/\/inspectornocturno.com.mx\/wp-content\/uploads\/2022\/06\/20220604_111416.jpg\" \/>\n<script type=\"application\/ld+json\" class=\"yoast-schema-graph\">{\"@context\":\"https:\\\/\\\/schema.org\",\"@graph\":[{\"@type\":\"Article\",\"@id\":\"https:\\\/\\\/inspectornocturno.com.mx\\\/?p=25549#article\",\"isPartOf\":{\"@id\":\"https:\\\/\\\/inspectornocturno.com.mx\\\/?p=25549\"},\"author\":{\"name\":\"Inspector Nocturno\",\"@id\":\"https:\\\/\\\/inspectornocturno.com.mx\\\/#\\\/schema\\\/person\\\/969c25a2260bdff0de14d7ccb1e77752\"},\"headline\":\"DETIENEN A PRESUNTO ASESINO EN SERIE\",\"datePublished\":\"2022-06-04T17:06:15+00:00\",\"dateModified\":\"2022-06-04T17:06:16+00:00\",\"mainEntityOfPage\":{\"@id\":\"https:\\\/\\\/inspectornocturno.com.mx\\\/?p=25549\"},\"wordCount\":625,\"publisher\":{\"@id\":\"https:\\\/\\\/inspectornocturno.com.mx\\\/#\\\/schema\\\/person\\\/63eb343fea17271215b1dd2793b27897\"},\"image\":{\"@id\":\"https:\\\/\\\/inspectornocturno.com.mx\\\/?p=25549#primaryimage\"},\"thumbnailUrl\":\"https:\\\/\\\/inspectornocturno.com.mx\\\/wp-content\\\/uploads\\\/2022\\\/06\\\/20220604_111416.jpg\",\"articleSection\":[\"M\u00e9xico\",\"Polic\u00eda\"],\"inLanguage\":\"es\"},{\"@type\":\"WebPage\",\"@id\":\"https:\\\/\\\/inspectornocturno.com.mx\\\/?p=25549\",\"url\":\"https:\\\/\\\/inspectornocturno.com.mx\\\/?p=25549\",\"name\":\"DETIENEN A PRESUNTO ASESINO EN SERIE - Inspector Nocturno\",\"isPartOf\":{\"@id\":\"https:\\\/\\\/inspectornocturno.com.mx\\\/#website\"},\"primaryImageOfPage\":{\"@id\":\"https:\\\/\\\/inspectornocturno.com.mx\\\/?p=25549#primaryimage\"},\"image\":{\"@id\":\"https:\\\/\\\/inspectornocturno.com.mx\\\/?p=25549#primaryimage\"},\"thumbnailUrl\":\"https:\\\/\\\/inspectornocturno.com.mx\\\/wp-content\\\/uploads\\\/2022\\\/06\\\/20220604_111416.jpg\",\"datePublished\":\"2022-06-04T17:06:15+00:00\",\"dateModified\":\"2022-06-04T17:06:16+00:00\",\"breadcrumb\":{\"@id\":\"https:\\\/\\\/inspectornocturno.com.mx\\\/?p=25549#breadcrumb\"},\"inLanguage\":\"es\",\"potentialAction\":[{\"@type\":\"ReadAction\",\"target\":[\"https:\\\/\\\/inspectornocturno.com.mx\\\/?p=25549\"]}]},{\"@type\":\"ImageObject\",\"inLanguage\":\"es\",\"@id\":\"https:\\\/\\\/inspectornocturno.com.mx\\\/?p=25549#primaryimage\",\"url\":\"https:\\\/\\\/inspectornocturno.com.mx\\\/wp-content\\\/uploads\\\/2022\\\/06\\\/20220604_111416.jpg\",\"contentUrl\":\"https:\\\/\\\/inspectornocturno.com.mx\\\/wp-content\\\/uploads\\\/2022\\\/06\\\/20220604_111416.jpg\",\"width\":1280,\"height\":720},{\"@type\":\"BreadcrumbList\",\"@id\":\"https:\\\/\\\/inspectornocturno.com.mx\\\/?p=25549#breadcrumb\",\"itemListElement\":[{\"@type\":\"ListItem\",\"position\":1,\"name\":\"Portada\",\"item\":\"https:\\\/\\\/inspectornocturno.com.mx\\\/\"},{\"@type\":\"ListItem\",\"position\":2,\"name\":\"DETIENEN A PRESUNTO ASESINO EN SERIE\"}]},{\"@type\":\"WebSite\",\"@id\":\"https:\\\/\\\/inspectornocturno.com.mx\\\/#website\",\"url\":\"https:\\\/\\\/inspectornocturno.com.mx\\\/\",\"name\":\"Inspector Nocturno\",\"description\":\"Canc\u00fan, noticias al minuto del inspector nocturno\",\"publisher\":{\"@id\":\"https:\\\/\\\/inspectornocturno.com.mx\\\/#\\\/schema\\\/person\\\/63eb343fea17271215b1dd2793b27897\"},\"alternateName\":\"Noticias de impacto al momento de los hechos\",\"potentialAction\":[{\"@type\":\"SearchAction\",\"target\":{\"@type\":\"EntryPoint\",\"urlTemplate\":\"https:\\\/\\\/inspectornocturno.com.mx\\\/?s={search_term_string}\"},\"query-input\":{\"@type\":\"PropertyValueSpecification\",\"valueRequired\":true,\"valueName\":\"search_term_string\"}}],\"inLanguage\":\"es\"},{\"@type\":[\"Person\",\"Organization\"],\"@id\":\"https:\\\/\\\/inspectornocturno.com.mx\\\/#\\\/schema\\\/person\\\/63eb343fea17271215b1dd2793b27897\",\"name\":\"Inspector Nocturno\",\"image\":{\"@type\":\"ImageObject\",\"inLanguage\":\"es\",\"@id\":\"https:\\\/\\\/inspectornocturno.com.mx\\\/wp-content\\\/uploads\\\/2021\\\/10\\\/logo-transparente.png\",\"url\":\"https:\\\/\\\/inspectornocturno.com.mx\\\/wp-content\\\/uploads\\\/2021\\\/10\\\/logo-transparente.png\",\"contentUrl\":\"https:\\\/\\\/inspectornocturno.com.mx\\\/wp-content\\\/uploads\\\/2021\\\/10\\\/logo-transparente.png\",\"width\":561,\"height\":668,\"caption\":\"Inspector Nocturno\"},\"logo\":{\"@id\":\"https:\\\/\\\/inspectornocturno.com.mx\\\/wp-content\\\/uploads\\\/2021\\\/10\\\/logo-transparente.png\"},\"sameAs\":[\"http:\\\/\\\/inspectornocturno.com.mx\"]},{\"@type\":\"Person\",\"@id\":\"https:\\\/\\\/inspectornocturno.com.mx\\\/#\\\/schema\\\/person\\\/969c25a2260bdff0de14d7ccb1e77752\",\"name\":\"Inspector Nocturno\"}]}<\/script>\n<!-- \/ Yoast SEO plugin. -->","yoast_head_json":{"title":"DETIENEN A PRESUNTO ASESINO EN SERIE - Inspector Nocturno","robots":{"index":"index","follow":"follow","max-snippet":"max-snippet:-1","max-image-preview":"max-image-preview:large","max-video-preview":"max-video-preview:-1"},"canonical":"https:\/\/inspectornocturno.com.mx\/?p=25549","og_locale":"es_ES","og_type":"article","og_title":"DETIENEN A PRESUNTO ASESINO EN SERIE - Inspector Nocturno","og_description":"\ud83d\udd3aSeg\u00fan inform\u00f3 Ricardo Mej\u00eda, subsecretario de Seguridad P\u00fablica federal, al detenido se le vincula con al menos siete feminicidios. San Juan del R\u00edo, Quer\u00e9taro.- Un hombre originario de C\u00f3rdoba, Veracruz, fue detenido el mi\u00e9rcoles 1 de junio junto con una mujer en San Juan del R\u00edo, Quer\u00e9taro. Se cree que podr\u00eda estar involucrado en el [&hellip;]","og_url":"https:\/\/inspectornocturno.com.mx\/?p=25549","og_site_name":"Inspector Nocturno","article_published_time":"2022-06-04T17:06:15+00:00","article_modified_time":"2022-06-04T17:06:16+00:00","og_image":[{"width":1280,"height":720,"url":"https:\/\/inspectornocturno.com.mx\/wp-content\/uploads\/2022\/06\/20220604_111416.jpg","type":"image\/jpeg"}],"author":"Inspector Nocturno","twitter_card":"summary_large_image","twitter_image":"https:\/\/inspectornocturno.com.mx\/wp-content\/uploads\/2022\/06\/20220604_111416.jpg","schema":{"@context":"https:\/\/schema.org","@graph":[{"@type":"Article","@id":"https:\/\/inspectornocturno.com.mx\/?p=25549#article","isPartOf":{"@id":"https:\/\/inspectornocturno.com.mx\/?p=25549"},"author":{"name":"Inspector Nocturno","@id":"https:\/\/inspectornocturno.com.mx\/#\/schema\/person\/969c25a2260bdff0de14d7ccb1e77752"},"headline":"DETIENEN A PRESUNTO ASESINO EN SERIE","datePublished":"2022-06-04T17:06:15+00:00","dateModified":"2022-06-04T17:06:16+00:00","mainEntityOfPage":{"@id":"https:\/\/inspectornocturno.com.mx\/?p=25549"},"wordCount":625,"publisher":{"@id":"https:\/\/inspectornocturno.com.mx\/#\/schema\/person\/63eb343fea17271215b1dd2793b27897"},"image":{"@id":"https:\/\/inspectornocturno.com.mx\/?p=25549#primaryimage"},"thumbnailUrl":"https:\/\/inspectornocturno.com.mx\/wp-content\/uploads\/2022\/06\/20220604_111416.jpg","articleSection":["M\u00e9xico","Polic\u00eda"],"inLanguage":"es"},{"@type":"WebPage","@id":"https:\/\/inspectornocturno.com.mx\/?p=25549","url":"https:\/\/inspectornocturno.com.mx\/?p=25549","name":"DETIENEN A PRESUNTO ASESINO EN SERIE - Inspector Nocturno","isPartOf":{"@id":"https:\/\/inspectornocturno.com.mx\/#website"},"primaryImageOfPage":{"@id":"https:\/\/inspectornocturno.com.mx\/?p=25549#primaryimage"},"image":{"@id":"https:\/\/inspectornocturno.com.mx\/?p=25549#primaryimage"},"thumbnailUrl":"https:\/\/inspectornocturno.com.mx\/wp-content\/uploads\/2022\/06\/20220604_111416.jpg","datePublished":"2022-06-04T17:06:15+00:00","dateModified":"2022-06-04T17:06:16+00:00","breadcrumb":{"@id":"https:\/\/inspectornocturno.com.mx\/?p=25549#breadcrumb"},"inLanguage":"es","potentialAction":[{"@type":"ReadAction","target":["https:\/\/inspectornocturno.com.mx\/?p=25549"]}]},{"@type":"ImageObject","inLanguage":"es","@id":"https:\/\/inspectornocturno.com.mx\/?p=25549#primaryimage","url":"https:\/\/inspectornocturno.com.mx\/wp-content\/uploads\/2022\/06\/20220604_111416.jpg","contentUrl":"https:\/\/inspectornocturno.com.mx\/wp-content\/uploads\/2022\/06\/20220604_111416.jpg","width":1280,"height":720},{"@type":"BreadcrumbList","@id":"https:\/\/inspectornocturno.com.mx\/?p=25549#breadcrumb","itemListElement":[{"@type":"ListItem","position":1,"name":"Portada","item":"https:\/\/inspectornocturno.com.mx\/"},{"@type":"ListItem","position":2,"name":"DETIENEN A PRESUNTO ASESINO EN SERIE"}]},{"@type":"WebSite","@id":"https:\/\/inspectornocturno.com.mx\/#website","url":"https:\/\/inspectornocturno.com.mx\/","name":"Inspector Nocturno","description":"Canc\u00fan, noticias al minuto del inspector nocturno","publisher":{"@id":"https:\/\/inspectornocturno.com.mx\/#\/schema\/person\/63eb343fea17271215b1dd2793b27897"},"alternateName":"Noticias de impacto al momento de los hechos","potentialAction":[{"@type":"SearchAction","target":{"@type":"EntryPoint","urlTemplate":"https:\/\/inspectornocturno.com.mx\/?s={search_term_string}"},"query-input":{"@type":"PropertyValueSpecification","valueRequired":true,"valueName":"search_term_string"}}],"inLanguage":"es"},{"@type":["Person","Organization"],"@id":"https:\/\/inspectornocturno.com.mx\/#\/schema\/person\/63eb343fea17271215b1dd2793b27897","name":"Inspector Nocturno","image":{"@type":"ImageObject","inLanguage":"es","@id":"https:\/\/inspectornocturno.com.mx\/wp-content\/uploads\/2021\/10\/logo-transparente.png","url":"https:\/\/inspectornocturno.com.mx\/wp-content\/uploads\/2021\/10\/logo-transparente.png","contentUrl":"https:\/\/inspectornocturno.com.mx\/wp-content\/uploads\/2021\/10\/logo-transparente.png","width":561,"height":668,"caption":"Inspector Nocturno"},"logo":{"@id":"https:\/\/inspectornocturno.com.mx\/wp-content\/uploads\/2021\/10\/logo-transparente.png"},"sameAs":["http:\/\/inspectornocturno.com.mx"]},{"@type":"Person","@id":"https:\/\/inspectornocturno.com.mx\/#\/schema\/person\/969c25a2260bdff0de14d7ccb1e77752","name":"Inspector Nocturno"}]}},"views":2581,"_links":{"self":[{"href":"https:\/\/inspectornocturno.com.mx\/index.php?rest_route=\/wp\/v2\/posts\/25549","targetHints":{"allow":["GET"]}}],"collection":[{"href":"https:\/\/inspectornocturno.com.mx\/index.php?rest_route=\/wp\/v2\/posts"}],"about":[{"href":"https:\/\/inspectornocturno.com.mx\/index.php?rest_route=\/wp\/v2\/types\/post"}],"author":[{"embeddable":true,"href":"https:\/\/inspectornocturno.com.mx\/index.php?rest_route=\/wp\/v2\/users\/7"}],"replies":[{"embeddable":true,"href":"https:\/\/inspectornocturno.com.mx\/index.php?rest_route=%2Fwp%2Fv2%2Fcomments&post=25549"}],"version-history":[{"count":1,"href":"https:\/\/inspectornocturno.com.mx\/index.php?rest_route=\/wp\/v2\/posts\/25549\/revisions"}],"predecessor-version":[{"id":25551,"href":"https:\/\/inspectornocturno.com.mx\/index.php?rest_route=\/wp\/v2\/posts\/25549\/revisions\/25551"}],"wp:featuredmedia":[{"embeddable":true,"href":"https:\/\/inspectornocturno.com.mx\/index.php?rest_route=\/wp\/v2\/media\/25543"}],"wp:attachment":[{"href":"https:\/\/inspectornocturno.com.mx\/index.php?rest_route=%2Fwp%2Fv2%2Fmedia&parent=25549"}],"wp:term":[{"taxonomy":"category","embeddable":true,"href":"https:\/\/inspectornocturno.com.mx\/index.php?rest_route=%2Fwp%2Fv2%2Fcategories&post=25549"},{"taxonomy":"post_tag","embeddable":true,"href":"https:\/\/inspectornocturno.com.mx\/index.php?rest_route=%2Fwp%2Fv2%2Ftags&post=25549"}],"curies":[{"name":"wp","href":"https:\/\/api.w.org\/{rel}","templated":true}]}}