{"id":25490,"date":"2022-06-03T18:08:43","date_gmt":"2022-06-03T23:08:43","guid":{"rendered":"https:\/\/inspectornocturno.com.mx\/?p=25490"},"modified":"2022-06-03T18:08:44","modified_gmt":"2022-06-03T23:08:44","slug":"exigen-libertad-para-el-artista-lancer-lirical","status":"publish","type":"post","link":"https:\/\/inspectornocturno.com.mx\/?p=25490","title":{"rendered":"EXIGEN LIBERTAD PARA EL ARTISTA LANCER LIRICAL"},"content":{"rendered":"\n<p>\ud83d\udd3aA trav\u00e9s de un comunicado publicado en redes sociales, se exige la liberaci\u00f3n del MC venezolano Lancer Lirical, quien ven\u00eda laborando en los \u00faltimos meses en M\u00e9xico.<\/p>\n\n\n\n<p>Ciudad de M\u00e9xico.- Esta tarde, se anunci\u00f3 una noticia poco grata para la comunidad freestyler, pues se comunic\u00f3 mediante un post que el MC venezolano Lancer Lirical ha sido detenido por las autoridades en Nuevo Le\u00f3n, M\u00e9xico por presuntos problemas migratorios.<\/p>\n\n\n\n<figure class=\"wp-block-image size-large\"><img decoding=\"async\" width=\"812\" height=\"1024\" data-src=\"https:\/\/inspectornocturno.com.mx\/wp-content\/uploads\/2022\/06\/5619641C-45D9-4034-8707-21EAEA1F79CB-812x1024.jpeg\" alt=\"\" class=\"wp-image-25492 lazyload\" data-srcset=\"https:\/\/inspectornocturno.com.mx\/wp-content\/uploads\/2022\/06\/5619641C-45D9-4034-8707-21EAEA1F79CB-812x1024.jpeg 812w, https:\/\/inspectornocturno.com.mx\/wp-content\/uploads\/2022\/06\/5619641C-45D9-4034-8707-21EAEA1F79CB-238x300.jpeg 238w, https:\/\/inspectornocturno.com.mx\/wp-content\/uploads\/2022\/06\/5619641C-45D9-4034-8707-21EAEA1F79CB-768x969.jpeg 768w, https:\/\/inspectornocturno.com.mx\/wp-content\/uploads\/2022\/06\/5619641C-45D9-4034-8707-21EAEA1F79CB-990x1249.jpeg 990w, https:\/\/inspectornocturno.com.mx\/wp-content\/uploads\/2022\/06\/5619641C-45D9-4034-8707-21EAEA1F79CB.jpeg 1170w\" data-sizes=\"(max-width: 812px) 100vw, 812px\" src=\"data:image\/svg+xml;base64,PHN2ZyB3aWR0aD0iMSIgaGVpZ2h0PSIxIiB4bWxucz0iaHR0cDovL3d3dy53My5vcmcvMjAwMC9zdmciPjwvc3ZnPg==\" style=\"--smush-placeholder-width: 812px; --smush-placeholder-aspect-ratio: 812\/1024;\" \/><\/figure>\n\n\n\n<p>Seg\u00fan muestra la publicaci\u00f3n, Lancer fue retenido por agentes de Migraci\u00f3n y La Marina el \u00faltimo 2 de junio desde las 3.00 de la tarde.<\/p>\n\n\n\n<p>Queremos hacer de su conocimiento que el artista Junior Jos\u00e9 G\u00e1mez Uzc\u00e1tegui, AKA Lancer Lirical, se encuentra privado de su libertad. El d\u00eda de ayer, jueves 2 de junio, a las 15.00 p. m., fue retenido por agentes de Migraci\u00f3n y La Marina en el aeropuerto de Monterrey Nuevo Le\u00f3n, argumentando que su estatus migratorio ten\u00eda irregularidades.&nbsp;<\/p>\n\n\n\n<figure class=\"wp-block-gallery has-nested-images columns-default is-cropped wp-block-gallery-1 is-layout-flex wp-block-gallery-is-layout-flex\">\n<figure class=\"wp-block-image size-large\"><img decoding=\"async\" width=\"952\" height=\"1024\" data-id=\"25493\" data-src=\"https:\/\/inspectornocturno.com.mx\/wp-content\/uploads\/2022\/06\/E1F65FC3-86EF-488D-AEA4-DF5AA2865746-952x1024.jpeg\" alt=\"\" class=\"wp-image-25493 lazyload\" data-srcset=\"https:\/\/inspectornocturno.com.mx\/wp-content\/uploads\/2022\/06\/E1F65FC3-86EF-488D-AEA4-DF5AA2865746-952x1024.jpeg 952w, https:\/\/inspectornocturno.com.mx\/wp-content\/uploads\/2022\/06\/E1F65FC3-86EF-488D-AEA4-DF5AA2865746-279x300.jpeg 279w, https:\/\/inspectornocturno.com.mx\/wp-content\/uploads\/2022\/06\/E1F65FC3-86EF-488D-AEA4-DF5AA2865746-768x826.jpeg 768w, https:\/\/inspectornocturno.com.mx\/wp-content\/uploads\/2022\/06\/E1F65FC3-86EF-488D-AEA4-DF5AA2865746-990x1065.jpeg 990w, https:\/\/inspectornocturno.com.mx\/wp-content\/uploads\/2022\/06\/E1F65FC3-86EF-488D-AEA4-DF5AA2865746.jpeg 1170w\" data-sizes=\"(max-width: 952px) 100vw, 952px\" src=\"data:image\/svg+xml;base64,PHN2ZyB3aWR0aD0iMSIgaGVpZ2h0PSIxIiB4bWxucz0iaHR0cDovL3d3dy53My5vcmcvMjAwMC9zdmciPjwvc3ZnPg==\" style=\"--smush-placeholder-width: 952px; --smush-placeholder-aspect-ratio: 952\/1024;\" \/><\/figure>\n\n\n\n<figure class=\"wp-block-image size-large\"><img decoding=\"async\" width=\"889\" height=\"1024\" data-id=\"25496\" data-src=\"https:\/\/inspectornocturno.com.mx\/wp-content\/uploads\/2022\/06\/2DBD56BD-A307-4566-9DB3-C4E329B7DB78-889x1024.jpeg\" alt=\"\" class=\"wp-image-25496 lazyload\" data-srcset=\"https:\/\/inspectornocturno.com.mx\/wp-content\/uploads\/2022\/06\/2DBD56BD-A307-4566-9DB3-C4E329B7DB78-889x1024.jpeg 889w, https:\/\/inspectornocturno.com.mx\/wp-content\/uploads\/2022\/06\/2DBD56BD-A307-4566-9DB3-C4E329B7DB78-260x300.jpeg 260w, https:\/\/inspectornocturno.com.mx\/wp-content\/uploads\/2022\/06\/2DBD56BD-A307-4566-9DB3-C4E329B7DB78-768x885.jpeg 768w, https:\/\/inspectornocturno.com.mx\/wp-content\/uploads\/2022\/06\/2DBD56BD-A307-4566-9DB3-C4E329B7DB78-990x1141.jpeg 990w, https:\/\/inspectornocturno.com.mx\/wp-content\/uploads\/2022\/06\/2DBD56BD-A307-4566-9DB3-C4E329B7DB78.jpeg 1170w\" data-sizes=\"(max-width: 889px) 100vw, 889px\" src=\"data:image\/svg+xml;base64,PHN2ZyB3aWR0aD0iMSIgaGVpZ2h0PSIxIiB4bWxucz0iaHR0cDovL3d3dy53My5vcmcvMjAwMC9zdmciPjwvc3ZnPg==\" style=\"--smush-placeholder-width: 889px; --smush-placeholder-aspect-ratio: 889\/1024;\" \/><\/figure>\n\n\n\n<figure class=\"wp-block-image size-large\"><img decoding=\"async\" width=\"907\" height=\"1024\" data-id=\"25495\" data-src=\"https:\/\/inspectornocturno.com.mx\/wp-content\/uploads\/2022\/06\/6750A743-E8A7-4F27-AC3B-3FFAD21E1968-907x1024.jpeg\" alt=\"\" class=\"wp-image-25495 lazyload\" data-srcset=\"https:\/\/inspectornocturno.com.mx\/wp-content\/uploads\/2022\/06\/6750A743-E8A7-4F27-AC3B-3FFAD21E1968-907x1024.jpeg 907w, https:\/\/inspectornocturno.com.mx\/wp-content\/uploads\/2022\/06\/6750A743-E8A7-4F27-AC3B-3FFAD21E1968-266x300.jpeg 266w, https:\/\/inspectornocturno.com.mx\/wp-content\/uploads\/2022\/06\/6750A743-E8A7-4F27-AC3B-3FFAD21E1968-768x867.jpeg 768w, https:\/\/inspectornocturno.com.mx\/wp-content\/uploads\/2022\/06\/6750A743-E8A7-4F27-AC3B-3FFAD21E1968-990x1118.jpeg 990w, https:\/\/inspectornocturno.com.mx\/wp-content\/uploads\/2022\/06\/6750A743-E8A7-4F27-AC3B-3FFAD21E1968.jpeg 1170w\" data-sizes=\"(max-width: 907px) 100vw, 907px\" src=\"data:image\/svg+xml;base64,PHN2ZyB3aWR0aD0iMSIgaGVpZ2h0PSIxIiB4bWxucz0iaHR0cDovL3d3dy53My5vcmcvMjAwMC9zdmciPjwvc3ZnPg==\" style=\"--smush-placeholder-width: 907px; --smush-placeholder-aspect-ratio: 907\/1024;\" \/><\/figure>\n\n\n\n<figure class=\"wp-block-image size-large\"><img decoding=\"async\" width=\"887\" height=\"1024\" data-id=\"25494\" data-src=\"https:\/\/inspectornocturno.com.mx\/wp-content\/uploads\/2022\/06\/D4EA9EB6-710E-4961-A64F-D84203B44C45-887x1024.jpeg\" alt=\"\" class=\"wp-image-25494 lazyload\" data-srcset=\"https:\/\/inspectornocturno.com.mx\/wp-content\/uploads\/2022\/06\/D4EA9EB6-710E-4961-A64F-D84203B44C45-887x1024.jpeg 887w, https:\/\/inspectornocturno.com.mx\/wp-content\/uploads\/2022\/06\/D4EA9EB6-710E-4961-A64F-D84203B44C45-260x300.jpeg 260w, https:\/\/inspectornocturno.com.mx\/wp-content\/uploads\/2022\/06\/D4EA9EB6-710E-4961-A64F-D84203B44C45-768x887.jpeg 768w, https:\/\/inspectornocturno.com.mx\/wp-content\/uploads\/2022\/06\/D4EA9EB6-710E-4961-A64F-D84203B44C45-990x1143.jpeg 990w, https:\/\/inspectornocturno.com.mx\/wp-content\/uploads\/2022\/06\/D4EA9EB6-710E-4961-A64F-D84203B44C45.jpeg 1170w\" data-sizes=\"(max-width: 887px) 100vw, 887px\" src=\"data:image\/svg+xml;base64,PHN2ZyB3aWR0aD0iMSIgaGVpZ2h0PSIxIiB4bWxucz0iaHR0cDovL3d3dy53My5vcmcvMjAwMC9zdmciPjwvc3ZnPg==\" style=\"--smush-placeholder-width: 887px; --smush-placeholder-aspect-ratio: 887\/1024;\" \/><\/figure>\n<\/figure>\n\n\n\n<p>A partir de ese momento, Lancer desapareci\u00f3, apagaron su tel\u00e9fono y lo mantuvieron incomunicado, durante horas no supimos nada de \u00e9l. Levantamos una denuncia en Locatel y nos dijeron que no hay registros de Lancer en migraci\u00f3n\u201d, dice el comunicado.<\/p>\n\n\n\n<p>Hasta el momento no se conoce el paradero exacto del rapero, pero se presume que est\u00e1 detenido en la Estaci\u00f3n Migratoria de Guadalupe, lugar reconocido por violentar migrantes y no respetar sus derechos humanos.<\/p>\n\n\n\n<p>El rapero, quien es parte actual de la FMS M\u00e9xico, ven\u00eda laborando en el pa\u00eds desde hace un buen tiempo atr\u00e1s sin ning\u00fan tipo de inconveniente, por lo que esta sorpresiva desaparici\u00f3n indign\u00f3 a sus seguidores en las distintas redes.<\/p>\n\n\n\n<p>Con informaci\u00f3n de La Rep\u00fablica&nbsp;<\/p>\n","protected":false},"excerpt":{"rendered":"<p>\ud83d\udd3aA trav\u00e9s de un comunicado publicado en redes sociales, se exige la liberaci\u00f3n del MC venezolano Lancer Lirical, quien ven\u00eda laborando en los \u00faltimos meses en M\u00e9xico. Ciudad de M\u00e9xico.- Esta tarde, se anunci\u00f3 una noticia poco grata para la comunidad freestyler, pues se comunic\u00f3 mediante un post que el MC venezolano Lancer Lirical ha [&hellip;]<\/p>\n","protected":false},"author":3,"featured_media":25492,"comment_status":"closed","ping_status":"closed","sticky":false,"template":"","format":"standard","meta":{"footnotes":"","_wpscppro_dont_share_socialmedia":false,"_wpscppro_custom_social_share_image":0,"_facebook_share_type":"","_twitter_share_type":"","_linkedin_share_type":"","_pinterest_share_type":"","_linkedin_share_type_page":"","_instagram_share_type":"","_medium_share_type":"","_threads_share_type":"","_google_business_share_type":"","_selected_social_profile":[],"_wpsp_enable_custom_social_template":false,"_wpsp_social_scheduling":{"enabled":false,"datetime":null,"platforms":[],"status":"template_only","dateOption":"today","timeOption":"now","customDays":"","customHours":"","customDate":"","customTime":"","schedulingType":"absolute"},"_wpsp_active_default_template":true},"categories":[99,75],"tags":[],"class_list":["post-25490","post","type-post","status-publish","format-standard","has-post-thumbnail","hentry","category-maxcanu-2","category-policia"],"yoast_head":"<!-- This site is optimized with the Yoast SEO plugin v27.4 - https:\/\/yoast.com\/product\/yoast-seo-wordpress\/ -->\n<title>EXIGEN LIBERTAD PARA EL ARTISTA LANCER LIRICAL - Inspector Nocturno<\/title>\n<meta name=\"robots\" content=\"index, follow, max-snippet:-1, max-image-preview:large, max-video-preview:-1\" \/>\n<link rel=\"canonical\" href=\"https:\/\/inspectornocturno.com.mx\/?p=25490\" \/>\n<meta property=\"og:locale\" content=\"es_ES\" \/>\n<meta property=\"og:type\" content=\"article\" \/>\n<meta property=\"og:title\" content=\"EXIGEN LIBERTAD PARA EL ARTISTA LANCER LIRICAL - Inspector Nocturno\" \/>\n<meta property=\"og:description\" content=\"\ud83d\udd3aA trav\u00e9s de un comunicado publicado en redes sociales, se exige la liberaci\u00f3n del MC venezolano Lancer Lirical, quien ven\u00eda laborando en los \u00faltimos meses en M\u00e9xico. Ciudad de M\u00e9xico.- Esta tarde, se anunci\u00f3 una noticia poco grata para la comunidad freestyler, pues se comunic\u00f3 mediante un post que el MC venezolano Lancer Lirical ha [&hellip;]\" \/>\n<meta property=\"og:url\" content=\"https:\/\/inspectornocturno.com.mx\/?p=25490\" \/>\n<meta property=\"og:site_name\" content=\"Inspector Nocturno\" \/>\n<meta property=\"article:published_time\" content=\"2022-06-03T23:08:43+00:00\" \/>\n<meta property=\"article:modified_time\" content=\"2022-06-03T23:08:44+00:00\" \/>\n<meta property=\"og:image\" content=\"https:\/\/inspectornocturno.com.mx\/wp-content\/uploads\/2022\/06\/5619641C-45D9-4034-8707-21EAEA1F79CB.jpeg\" \/>\n\t<meta property=\"og:image:width\" content=\"1170\" \/>\n\t<meta property=\"og:image:height\" content=\"1476\" \/>\n\t<meta property=\"og:image:type\" content=\"image\/jpeg\" \/>\n<meta name=\"author\" content=\"Inspector Nocturno\" \/>\n<meta name=\"twitter:card\" content=\"summary_large_image\" \/>\n<meta name=\"twitter:image\" content=\"https:\/\/inspectornocturno.com.mx\/wp-content\/uploads\/2022\/06\/5619641C-45D9-4034-8707-21EAEA1F79CB.jpeg\" \/>\n<script type=\"application\/ld+json\" class=\"yoast-schema-graph\">{\"@context\":\"https:\\\/\\\/schema.org\",\"@graph\":[{\"@type\":\"Article\",\"@id\":\"https:\\\/\\\/inspectornocturno.com.mx\\\/?p=25490#article\",\"isPartOf\":{\"@id\":\"https:\\\/\\\/inspectornocturno.com.mx\\\/?p=25490\"},\"author\":{\"name\":\"Inspector Nocturno\",\"@id\":\"https:\\\/\\\/inspectornocturno.com.mx\\\/#\\\/schema\\\/person\\\/2f4c4173b1712fd9cf4f4b9365ce65db\"},\"headline\":\"EXIGEN LIBERTAD PARA EL ARTISTA LANCER LIRICAL\",\"datePublished\":\"2022-06-03T23:08:43+00:00\",\"dateModified\":\"2022-06-03T23:08:44+00:00\",\"mainEntityOfPage\":{\"@id\":\"https:\\\/\\\/inspectornocturno.com.mx\\\/?p=25490\"},\"wordCount\":302,\"publisher\":{\"@id\":\"https:\\\/\\\/inspectornocturno.com.mx\\\/#\\\/schema\\\/person\\\/63eb343fea17271215b1dd2793b27897\"},\"image\":{\"@id\":\"https:\\\/\\\/inspectornocturno.com.mx\\\/?p=25490#primaryimage\"},\"thumbnailUrl\":\"https:\\\/\\\/inspectornocturno.com.mx\\\/wp-content\\\/uploads\\\/2022\\\/06\\\/5619641C-45D9-4034-8707-21EAEA1F79CB.jpeg\",\"articleSection\":[\"Maxcan\u00fa\",\"Polic\u00eda\"],\"inLanguage\":\"es\"},{\"@type\":\"WebPage\",\"@id\":\"https:\\\/\\\/inspectornocturno.com.mx\\\/?p=25490\",\"url\":\"https:\\\/\\\/inspectornocturno.com.mx\\\/?p=25490\",\"name\":\"EXIGEN LIBERTAD PARA EL ARTISTA LANCER LIRICAL - Inspector Nocturno\",\"isPartOf\":{\"@id\":\"https:\\\/\\\/inspectornocturno.com.mx\\\/#website\"},\"primaryImageOfPage\":{\"@id\":\"https:\\\/\\\/inspectornocturno.com.mx\\\/?p=25490#primaryimage\"},\"image\":{\"@id\":\"https:\\\/\\\/inspectornocturno.com.mx\\\/?p=25490#primaryimage\"},\"thumbnailUrl\":\"https:\\\/\\\/inspectornocturno.com.mx\\\/wp-content\\\/uploads\\\/2022\\\/06\\\/5619641C-45D9-4034-8707-21EAEA1F79CB.jpeg\",\"datePublished\":\"2022-06-03T23:08:43+00:00\",\"dateModified\":\"2022-06-03T23:08:44+00:00\",\"breadcrumb\":{\"@id\":\"https:\\\/\\\/inspectornocturno.com.mx\\\/?p=25490#breadcrumb\"},\"inLanguage\":\"es\",\"potentialAction\":[{\"@type\":\"ReadAction\",\"target\":[\"https:\\\/\\\/inspectornocturno.com.mx\\\/?p=25490\"]}]},{\"@type\":\"ImageObject\",\"inLanguage\":\"es\",\"@id\":\"https:\\\/\\\/inspectornocturno.com.mx\\\/?p=25490#primaryimage\",\"url\":\"https:\\\/\\\/inspectornocturno.com.mx\\\/wp-content\\\/uploads\\\/2022\\\/06\\\/5619641C-45D9-4034-8707-21EAEA1F79CB.jpeg\",\"contentUrl\":\"https:\\\/\\\/inspectornocturno.com.mx\\\/wp-content\\\/uploads\\\/2022\\\/06\\\/5619641C-45D9-4034-8707-21EAEA1F79CB.jpeg\",\"width\":1170,\"height\":1476},{\"@type\":\"BreadcrumbList\",\"@id\":\"https:\\\/\\\/inspectornocturno.com.mx\\\/?p=25490#breadcrumb\",\"itemListElement\":[{\"@type\":\"ListItem\",\"position\":1,\"name\":\"Portada\",\"item\":\"https:\\\/\\\/inspectornocturno.com.mx\\\/\"},{\"@type\":\"ListItem\",\"position\":2,\"name\":\"EXIGEN LIBERTAD PARA EL ARTISTA LANCER LIRICAL\"}]},{\"@type\":\"WebSite\",\"@id\":\"https:\\\/\\\/inspectornocturno.com.mx\\\/#website\",\"url\":\"https:\\\/\\\/inspectornocturno.com.mx\\\/\",\"name\":\"Inspector Nocturno\",\"description\":\"Canc\u00fan, noticias al minuto del inspector nocturno\",\"publisher\":{\"@id\":\"https:\\\/\\\/inspectornocturno.com.mx\\\/#\\\/schema\\\/person\\\/63eb343fea17271215b1dd2793b27897\"},\"alternateName\":\"Noticias de impacto al momento de los hechos\",\"potentialAction\":[{\"@type\":\"SearchAction\",\"target\":{\"@type\":\"EntryPoint\",\"urlTemplate\":\"https:\\\/\\\/inspectornocturno.com.mx\\\/?s={search_term_string}\"},\"query-input\":{\"@type\":\"PropertyValueSpecification\",\"valueRequired\":true,\"valueName\":\"search_term_string\"}}],\"inLanguage\":\"es\"},{\"@type\":[\"Person\",\"Organization\"],\"@id\":\"https:\\\/\\\/inspectornocturno.com.mx\\\/#\\\/schema\\\/person\\\/63eb343fea17271215b1dd2793b27897\",\"name\":\"Inspector Nocturno\",\"image\":{\"@type\":\"ImageObject\",\"inLanguage\":\"es\",\"@id\":\"https:\\\/\\\/inspectornocturno.com.mx\\\/wp-content\\\/uploads\\\/2021\\\/10\\\/logo-transparente.png\",\"url\":\"https:\\\/\\\/inspectornocturno.com.mx\\\/wp-content\\\/uploads\\\/2021\\\/10\\\/logo-transparente.png\",\"contentUrl\":\"https:\\\/\\\/inspectornocturno.com.mx\\\/wp-content\\\/uploads\\\/2021\\\/10\\\/logo-transparente.png\",\"width\":561,\"height\":668,\"caption\":\"Inspector Nocturno\"},\"logo\":{\"@id\":\"https:\\\/\\\/inspectornocturno.com.mx\\\/wp-content\\\/uploads\\\/2021\\\/10\\\/logo-transparente.png\"},\"sameAs\":[\"http:\\\/\\\/inspectornocturno.com.mx\"]},{\"@type\":\"Person\",\"@id\":\"https:\\\/\\\/inspectornocturno.com.mx\\\/#\\\/schema\\\/person\\\/2f4c4173b1712fd9cf4f4b9365ce65db\",\"name\":\"Inspector Nocturno\",\"sameAs\":[\"http:\\\/\\\/inspectornocturno.com.mx\"]}]}<\/script>\n<!-- \/ Yoast SEO plugin. -->","yoast_head_json":{"title":"EXIGEN LIBERTAD PARA EL ARTISTA LANCER LIRICAL - Inspector Nocturno","robots":{"index":"index","follow":"follow","max-snippet":"max-snippet:-1","max-image-preview":"max-image-preview:large","max-video-preview":"max-video-preview:-1"},"canonical":"https:\/\/inspectornocturno.com.mx\/?p=25490","og_locale":"es_ES","og_type":"article","og_title":"EXIGEN LIBERTAD PARA EL ARTISTA LANCER LIRICAL - Inspector Nocturno","og_description":"\ud83d\udd3aA trav\u00e9s de un comunicado publicado en redes sociales, se exige la liberaci\u00f3n del MC venezolano Lancer Lirical, quien ven\u00eda laborando en los \u00faltimos meses en M\u00e9xico. Ciudad de M\u00e9xico.- Esta tarde, se anunci\u00f3 una noticia poco grata para la comunidad freestyler, pues se comunic\u00f3 mediante un post que el MC venezolano Lancer Lirical ha [&hellip;]","og_url":"https:\/\/inspectornocturno.com.mx\/?p=25490","og_site_name":"Inspector Nocturno","article_published_time":"2022-06-03T23:08:43+00:00","article_modified_time":"2022-06-03T23:08:44+00:00","og_image":[{"width":1170,"height":1476,"url":"https:\/\/inspectornocturno.com.mx\/wp-content\/uploads\/2022\/06\/5619641C-45D9-4034-8707-21EAEA1F79CB.jpeg","type":"image\/jpeg"}],"author":"Inspector Nocturno","twitter_card":"summary_large_image","twitter_image":"https:\/\/inspectornocturno.com.mx\/wp-content\/uploads\/2022\/06\/5619641C-45D9-4034-8707-21EAEA1F79CB.jpeg","schema":{"@context":"https:\/\/schema.org","@graph":[{"@type":"Article","@id":"https:\/\/inspectornocturno.com.mx\/?p=25490#article","isPartOf":{"@id":"https:\/\/inspectornocturno.com.mx\/?p=25490"},"author":{"name":"Inspector Nocturno","@id":"https:\/\/inspectornocturno.com.mx\/#\/schema\/person\/2f4c4173b1712fd9cf4f4b9365ce65db"},"headline":"EXIGEN LIBERTAD PARA EL ARTISTA LANCER LIRICAL","datePublished":"2022-06-03T23:08:43+00:00","dateModified":"2022-06-03T23:08:44+00:00","mainEntityOfPage":{"@id":"https:\/\/inspectornocturno.com.mx\/?p=25490"},"wordCount":302,"publisher":{"@id":"https:\/\/inspectornocturno.com.mx\/#\/schema\/person\/63eb343fea17271215b1dd2793b27897"},"image":{"@id":"https:\/\/inspectornocturno.com.mx\/?p=25490#primaryimage"},"thumbnailUrl":"https:\/\/inspectornocturno.com.mx\/wp-content\/uploads\/2022\/06\/5619641C-45D9-4034-8707-21EAEA1F79CB.jpeg","articleSection":["Maxcan\u00fa","Polic\u00eda"],"inLanguage":"es"},{"@type":"WebPage","@id":"https:\/\/inspectornocturno.com.mx\/?p=25490","url":"https:\/\/inspectornocturno.com.mx\/?p=25490","name":"EXIGEN LIBERTAD PARA EL ARTISTA LANCER LIRICAL - Inspector Nocturno","isPartOf":{"@id":"https:\/\/inspectornocturno.com.mx\/#website"},"primaryImageOfPage":{"@id":"https:\/\/inspectornocturno.com.mx\/?p=25490#primaryimage"},"image":{"@id":"https:\/\/inspectornocturno.com.mx\/?p=25490#primaryimage"},"thumbnailUrl":"https:\/\/inspectornocturno.com.mx\/wp-content\/uploads\/2022\/06\/5619641C-45D9-4034-8707-21EAEA1F79CB.jpeg","datePublished":"2022-06-03T23:08:43+00:00","dateModified":"2022-06-03T23:08:44+00:00","breadcrumb":{"@id":"https:\/\/inspectornocturno.com.mx\/?p=25490#breadcrumb"},"inLanguage":"es","potentialAction":[{"@type":"ReadAction","target":["https:\/\/inspectornocturno.com.mx\/?p=25490"]}]},{"@type":"ImageObject","inLanguage":"es","@id":"https:\/\/inspectornocturno.com.mx\/?p=25490#primaryimage","url":"https:\/\/inspectornocturno.com.mx\/wp-content\/uploads\/2022\/06\/5619641C-45D9-4034-8707-21EAEA1F79CB.jpeg","contentUrl":"https:\/\/inspectornocturno.com.mx\/wp-content\/uploads\/2022\/06\/5619641C-45D9-4034-8707-21EAEA1F79CB.jpeg","width":1170,"height":1476},{"@type":"BreadcrumbList","@id":"https:\/\/inspectornocturno.com.mx\/?p=25490#breadcrumb","itemListElement":[{"@type":"ListItem","position":1,"name":"Portada","item":"https:\/\/inspectornocturno.com.mx\/"},{"@type":"ListItem","position":2,"name":"EXIGEN LIBERTAD PARA EL ARTISTA LANCER LIRICAL"}]},{"@type":"WebSite","@id":"https:\/\/inspectornocturno.com.mx\/#website","url":"https:\/\/inspectornocturno.com.mx\/","name":"Inspector Nocturno","description":"Canc\u00fan, noticias al minuto del inspector nocturno","publisher":{"@id":"https:\/\/inspectornocturno.com.mx\/#\/schema\/person\/63eb343fea17271215b1dd2793b27897"},"alternateName":"Noticias de impacto al momento de los hechos","potentialAction":[{"@type":"SearchAction","target":{"@type":"EntryPoint","urlTemplate":"https:\/\/inspectornocturno.com.mx\/?s={search_term_string}"},"query-input":{"@type":"PropertyValueSpecification","valueRequired":true,"valueName":"search_term_string"}}],"inLanguage":"es"},{"@type":["Person","Organization"],"@id":"https:\/\/inspectornocturno.com.mx\/#\/schema\/person\/63eb343fea17271215b1dd2793b27897","name":"Inspector Nocturno","image":{"@type":"ImageObject","inLanguage":"es","@id":"https:\/\/inspectornocturno.com.mx\/wp-content\/uploads\/2021\/10\/logo-transparente.png","url":"https:\/\/inspectornocturno.com.mx\/wp-content\/uploads\/2021\/10\/logo-transparente.png","contentUrl":"https:\/\/inspectornocturno.com.mx\/wp-content\/uploads\/2021\/10\/logo-transparente.png","width":561,"height":668,"caption":"Inspector Nocturno"},"logo":{"@id":"https:\/\/inspectornocturno.com.mx\/wp-content\/uploads\/2021\/10\/logo-transparente.png"},"sameAs":["http:\/\/inspectornocturno.com.mx"]},{"@type":"Person","@id":"https:\/\/inspectornocturno.com.mx\/#\/schema\/person\/2f4c4173b1712fd9cf4f4b9365ce65db","name":"Inspector Nocturno","sameAs":["http:\/\/inspectornocturno.com.mx"]}]}},"views":980,"_links":{"self":[{"href":"https:\/\/inspectornocturno.com.mx\/index.php?rest_route=\/wp\/v2\/posts\/25490","targetHints":{"allow":["GET"]}}],"collection":[{"href":"https:\/\/inspectornocturno.com.mx\/index.php?rest_route=\/wp\/v2\/posts"}],"about":[{"href":"https:\/\/inspectornocturno.com.mx\/index.php?rest_route=\/wp\/v2\/types\/post"}],"author":[{"embeddable":true,"href":"https:\/\/inspectornocturno.com.mx\/index.php?rest_route=\/wp\/v2\/users\/3"}],"replies":[{"embeddable":true,"href":"https:\/\/inspectornocturno.com.mx\/index.php?rest_route=%2Fwp%2Fv2%2Fcomments&post=25490"}],"version-history":[{"count":1,"href":"https:\/\/inspectornocturno.com.mx\/index.php?rest_route=\/wp\/v2\/posts\/25490\/revisions"}],"predecessor-version":[{"id":25497,"href":"https:\/\/inspectornocturno.com.mx\/index.php?rest_route=\/wp\/v2\/posts\/25490\/revisions\/25497"}],"wp:featuredmedia":[{"embeddable":true,"href":"https:\/\/inspectornocturno.com.mx\/index.php?rest_route=\/wp\/v2\/media\/25492"}],"wp:attachment":[{"href":"https:\/\/inspectornocturno.com.mx\/index.php?rest_route=%2Fwp%2Fv2%2Fmedia&parent=25490"}],"wp:term":[{"taxonomy":"category","embeddable":true,"href":"https:\/\/inspectornocturno.com.mx\/index.php?rest_route=%2Fwp%2Fv2%2Fcategories&post=25490"},{"taxonomy":"post_tag","embeddable":true,"href":"https:\/\/inspectornocturno.com.mx\/index.php?rest_route=%2Fwp%2Fv2%2Ftags&post=25490"}],"curies":[{"name":"wp","href":"https:\/\/api.w.org\/{rel}","templated":true}]}}