{"id":25466,"date":"2022-06-03T11:10:25","date_gmt":"2022-06-03T16:10:25","guid":{"rendered":"https:\/\/inspectornocturno.com.mx\/?p=25466"},"modified":"2022-06-03T11:10:26","modified_gmt":"2022-06-03T16:10:26","slug":"cancun-fc-estrena-director-tecnico","status":"publish","type":"post","link":"https:\/\/inspectornocturno.com.mx\/?p=25466","title":{"rendered":"CANC\u00daN FC ESTRENA DIRECTOR T\u00c9CNICO"},"content":{"rendered":"\n<p>\ud83d\udd3aEl entrenador vasco, \u00cd\u00f1igo Idi\u00e1kez Barkaiztegi, ex jugador de la Real Sociedad, Real Oviedo y Rayo Vallecano en Espa\u00f1a, asume la direcci\u00f3n de la escuadra caribe\u00f1a, en sustituci\u00f3n del profesor Federico Vilar.<\/p>\n\n\n\n<p>Canc\u00fan.- Como parte de su ambicioso proyecto, la directiva de Canc\u00fan FC apuesta por el espa\u00f1ol \u00cd\u00f1igo Idi\u00e1kez Barkaiztegi, como su nuevo director t\u00e9cnico, a partir del pr\u00f3ximo Torneo Apertura 2022 de la Liga de Expansi\u00f3n MX.<\/p>\n\n\n\n<p>El exmediocampista naci\u00f3 el 8 de noviembre de 1973 en San Sebasti\u00e1n (Gipuzkoa), jugador con mucho gol, hermano menor de Imanol Idi\u00e1kez.<\/p>\n\n\n\n<p>Surgido en la cantera donostiarra, debut\u00f3 con la Real Sociedad en la Temporada <a href=\"tel:19921993\">1992-1993<\/a>, con el que milit\u00f3 una d\u00e9cada, con saldo de 233 juegos y 33 goles, hasta que, en 2002, form\u00f3 parte de Real Oviedo <a href=\"tel:20022003\">(2002-2003<\/a>).<\/p>\n\n\n\n<p>En el verano de 2004, fich\u00f3 con el hist\u00f3rico Derby County, en ese instante en la First Division inglesa (segunda categor\u00eda del futbol de ese pa\u00eds), convirti\u00e9ndose en \u00eddolo de la afici\u00f3n.<\/p>\n\n\n\n<p>Para <a href=\"tel:20042005\">2004-2005<\/a> este equipo busc\u00f3 el ascenso a la Liga Premier, ubic\u00e1ndose entre los cuatro mejores. Despu\u00e9s, en <a href=\"tel:20052006\">2005-2006<\/a>, pele\u00f3 por no descender, tras culminar en los \u00faltimos lugares de la tabla.<\/p>\n\n\n\n<p>En agosto de 2006, Idi\u00e1kez fue transferido al Southampton, en el que se reencontr\u00f3 con su entrenador, George Burley, luego de su paso por Derby County.<\/p>\n\n\n\n<p>No obstante, su buen inicio en esa campa\u00f1a ya no fue considerado en los planes de su estratega. En marzo de 2007, fue cedido al Queens Park Rangers FC de la Football League Championship, hasta final de la temporada. En <a href=\"tel:20072008\">2007-2008<\/a> retornar\u00eda al Southampton.<\/p>\n\n\n\n<p>No form\u00f3 parte del representativo mayor de su pa\u00eds, pero s\u00ed integrante de la Sub 21 de \u2018La Furia Roja\u2019, subcampe\u00f3n de la Eurocopa en esta categor\u00eda (1996) e incluido en la plantilla que incursion\u00f3 en los Juegos Ol\u00edmpicos de Atlanta \u201896, con la que disput\u00f3 tres encuentros (138 minutos).<\/p>\n\n\n\n<p>En la Temporada <a href=\"tel:20112012\">2011-2012<\/a> fungi\u00f3 como estratega del Berio Futbol Taldea de San Sebasti\u00e1n, de la Divisi\u00f3n de Honor Preferente de Guip\u00fazcoa. M\u00e1s tarde, en 2012-13, fue el segundo entrenador del Apollon Limassol de la Primera Divisi\u00f3n de la Liga de Chipre.<\/p>\n\n\n\n<p>En diciembre de 2013, se uni\u00f3 a las divisiones inferiores del Leicester City Football Club, cargo que ostent\u00f3 hasta julio de 2016, para firmar contrato con el Derby County. Ya en 2020, asumi\u00f3 la direcci\u00f3n t\u00e9cnica de Cultural y Deportiva Leonesa, con el que puso fin a su aventura, en abril de 2021.<\/p>\n\n\n\n<p>En su aventura por el Caribe Mexicano, lo acompa\u00f1ar\u00e1 un viejo conocido de la afici\u00f3n cancunense, Jos\u00e9 Daniel Octavio Guerrero Rodr\u00edguez, mejor conocido como \u2018Chepe\u2019, con 431 juegos como profesional. Milit\u00f3 en Atlante <a href=\"tel:20062014\">(2006-2014<\/a>), Am\u00e9rica <a href=\"tel:20142017\">(2014-2017<\/a>), Puebla <a href=\"tel:20172019\">(2017-2019<\/a>) y Dorados de Sinaloa <a href=\"tel:20192020\">(2019-2020<\/a>), y recientemente, como auxiliar t\u00e9cnico del Club Deportivo Zap (2021), en Liga Premier. Desempe\u00f1ar\u00e1 el cargo de auxiliar t\u00e9cnico institucional.<\/p>\n\n\n\n<p>El estratega, Manuel Esteban Roch, en esta ocasi\u00f3n ostentar\u00e1 el cargo de auxiliar t\u00e9cnico, quien como entrenador asumi\u00f3 las riendas de FB AC Benaguasil <a href=\"tel:20152016\">(2015-2016<\/a>), Futbol Sala Mas Camarena <a href=\"tel:20162017\">(2016-2017<\/a>), Universidad Cat\u00f3lica de Valencia <a href=\"tel:20172019\">(2017-2019<\/a>) y Club Deportivo D\u00e9nia <a href=\"tel:20192020\">(2019-2020<\/a>).<\/p>\n\n\n\n<p>El espa\u00f1ol, Javi Gonz\u00e1lez, ser\u00e1 el preparador f\u00edsico. Es licenciado en Ciencias de la Actividad F\u00edsica y del Deporte especializado en Alto Rendimiento y Gesti\u00f3n Deportiva. Igualmente es asesor de futbolistas en Liga BBVA, Austrian Bundesliga, Mayor League Soccer y Ekstraklasa Polonia.<\/p>\n","protected":false},"excerpt":{"rendered":"<p>\ud83d\udd3aEl entrenador vasco, \u00cd\u00f1igo Idi\u00e1kez Barkaiztegi, ex jugador de la Real Sociedad, Real Oviedo y Rayo Vallecano en Espa\u00f1a, asume la direcci\u00f3n de la escuadra caribe\u00f1a, en sustituci\u00f3n del profesor Federico Vilar. Canc\u00fan.- Como parte de su ambicioso proyecto, la directiva de Canc\u00fan FC apuesta por el espa\u00f1ol \u00cd\u00f1igo Idi\u00e1kez Barkaiztegi, como su nuevo director [&hellip;]<\/p>\n","protected":false},"author":3,"featured_media":25468,"comment_status":"closed","ping_status":"closed","sticky":false,"template":"","format":"standard","meta":{"footnotes":"","_wpscppro_dont_share_socialmedia":false,"_wpscppro_custom_social_share_image":0,"_facebook_share_type":"","_twitter_share_type":"","_linkedin_share_type":"","_pinterest_share_type":"","_linkedin_share_type_page":"","_instagram_share_type":"","_medium_share_type":"","_threads_share_type":"","_google_business_share_type":"","_selected_social_profile":[],"_wpsp_enable_custom_social_template":false,"_wpsp_social_scheduling":{"enabled":false,"datetime":null,"platforms":[],"status":"template_only","dateOption":"today","timeOption":"now","customDays":"","customHours":"","customDate":"","customTime":"","schedulingType":"absolute"},"_wpsp_active_default_template":true},"categories":[7,57,3],"tags":[],"class_list":["post-25466","post","type-post","status-publish","format-standard","has-post-thumbnail","hentry","category-arena-deportiva","category-cancun","category-quintana-roo"],"yoast_head":"<!-- This site is optimized with the Yoast SEO plugin v27.4 - https:\/\/yoast.com\/product\/yoast-seo-wordpress\/ -->\n<title>CANC\u00daN FC ESTRENA DIRECTOR T\u00c9CNICO - Inspector Nocturno<\/title>\n<meta name=\"robots\" content=\"index, follow, max-snippet:-1, max-image-preview:large, max-video-preview:-1\" \/>\n<link rel=\"canonical\" href=\"https:\/\/inspectornocturno.com.mx\/?p=25466\" \/>\n<meta property=\"og:locale\" content=\"es_ES\" \/>\n<meta property=\"og:type\" content=\"article\" \/>\n<meta property=\"og:title\" content=\"CANC\u00daN FC ESTRENA DIRECTOR T\u00c9CNICO - Inspector Nocturno\" \/>\n<meta property=\"og:description\" content=\"\ud83d\udd3aEl entrenador vasco, \u00cd\u00f1igo Idi\u00e1kez Barkaiztegi, ex jugador de la Real Sociedad, Real Oviedo y Rayo Vallecano en Espa\u00f1a, asume la direcci\u00f3n de la escuadra caribe\u00f1a, en sustituci\u00f3n del profesor Federico Vilar. Canc\u00fan.- Como parte de su ambicioso proyecto, la directiva de Canc\u00fan FC apuesta por el espa\u00f1ol \u00cd\u00f1igo Idi\u00e1kez Barkaiztegi, como su nuevo director [&hellip;]\" \/>\n<meta property=\"og:url\" content=\"https:\/\/inspectornocturno.com.mx\/?p=25466\" \/>\n<meta property=\"og:site_name\" content=\"Inspector Nocturno\" \/>\n<meta property=\"article:published_time\" content=\"2022-06-03T16:10:25+00:00\" \/>\n<meta property=\"article:modified_time\" content=\"2022-06-03T16:10:26+00:00\" \/>\n<meta property=\"og:image\" content=\"https:\/\/inspectornocturno.com.mx\/wp-content\/uploads\/2022\/06\/Inigo-Idiakez-es-el-nuevo-estratega-de-Cancun-FC-.jpg\" \/>\n\t<meta property=\"og:image:width\" content=\"1024\" \/>\n\t<meta property=\"og:image:height\" content=\"683\" \/>\n\t<meta property=\"og:image:type\" content=\"image\/jpeg\" \/>\n<meta name=\"author\" content=\"Inspector Nocturno\" \/>\n<meta name=\"twitter:card\" content=\"summary_large_image\" \/>\n<meta name=\"twitter:image\" content=\"https:\/\/inspectornocturno.com.mx\/wp-content\/uploads\/2022\/06\/Inigo-Idiakez-es-el-nuevo-estratega-de-Cancun-FC-.jpg\" \/>\n<script type=\"application\/ld+json\" class=\"yoast-schema-graph\">{\"@context\":\"https:\\\/\\\/schema.org\",\"@graph\":[{\"@type\":\"Article\",\"@id\":\"https:\\\/\\\/inspectornocturno.com.mx\\\/?p=25466#article\",\"isPartOf\":{\"@id\":\"https:\\\/\\\/inspectornocturno.com.mx\\\/?p=25466\"},\"author\":{\"name\":\"Inspector Nocturno\",\"@id\":\"https:\\\/\\\/inspectornocturno.com.mx\\\/#\\\/schema\\\/person\\\/2f4c4173b1712fd9cf4f4b9365ce65db\"},\"headline\":\"CANC\u00daN FC ESTRENA DIRECTOR T\u00c9CNICO\",\"datePublished\":\"2022-06-03T16:10:25+00:00\",\"dateModified\":\"2022-06-03T16:10:26+00:00\",\"mainEntityOfPage\":{\"@id\":\"https:\\\/\\\/inspectornocturno.com.mx\\\/?p=25466\"},\"wordCount\":594,\"publisher\":{\"@id\":\"https:\\\/\\\/inspectornocturno.com.mx\\\/#\\\/schema\\\/person\\\/63eb343fea17271215b1dd2793b27897\"},\"image\":{\"@id\":\"https:\\\/\\\/inspectornocturno.com.mx\\\/?p=25466#primaryimage\"},\"thumbnailUrl\":\"https:\\\/\\\/inspectornocturno.com.mx\\\/wp-content\\\/uploads\\\/2022\\\/06\\\/Inigo-Idiakez-es-el-nuevo-estratega-de-Cancun-FC-.jpg\",\"articleSection\":[\"Arena Deportiva\",\"Canc\u00fan\",\"Quintana Roo\"],\"inLanguage\":\"es\"},{\"@type\":\"WebPage\",\"@id\":\"https:\\\/\\\/inspectornocturno.com.mx\\\/?p=25466\",\"url\":\"https:\\\/\\\/inspectornocturno.com.mx\\\/?p=25466\",\"name\":\"CANC\u00daN FC ESTRENA DIRECTOR T\u00c9CNICO - Inspector Nocturno\",\"isPartOf\":{\"@id\":\"https:\\\/\\\/inspectornocturno.com.mx\\\/#website\"},\"primaryImageOfPage\":{\"@id\":\"https:\\\/\\\/inspectornocturno.com.mx\\\/?p=25466#primaryimage\"},\"image\":{\"@id\":\"https:\\\/\\\/inspectornocturno.com.mx\\\/?p=25466#primaryimage\"},\"thumbnailUrl\":\"https:\\\/\\\/inspectornocturno.com.mx\\\/wp-content\\\/uploads\\\/2022\\\/06\\\/Inigo-Idiakez-es-el-nuevo-estratega-de-Cancun-FC-.jpg\",\"datePublished\":\"2022-06-03T16:10:25+00:00\",\"dateModified\":\"2022-06-03T16:10:26+00:00\",\"breadcrumb\":{\"@id\":\"https:\\\/\\\/inspectornocturno.com.mx\\\/?p=25466#breadcrumb\"},\"inLanguage\":\"es\",\"potentialAction\":[{\"@type\":\"ReadAction\",\"target\":[\"https:\\\/\\\/inspectornocturno.com.mx\\\/?p=25466\"]}]},{\"@type\":\"ImageObject\",\"inLanguage\":\"es\",\"@id\":\"https:\\\/\\\/inspectornocturno.com.mx\\\/?p=25466#primaryimage\",\"url\":\"https:\\\/\\\/inspectornocturno.com.mx\\\/wp-content\\\/uploads\\\/2022\\\/06\\\/Inigo-Idiakez-es-el-nuevo-estratega-de-Cancun-FC-.jpg\",\"contentUrl\":\"https:\\\/\\\/inspectornocturno.com.mx\\\/wp-content\\\/uploads\\\/2022\\\/06\\\/Inigo-Idiakez-es-el-nuevo-estratega-de-Cancun-FC-.jpg\",\"width\":1024,\"height\":683},{\"@type\":\"BreadcrumbList\",\"@id\":\"https:\\\/\\\/inspectornocturno.com.mx\\\/?p=25466#breadcrumb\",\"itemListElement\":[{\"@type\":\"ListItem\",\"position\":1,\"name\":\"Portada\",\"item\":\"https:\\\/\\\/inspectornocturno.com.mx\\\/\"},{\"@type\":\"ListItem\",\"position\":2,\"name\":\"CANC\u00daN FC ESTRENA DIRECTOR T\u00c9CNICO\"}]},{\"@type\":\"WebSite\",\"@id\":\"https:\\\/\\\/inspectornocturno.com.mx\\\/#website\",\"url\":\"https:\\\/\\\/inspectornocturno.com.mx\\\/\",\"name\":\"Inspector Nocturno\",\"description\":\"Canc\u00fan, noticias al minuto del inspector nocturno\",\"publisher\":{\"@id\":\"https:\\\/\\\/inspectornocturno.com.mx\\\/#\\\/schema\\\/person\\\/63eb343fea17271215b1dd2793b27897\"},\"alternateName\":\"Noticias de impacto al momento de los hechos\",\"potentialAction\":[{\"@type\":\"SearchAction\",\"target\":{\"@type\":\"EntryPoint\",\"urlTemplate\":\"https:\\\/\\\/inspectornocturno.com.mx\\\/?s={search_term_string}\"},\"query-input\":{\"@type\":\"PropertyValueSpecification\",\"valueRequired\":true,\"valueName\":\"search_term_string\"}}],\"inLanguage\":\"es\"},{\"@type\":[\"Person\",\"Organization\"],\"@id\":\"https:\\\/\\\/inspectornocturno.com.mx\\\/#\\\/schema\\\/person\\\/63eb343fea17271215b1dd2793b27897\",\"name\":\"Inspector Nocturno\",\"image\":{\"@type\":\"ImageObject\",\"inLanguage\":\"es\",\"@id\":\"https:\\\/\\\/inspectornocturno.com.mx\\\/wp-content\\\/uploads\\\/2021\\\/10\\\/logo-transparente.png\",\"url\":\"https:\\\/\\\/inspectornocturno.com.mx\\\/wp-content\\\/uploads\\\/2021\\\/10\\\/logo-transparente.png\",\"contentUrl\":\"https:\\\/\\\/inspectornocturno.com.mx\\\/wp-content\\\/uploads\\\/2021\\\/10\\\/logo-transparente.png\",\"width\":561,\"height\":668,\"caption\":\"Inspector Nocturno\"},\"logo\":{\"@id\":\"https:\\\/\\\/inspectornocturno.com.mx\\\/wp-content\\\/uploads\\\/2021\\\/10\\\/logo-transparente.png\"},\"sameAs\":[\"http:\\\/\\\/inspectornocturno.com.mx\"]},{\"@type\":\"Person\",\"@id\":\"https:\\\/\\\/inspectornocturno.com.mx\\\/#\\\/schema\\\/person\\\/2f4c4173b1712fd9cf4f4b9365ce65db\",\"name\":\"Inspector Nocturno\",\"sameAs\":[\"http:\\\/\\\/inspectornocturno.com.mx\"]}]}<\/script>\n<!-- \/ Yoast SEO plugin. -->","yoast_head_json":{"title":"CANC\u00daN FC ESTRENA DIRECTOR T\u00c9CNICO - Inspector Nocturno","robots":{"index":"index","follow":"follow","max-snippet":"max-snippet:-1","max-image-preview":"max-image-preview:large","max-video-preview":"max-video-preview:-1"},"canonical":"https:\/\/inspectornocturno.com.mx\/?p=25466","og_locale":"es_ES","og_type":"article","og_title":"CANC\u00daN FC ESTRENA DIRECTOR T\u00c9CNICO - Inspector Nocturno","og_description":"\ud83d\udd3aEl entrenador vasco, \u00cd\u00f1igo Idi\u00e1kez Barkaiztegi, ex jugador de la Real Sociedad, Real Oviedo y Rayo Vallecano en Espa\u00f1a, asume la direcci\u00f3n de la escuadra caribe\u00f1a, en sustituci\u00f3n del profesor Federico Vilar. Canc\u00fan.- Como parte de su ambicioso proyecto, la directiva de Canc\u00fan FC apuesta por el espa\u00f1ol \u00cd\u00f1igo Idi\u00e1kez Barkaiztegi, como su nuevo director [&hellip;]","og_url":"https:\/\/inspectornocturno.com.mx\/?p=25466","og_site_name":"Inspector Nocturno","article_published_time":"2022-06-03T16:10:25+00:00","article_modified_time":"2022-06-03T16:10:26+00:00","og_image":[{"width":1024,"height":683,"url":"https:\/\/inspectornocturno.com.mx\/wp-content\/uploads\/2022\/06\/Inigo-Idiakez-es-el-nuevo-estratega-de-Cancun-FC-.jpg","type":"image\/jpeg"}],"author":"Inspector Nocturno","twitter_card":"summary_large_image","twitter_image":"https:\/\/inspectornocturno.com.mx\/wp-content\/uploads\/2022\/06\/Inigo-Idiakez-es-el-nuevo-estratega-de-Cancun-FC-.jpg","schema":{"@context":"https:\/\/schema.org","@graph":[{"@type":"Article","@id":"https:\/\/inspectornocturno.com.mx\/?p=25466#article","isPartOf":{"@id":"https:\/\/inspectornocturno.com.mx\/?p=25466"},"author":{"name":"Inspector Nocturno","@id":"https:\/\/inspectornocturno.com.mx\/#\/schema\/person\/2f4c4173b1712fd9cf4f4b9365ce65db"},"headline":"CANC\u00daN FC ESTRENA DIRECTOR T\u00c9CNICO","datePublished":"2022-06-03T16:10:25+00:00","dateModified":"2022-06-03T16:10:26+00:00","mainEntityOfPage":{"@id":"https:\/\/inspectornocturno.com.mx\/?p=25466"},"wordCount":594,"publisher":{"@id":"https:\/\/inspectornocturno.com.mx\/#\/schema\/person\/63eb343fea17271215b1dd2793b27897"},"image":{"@id":"https:\/\/inspectornocturno.com.mx\/?p=25466#primaryimage"},"thumbnailUrl":"https:\/\/inspectornocturno.com.mx\/wp-content\/uploads\/2022\/06\/Inigo-Idiakez-es-el-nuevo-estratega-de-Cancun-FC-.jpg","articleSection":["Arena Deportiva","Canc\u00fan","Quintana Roo"],"inLanguage":"es"},{"@type":"WebPage","@id":"https:\/\/inspectornocturno.com.mx\/?p=25466","url":"https:\/\/inspectornocturno.com.mx\/?p=25466","name":"CANC\u00daN FC ESTRENA DIRECTOR T\u00c9CNICO - Inspector Nocturno","isPartOf":{"@id":"https:\/\/inspectornocturno.com.mx\/#website"},"primaryImageOfPage":{"@id":"https:\/\/inspectornocturno.com.mx\/?p=25466#primaryimage"},"image":{"@id":"https:\/\/inspectornocturno.com.mx\/?p=25466#primaryimage"},"thumbnailUrl":"https:\/\/inspectornocturno.com.mx\/wp-content\/uploads\/2022\/06\/Inigo-Idiakez-es-el-nuevo-estratega-de-Cancun-FC-.jpg","datePublished":"2022-06-03T16:10:25+00:00","dateModified":"2022-06-03T16:10:26+00:00","breadcrumb":{"@id":"https:\/\/inspectornocturno.com.mx\/?p=25466#breadcrumb"},"inLanguage":"es","potentialAction":[{"@type":"ReadAction","target":["https:\/\/inspectornocturno.com.mx\/?p=25466"]}]},{"@type":"ImageObject","inLanguage":"es","@id":"https:\/\/inspectornocturno.com.mx\/?p=25466#primaryimage","url":"https:\/\/inspectornocturno.com.mx\/wp-content\/uploads\/2022\/06\/Inigo-Idiakez-es-el-nuevo-estratega-de-Cancun-FC-.jpg","contentUrl":"https:\/\/inspectornocturno.com.mx\/wp-content\/uploads\/2022\/06\/Inigo-Idiakez-es-el-nuevo-estratega-de-Cancun-FC-.jpg","width":1024,"height":683},{"@type":"BreadcrumbList","@id":"https:\/\/inspectornocturno.com.mx\/?p=25466#breadcrumb","itemListElement":[{"@type":"ListItem","position":1,"name":"Portada","item":"https:\/\/inspectornocturno.com.mx\/"},{"@type":"ListItem","position":2,"name":"CANC\u00daN FC ESTRENA DIRECTOR T\u00c9CNICO"}]},{"@type":"WebSite","@id":"https:\/\/inspectornocturno.com.mx\/#website","url":"https:\/\/inspectornocturno.com.mx\/","name":"Inspector Nocturno","description":"Canc\u00fan, noticias al minuto del inspector nocturno","publisher":{"@id":"https:\/\/inspectornocturno.com.mx\/#\/schema\/person\/63eb343fea17271215b1dd2793b27897"},"alternateName":"Noticias de impacto al momento de los hechos","potentialAction":[{"@type":"SearchAction","target":{"@type":"EntryPoint","urlTemplate":"https:\/\/inspectornocturno.com.mx\/?s={search_term_string}"},"query-input":{"@type":"PropertyValueSpecification","valueRequired":true,"valueName":"search_term_string"}}],"inLanguage":"es"},{"@type":["Person","Organization"],"@id":"https:\/\/inspectornocturno.com.mx\/#\/schema\/person\/63eb343fea17271215b1dd2793b27897","name":"Inspector Nocturno","image":{"@type":"ImageObject","inLanguage":"es","@id":"https:\/\/inspectornocturno.com.mx\/wp-content\/uploads\/2021\/10\/logo-transparente.png","url":"https:\/\/inspectornocturno.com.mx\/wp-content\/uploads\/2021\/10\/logo-transparente.png","contentUrl":"https:\/\/inspectornocturno.com.mx\/wp-content\/uploads\/2021\/10\/logo-transparente.png","width":561,"height":668,"caption":"Inspector Nocturno"},"logo":{"@id":"https:\/\/inspectornocturno.com.mx\/wp-content\/uploads\/2021\/10\/logo-transparente.png"},"sameAs":["http:\/\/inspectornocturno.com.mx"]},{"@type":"Person","@id":"https:\/\/inspectornocturno.com.mx\/#\/schema\/person\/2f4c4173b1712fd9cf4f4b9365ce65db","name":"Inspector Nocturno","sameAs":["http:\/\/inspectornocturno.com.mx"]}]}},"views":634,"_links":{"self":[{"href":"https:\/\/inspectornocturno.com.mx\/index.php?rest_route=\/wp\/v2\/posts\/25466","targetHints":{"allow":["GET"]}}],"collection":[{"href":"https:\/\/inspectornocturno.com.mx\/index.php?rest_route=\/wp\/v2\/posts"}],"about":[{"href":"https:\/\/inspectornocturno.com.mx\/index.php?rest_route=\/wp\/v2\/types\/post"}],"author":[{"embeddable":true,"href":"https:\/\/inspectornocturno.com.mx\/index.php?rest_route=\/wp\/v2\/users\/3"}],"replies":[{"embeddable":true,"href":"https:\/\/inspectornocturno.com.mx\/index.php?rest_route=%2Fwp%2Fv2%2Fcomments&post=25466"}],"version-history":[{"count":1,"href":"https:\/\/inspectornocturno.com.mx\/index.php?rest_route=\/wp\/v2\/posts\/25466\/revisions"}],"predecessor-version":[{"id":25469,"href":"https:\/\/inspectornocturno.com.mx\/index.php?rest_route=\/wp\/v2\/posts\/25466\/revisions\/25469"}],"wp:featuredmedia":[{"embeddable":true,"href":"https:\/\/inspectornocturno.com.mx\/index.php?rest_route=\/wp\/v2\/media\/25468"}],"wp:attachment":[{"href":"https:\/\/inspectornocturno.com.mx\/index.php?rest_route=%2Fwp%2Fv2%2Fmedia&parent=25466"}],"wp:term":[{"taxonomy":"category","embeddable":true,"href":"https:\/\/inspectornocturno.com.mx\/index.php?rest_route=%2Fwp%2Fv2%2Fcategories&post=25466"},{"taxonomy":"post_tag","embeddable":true,"href":"https:\/\/inspectornocturno.com.mx\/index.php?rest_route=%2Fwp%2Fv2%2Ftags&post=25466"}],"curies":[{"name":"wp","href":"https:\/\/api.w.org\/{rel}","templated":true}]}}