{"id":23139,"date":"2022-05-07T17:11:32","date_gmt":"2022-05-07T22:11:32","guid":{"rendered":"https:\/\/inspectornocturno.com.mx\/?p=23139"},"modified":"2022-05-07T17:11:33","modified_gmt":"2022-05-07T22:11:33","slug":"abren-proceso-contra-guardia-nacional-acusado-de-asesinar-a-angel-yael","status":"publish","type":"post","link":"https:\/\/inspectornocturno.com.mx\/?p=23139","title":{"rendered":"ABREN PROCESO CONTRA GUARDIA NACIONAL, ACUSADO DE ASESINAR A \u00c1NGEL YAEL"},"content":{"rendered":"\n<p><\/p>\n\n\n\n<p>\ud83d\udd3aEl elemento fue imputado por los delitos de homicidio calificado y homicidio calificado en grado de tentativa, por lesionar a Alejandra Carrillo, de 22 a\u00f1os.<\/p>\n\n\n\n<p>Guanajuato.- Un juez de control vincul\u00f3 a proceso al elemento de la Guardia Nacional que, presuntamente asesin\u00f3 a \u00c1ngel Yael Rangel, estudiante de la Universidad de Guanajuato.<\/p>\n\n\n\n<p>El elemento fue imputado por los delitos de homicidio calificado y homicidio calificado en grado de tentativa, ya que durante el ataque en el que muri\u00f3 \u00c1ngel Yael, tambi\u00e9n result\u00f3 lesionada Alejandra Carrillo, una mujer de 22 a\u00f1os de edad.<\/p>\n\n\n\n<p>La audiencia comenz\u00f3 a las 17 horas del viernes 6 y la resoluci\u00f3n del juez se dio dos horas despu\u00e9s en los juzgados del Poder Judicial de la Federaci\u00f3n, en la ciudad de Guanajuato.<\/p>\n\n\n\n<p>El presunto homicida&nbsp;permanecer\u00e1 en el penal de Puentecillas, en la capital del estado, como medida cautelar, durante el tiempo que se desarrolle la investigaci\u00f3n.<\/p>\n\n\n\n<p>Cabe recordar que el pasado 30 de abril, el juez dej\u00f3 en libertad a otro elemento de la Guardia Nacional, quien presuntamente particip\u00f3 en el ataque y dispar\u00f3 contra los estudiantes, sin embargo, luego de una audiencia, el juez no encontr\u00f3 elementos para vincularlo a proceso.<\/p>\n\n\n\n<p>Fuente: Exc\u00e9lsior.<\/p>\n","protected":false},"excerpt":{"rendered":"<p>\ud83d\udd3aEl elemento fue imputado por los delitos de homicidio calificado y homicidio calificado en grado de tentativa, por lesionar a Alejandra Carrillo, de 22 a\u00f1os. Guanajuato.- Un juez de control vincul\u00f3 a proceso al elemento de la Guardia Nacional que, presuntamente asesin\u00f3 a \u00c1ngel Yael Rangel, estudiante de la Universidad de Guanajuato. El elemento fue [&hellip;]<\/p>\n","protected":false},"author":1,"featured_media":23141,"comment_status":"closed","ping_status":"closed","sticky":false,"template":"","format":"standard","meta":{"footnotes":"","_wpscppro_dont_share_socialmedia":false,"_wpscppro_custom_social_share_image":0,"_facebook_share_type":"","_twitter_share_type":"","_linkedin_share_type":"","_pinterest_share_type":"","_linkedin_share_type_page":"","_instagram_share_type":"","_medium_share_type":"","_threads_share_type":"","_google_business_share_type":"","_selected_social_profile":[],"_wpsp_enable_custom_social_template":false,"_wpsp_social_scheduling":{"enabled":false,"datetime":null,"platforms":[],"status":"template_only","dateOption":"today","timeOption":"now","customDays":"","customHours":"","customDate":"","customTime":"","schedulingType":"absolute"},"_wpsp_active_default_template":true},"categories":[65,75],"tags":[],"class_list":["post-23139","post","type-post","status-publish","format-standard","has-post-thumbnail","hentry","category-mexico","category-policia"],"yoast_head":"<!-- This site is optimized with the Yoast SEO plugin v27.4 - https:\/\/yoast.com\/product\/yoast-seo-wordpress\/ -->\n<title>ABREN PROCESO CONTRA GUARDIA NACIONAL, ACUSADO DE ASESINAR A \u00c1NGEL YAEL - Inspector Nocturno<\/title>\n<meta name=\"robots\" content=\"index, follow, max-snippet:-1, max-image-preview:large, max-video-preview:-1\" \/>\n<link rel=\"canonical\" href=\"https:\/\/inspectornocturno.com.mx\/?p=23139\" \/>\n<meta property=\"og:locale\" content=\"es_ES\" \/>\n<meta property=\"og:type\" content=\"article\" \/>\n<meta property=\"og:title\" content=\"ABREN PROCESO CONTRA GUARDIA NACIONAL, ACUSADO DE ASESINAR A \u00c1NGEL YAEL - Inspector Nocturno\" \/>\n<meta property=\"og:description\" content=\"\ud83d\udd3aEl elemento fue imputado por los delitos de homicidio calificado y homicidio calificado en grado de tentativa, por lesionar a Alejandra Carrillo, de 22 a\u00f1os. Guanajuato.- Un juez de control vincul\u00f3 a proceso al elemento de la Guardia Nacional que, presuntamente asesin\u00f3 a \u00c1ngel Yael Rangel, estudiante de la Universidad de Guanajuato. El elemento fue [&hellip;]\" \/>\n<meta property=\"og:url\" content=\"https:\/\/inspectornocturno.com.mx\/?p=23139\" \/>\n<meta property=\"og:site_name\" content=\"Inspector Nocturno\" \/>\n<meta property=\"article:published_time\" content=\"2022-05-07T22:11:32+00:00\" \/>\n<meta property=\"article:modified_time\" content=\"2022-05-07T22:11:33+00:00\" \/>\n<meta property=\"og:image\" content=\"https:\/\/inspectornocturno.com.mx\/wp-content\/uploads\/2022\/05\/036-min-25.png\" \/>\n\t<meta property=\"og:image:width\" content=\"1187\" \/>\n\t<meta property=\"og:image:height\" content=\"738\" \/>\n\t<meta property=\"og:image:type\" content=\"image\/png\" \/>\n<meta name=\"author\" content=\"inspector nocturno, noticias al momento, noticias de ultima hora, informando al minuto\" \/>\n<meta name=\"twitter:card\" content=\"summary_large_image\" \/>\n<meta name=\"twitter:image\" content=\"https:\/\/inspectornocturno.com.mx\/wp-content\/uploads\/2022\/05\/036-min-25.png\" \/>\n<script type=\"application\/ld+json\" class=\"yoast-schema-graph\">{\"@context\":\"https:\\\/\\\/schema.org\",\"@graph\":[{\"@type\":\"Article\",\"@id\":\"https:\\\/\\\/inspectornocturno.com.mx\\\/?p=23139#article\",\"isPartOf\":{\"@id\":\"https:\\\/\\\/inspectornocturno.com.mx\\\/?p=23139\"},\"author\":{\"name\":\"inspector nocturno, noticias al momento, noticias de ultima hora, informando al minuto\",\"@id\":\"https:\\\/\\\/inspectornocturno.com.mx\\\/#\\\/schema\\\/person\\\/7dc0a76c90dafd204473535370236590\"},\"headline\":\"ABREN PROCESO CONTRA GUARDIA NACIONAL, ACUSADO DE ASESINAR A \u00c1NGEL YAEL\",\"datePublished\":\"2022-05-07T22:11:32+00:00\",\"dateModified\":\"2022-05-07T22:11:33+00:00\",\"mainEntityOfPage\":{\"@id\":\"https:\\\/\\\/inspectornocturno.com.mx\\\/?p=23139\"},\"wordCount\":215,\"publisher\":{\"@id\":\"https:\\\/\\\/inspectornocturno.com.mx\\\/#\\\/schema\\\/person\\\/63eb343fea17271215b1dd2793b27897\"},\"image\":{\"@id\":\"https:\\\/\\\/inspectornocturno.com.mx\\\/?p=23139#primaryimage\"},\"thumbnailUrl\":\"https:\\\/\\\/inspectornocturno.com.mx\\\/wp-content\\\/uploads\\\/2022\\\/05\\\/036-min-25.png\",\"articleSection\":[\"M\u00e9xico\",\"Polic\u00eda\"],\"inLanguage\":\"es\"},{\"@type\":\"WebPage\",\"@id\":\"https:\\\/\\\/inspectornocturno.com.mx\\\/?p=23139\",\"url\":\"https:\\\/\\\/inspectornocturno.com.mx\\\/?p=23139\",\"name\":\"ABREN PROCESO CONTRA GUARDIA NACIONAL, ACUSADO DE ASESINAR A \u00c1NGEL YAEL - Inspector Nocturno\",\"isPartOf\":{\"@id\":\"https:\\\/\\\/inspectornocturno.com.mx\\\/#website\"},\"primaryImageOfPage\":{\"@id\":\"https:\\\/\\\/inspectornocturno.com.mx\\\/?p=23139#primaryimage\"},\"image\":{\"@id\":\"https:\\\/\\\/inspectornocturno.com.mx\\\/?p=23139#primaryimage\"},\"thumbnailUrl\":\"https:\\\/\\\/inspectornocturno.com.mx\\\/wp-content\\\/uploads\\\/2022\\\/05\\\/036-min-25.png\",\"datePublished\":\"2022-05-07T22:11:32+00:00\",\"dateModified\":\"2022-05-07T22:11:33+00:00\",\"breadcrumb\":{\"@id\":\"https:\\\/\\\/inspectornocturno.com.mx\\\/?p=23139#breadcrumb\"},\"inLanguage\":\"es\",\"potentialAction\":[{\"@type\":\"ReadAction\",\"target\":[\"https:\\\/\\\/inspectornocturno.com.mx\\\/?p=23139\"]}]},{\"@type\":\"ImageObject\",\"inLanguage\":\"es\",\"@id\":\"https:\\\/\\\/inspectornocturno.com.mx\\\/?p=23139#primaryimage\",\"url\":\"https:\\\/\\\/inspectornocturno.com.mx\\\/wp-content\\\/uploads\\\/2022\\\/05\\\/036-min-25.png\",\"contentUrl\":\"https:\\\/\\\/inspectornocturno.com.mx\\\/wp-content\\\/uploads\\\/2022\\\/05\\\/036-min-25.png\",\"width\":1187,\"height\":738},{\"@type\":\"BreadcrumbList\",\"@id\":\"https:\\\/\\\/inspectornocturno.com.mx\\\/?p=23139#breadcrumb\",\"itemListElement\":[{\"@type\":\"ListItem\",\"position\":1,\"name\":\"Portada\",\"item\":\"https:\\\/\\\/inspectornocturno.com.mx\\\/\"},{\"@type\":\"ListItem\",\"position\":2,\"name\":\"ABREN PROCESO CONTRA GUARDIA NACIONAL, ACUSADO DE ASESINAR A \u00c1NGEL YAEL\"}]},{\"@type\":\"WebSite\",\"@id\":\"https:\\\/\\\/inspectornocturno.com.mx\\\/#website\",\"url\":\"https:\\\/\\\/inspectornocturno.com.mx\\\/\",\"name\":\"Inspector Nocturno\",\"description\":\"Canc\u00fan, noticias al minuto del inspector nocturno\",\"publisher\":{\"@id\":\"https:\\\/\\\/inspectornocturno.com.mx\\\/#\\\/schema\\\/person\\\/63eb343fea17271215b1dd2793b27897\"},\"alternateName\":\"Noticias de impacto al momento de los hechos\",\"potentialAction\":[{\"@type\":\"SearchAction\",\"target\":{\"@type\":\"EntryPoint\",\"urlTemplate\":\"https:\\\/\\\/inspectornocturno.com.mx\\\/?s={search_term_string}\"},\"query-input\":{\"@type\":\"PropertyValueSpecification\",\"valueRequired\":true,\"valueName\":\"search_term_string\"}}],\"inLanguage\":\"es\"},{\"@type\":[\"Person\",\"Organization\"],\"@id\":\"https:\\\/\\\/inspectornocturno.com.mx\\\/#\\\/schema\\\/person\\\/63eb343fea17271215b1dd2793b27897\",\"name\":\"Inspector Nocturno\",\"image\":{\"@type\":\"ImageObject\",\"inLanguage\":\"es\",\"@id\":\"https:\\\/\\\/inspectornocturno.com.mx\\\/wp-content\\\/uploads\\\/2021\\\/10\\\/logo-transparente.png\",\"url\":\"https:\\\/\\\/inspectornocturno.com.mx\\\/wp-content\\\/uploads\\\/2021\\\/10\\\/logo-transparente.png\",\"contentUrl\":\"https:\\\/\\\/inspectornocturno.com.mx\\\/wp-content\\\/uploads\\\/2021\\\/10\\\/logo-transparente.png\",\"width\":561,\"height\":668,\"caption\":\"Inspector Nocturno\"},\"logo\":{\"@id\":\"https:\\\/\\\/inspectornocturno.com.mx\\\/wp-content\\\/uploads\\\/2021\\\/10\\\/logo-transparente.png\"},\"sameAs\":[\"http:\\\/\\\/inspectornocturno.com.mx\"]},{\"@type\":\"Person\",\"@id\":\"https:\\\/\\\/inspectornocturno.com.mx\\\/#\\\/schema\\\/person\\\/7dc0a76c90dafd204473535370236590\",\"name\":\"inspector nocturno, noticias al momento, noticias de ultima hora, informando al minuto\",\"sameAs\":[\"https:\\\/\\\/inspectornocturno.com.mx\"]}]}<\/script>\n<!-- \/ Yoast SEO plugin. -->","yoast_head_json":{"title":"ABREN PROCESO CONTRA GUARDIA NACIONAL, ACUSADO DE ASESINAR A \u00c1NGEL YAEL - Inspector Nocturno","robots":{"index":"index","follow":"follow","max-snippet":"max-snippet:-1","max-image-preview":"max-image-preview:large","max-video-preview":"max-video-preview:-1"},"canonical":"https:\/\/inspectornocturno.com.mx\/?p=23139","og_locale":"es_ES","og_type":"article","og_title":"ABREN PROCESO CONTRA GUARDIA NACIONAL, ACUSADO DE ASESINAR A \u00c1NGEL YAEL - Inspector Nocturno","og_description":"\ud83d\udd3aEl elemento fue imputado por los delitos de homicidio calificado y homicidio calificado en grado de tentativa, por lesionar a Alejandra Carrillo, de 22 a\u00f1os. Guanajuato.- Un juez de control vincul\u00f3 a proceso al elemento de la Guardia Nacional que, presuntamente asesin\u00f3 a \u00c1ngel Yael Rangel, estudiante de la Universidad de Guanajuato. El elemento fue [&hellip;]","og_url":"https:\/\/inspectornocturno.com.mx\/?p=23139","og_site_name":"Inspector Nocturno","article_published_time":"2022-05-07T22:11:32+00:00","article_modified_time":"2022-05-07T22:11:33+00:00","og_image":[{"width":1187,"height":738,"url":"https:\/\/inspectornocturno.com.mx\/wp-content\/uploads\/2022\/05\/036-min-25.png","type":"image\/png"}],"author":"inspector nocturno, noticias al momento, noticias de ultima hora, informando al minuto","twitter_card":"summary_large_image","twitter_image":"https:\/\/inspectornocturno.com.mx\/wp-content\/uploads\/2022\/05\/036-min-25.png","schema":{"@context":"https:\/\/schema.org","@graph":[{"@type":"Article","@id":"https:\/\/inspectornocturno.com.mx\/?p=23139#article","isPartOf":{"@id":"https:\/\/inspectornocturno.com.mx\/?p=23139"},"author":{"name":"inspector nocturno, noticias al momento, noticias de ultima hora, informando al minuto","@id":"https:\/\/inspectornocturno.com.mx\/#\/schema\/person\/7dc0a76c90dafd204473535370236590"},"headline":"ABREN PROCESO CONTRA GUARDIA NACIONAL, ACUSADO DE ASESINAR A \u00c1NGEL YAEL","datePublished":"2022-05-07T22:11:32+00:00","dateModified":"2022-05-07T22:11:33+00:00","mainEntityOfPage":{"@id":"https:\/\/inspectornocturno.com.mx\/?p=23139"},"wordCount":215,"publisher":{"@id":"https:\/\/inspectornocturno.com.mx\/#\/schema\/person\/63eb343fea17271215b1dd2793b27897"},"image":{"@id":"https:\/\/inspectornocturno.com.mx\/?p=23139#primaryimage"},"thumbnailUrl":"https:\/\/inspectornocturno.com.mx\/wp-content\/uploads\/2022\/05\/036-min-25.png","articleSection":["M\u00e9xico","Polic\u00eda"],"inLanguage":"es"},{"@type":"WebPage","@id":"https:\/\/inspectornocturno.com.mx\/?p=23139","url":"https:\/\/inspectornocturno.com.mx\/?p=23139","name":"ABREN PROCESO CONTRA GUARDIA NACIONAL, ACUSADO DE ASESINAR A \u00c1NGEL YAEL - Inspector Nocturno","isPartOf":{"@id":"https:\/\/inspectornocturno.com.mx\/#website"},"primaryImageOfPage":{"@id":"https:\/\/inspectornocturno.com.mx\/?p=23139#primaryimage"},"image":{"@id":"https:\/\/inspectornocturno.com.mx\/?p=23139#primaryimage"},"thumbnailUrl":"https:\/\/inspectornocturno.com.mx\/wp-content\/uploads\/2022\/05\/036-min-25.png","datePublished":"2022-05-07T22:11:32+00:00","dateModified":"2022-05-07T22:11:33+00:00","breadcrumb":{"@id":"https:\/\/inspectornocturno.com.mx\/?p=23139#breadcrumb"},"inLanguage":"es","potentialAction":[{"@type":"ReadAction","target":["https:\/\/inspectornocturno.com.mx\/?p=23139"]}]},{"@type":"ImageObject","inLanguage":"es","@id":"https:\/\/inspectornocturno.com.mx\/?p=23139#primaryimage","url":"https:\/\/inspectornocturno.com.mx\/wp-content\/uploads\/2022\/05\/036-min-25.png","contentUrl":"https:\/\/inspectornocturno.com.mx\/wp-content\/uploads\/2022\/05\/036-min-25.png","width":1187,"height":738},{"@type":"BreadcrumbList","@id":"https:\/\/inspectornocturno.com.mx\/?p=23139#breadcrumb","itemListElement":[{"@type":"ListItem","position":1,"name":"Portada","item":"https:\/\/inspectornocturno.com.mx\/"},{"@type":"ListItem","position":2,"name":"ABREN PROCESO CONTRA GUARDIA NACIONAL, ACUSADO DE ASESINAR A \u00c1NGEL YAEL"}]},{"@type":"WebSite","@id":"https:\/\/inspectornocturno.com.mx\/#website","url":"https:\/\/inspectornocturno.com.mx\/","name":"Inspector Nocturno","description":"Canc\u00fan, noticias al minuto del inspector nocturno","publisher":{"@id":"https:\/\/inspectornocturno.com.mx\/#\/schema\/person\/63eb343fea17271215b1dd2793b27897"},"alternateName":"Noticias de impacto al momento de los hechos","potentialAction":[{"@type":"SearchAction","target":{"@type":"EntryPoint","urlTemplate":"https:\/\/inspectornocturno.com.mx\/?s={search_term_string}"},"query-input":{"@type":"PropertyValueSpecification","valueRequired":true,"valueName":"search_term_string"}}],"inLanguage":"es"},{"@type":["Person","Organization"],"@id":"https:\/\/inspectornocturno.com.mx\/#\/schema\/person\/63eb343fea17271215b1dd2793b27897","name":"Inspector Nocturno","image":{"@type":"ImageObject","inLanguage":"es","@id":"https:\/\/inspectornocturno.com.mx\/wp-content\/uploads\/2021\/10\/logo-transparente.png","url":"https:\/\/inspectornocturno.com.mx\/wp-content\/uploads\/2021\/10\/logo-transparente.png","contentUrl":"https:\/\/inspectornocturno.com.mx\/wp-content\/uploads\/2021\/10\/logo-transparente.png","width":561,"height":668,"caption":"Inspector Nocturno"},"logo":{"@id":"https:\/\/inspectornocturno.com.mx\/wp-content\/uploads\/2021\/10\/logo-transparente.png"},"sameAs":["http:\/\/inspectornocturno.com.mx"]},{"@type":"Person","@id":"https:\/\/inspectornocturno.com.mx\/#\/schema\/person\/7dc0a76c90dafd204473535370236590","name":"inspector nocturno, noticias al momento, noticias de ultima hora, informando al minuto","sameAs":["https:\/\/inspectornocturno.com.mx"]}]}},"views":1613,"_links":{"self":[{"href":"https:\/\/inspectornocturno.com.mx\/index.php?rest_route=\/wp\/v2\/posts\/23139","targetHints":{"allow":["GET"]}}],"collection":[{"href":"https:\/\/inspectornocturno.com.mx\/index.php?rest_route=\/wp\/v2\/posts"}],"about":[{"href":"https:\/\/inspectornocturno.com.mx\/index.php?rest_route=\/wp\/v2\/types\/post"}],"author":[{"embeddable":true,"href":"https:\/\/inspectornocturno.com.mx\/index.php?rest_route=\/wp\/v2\/users\/1"}],"replies":[{"embeddable":true,"href":"https:\/\/inspectornocturno.com.mx\/index.php?rest_route=%2Fwp%2Fv2%2Fcomments&post=23139"}],"version-history":[{"count":1,"href":"https:\/\/inspectornocturno.com.mx\/index.php?rest_route=\/wp\/v2\/posts\/23139\/revisions"}],"predecessor-version":[{"id":23142,"href":"https:\/\/inspectornocturno.com.mx\/index.php?rest_route=\/wp\/v2\/posts\/23139\/revisions\/23142"}],"wp:featuredmedia":[{"embeddable":true,"href":"https:\/\/inspectornocturno.com.mx\/index.php?rest_route=\/wp\/v2\/media\/23141"}],"wp:attachment":[{"href":"https:\/\/inspectornocturno.com.mx\/index.php?rest_route=%2Fwp%2Fv2%2Fmedia&parent=23139"}],"wp:term":[{"taxonomy":"category","embeddable":true,"href":"https:\/\/inspectornocturno.com.mx\/index.php?rest_route=%2Fwp%2Fv2%2Fcategories&post=23139"},{"taxonomy":"post_tag","embeddable":true,"href":"https:\/\/inspectornocturno.com.mx\/index.php?rest_route=%2Fwp%2Fv2%2Ftags&post=23139"}],"curies":[{"name":"wp","href":"https:\/\/api.w.org\/{rel}","templated":true}]}}