{"id":22165,"date":"2022-04-27T10:39:10","date_gmt":"2022-04-27T15:39:10","guid":{"rendered":"https:\/\/inspectornocturno.com.mx\/?p=22165"},"modified":"2022-04-27T10:39:11","modified_gmt":"2022-04-27T15:39:11","slug":"se-busca-a-joven-de-21-anos-desaparecida-en-pachuca","status":"publish","type":"post","link":"https:\/\/inspectornocturno.com.mx\/?p=22165","title":{"rendered":"SE BUSCA A JOVEN DE 21 A\u00d1OS DESAPARECIDA EN PACHUCA"},"content":{"rendered":"\n<p><\/p>\n\n\n\n<p>\ud83d\udd3aMar\u00eda Jos\u00e9 Romero Torres desapareci\u00f3 en Pachuca el pasado 24 de abril, inform\u00f3 la Procuradur\u00eda General de Justicia de Hidalgo.<\/p>\n\n\n\n<p>Pachuca.- Mar\u00eda Jos\u00e9 Romero Torres, de 21 a\u00f1os de edad, desapareci\u00f3 en Pachuca el pasado 24 de abril, inform\u00f3 la Procuradur\u00eda General de Justicia de Hidalgo (PGJEH).<\/p>\n\n\n\n<p>Como se\u00f1a particular la joven tiene el cabello largo y ondulado, color casta\u00f1o oscuro y mide 1.65 metros de altura, de acuerdo con la ficha de b\u00fasqueda.<\/p>\n\n\n\n<p>Cualquier informaci\u00f3n que ayude a localizarla puede ser enviada a la l\u00ednea Procuratel 800 912 1314.<\/p>\n\n\n\n<p>Hasta el momento, se desconoce los pormenores de su no localizaci\u00f3n.<\/p>\n\n\n\n<p>Fuente: AM.<\/p>\n","protected":false},"excerpt":{"rendered":"<p>\ud83d\udd3aMar\u00eda Jos\u00e9 Romero Torres desapareci\u00f3 en Pachuca el pasado 24 de abril, inform\u00f3 la Procuradur\u00eda General de Justicia de Hidalgo. Pachuca.- Mar\u00eda Jos\u00e9 Romero Torres, de 21 a\u00f1os de edad, desapareci\u00f3 en Pachuca el pasado 24 de abril, inform\u00f3 la Procuradur\u00eda General de Justicia de Hidalgo (PGJEH). Como se\u00f1a particular la joven tiene el cabello [&hellip;]<\/p>\n","protected":false},"author":7,"featured_media":22167,"comment_status":"closed","ping_status":"closed","sticky":false,"template":"","format":"standard","meta":{"footnotes":"","_wpscppro_dont_share_socialmedia":false,"_wpscppro_custom_social_share_image":0,"_facebook_share_type":"","_twitter_share_type":"","_linkedin_share_type":"","_pinterest_share_type":"","_linkedin_share_type_page":"","_instagram_share_type":"","_medium_share_type":"","_threads_share_type":"","_google_business_share_type":"","_selected_social_profile":[],"_wpsp_enable_custom_social_template":false,"_wpsp_social_scheduling":{"enabled":false,"datetime":null,"platforms":[],"status":"template_only","dateOption":"today","timeOption":"now","customDays":"","customHours":"","customDate":"","customTime":"","schedulingType":"absolute"},"_wpsp_active_default_template":true},"categories":[65,75],"tags":[],"class_list":["post-22165","post","type-post","status-publish","format-standard","has-post-thumbnail","hentry","category-mexico","category-policia"],"yoast_head":"<!-- This site is optimized with the Yoast SEO plugin v27.4 - https:\/\/yoast.com\/product\/yoast-seo-wordpress\/ -->\n<title>SE BUSCA A JOVEN DE 21 A\u00d1OS DESAPARECIDA EN PACHUCA - Inspector Nocturno<\/title>\n<meta name=\"robots\" content=\"index, follow, max-snippet:-1, max-image-preview:large, max-video-preview:-1\" \/>\n<link rel=\"canonical\" href=\"https:\/\/inspectornocturno.com.mx\/?p=22165\" \/>\n<meta property=\"og:locale\" content=\"es_ES\" \/>\n<meta property=\"og:type\" content=\"article\" \/>\n<meta property=\"og:title\" content=\"SE BUSCA A JOVEN DE 21 A\u00d1OS DESAPARECIDA EN PACHUCA - Inspector Nocturno\" \/>\n<meta property=\"og:description\" content=\"\ud83d\udd3aMar\u00eda Jos\u00e9 Romero Torres desapareci\u00f3 en Pachuca el pasado 24 de abril, inform\u00f3 la Procuradur\u00eda General de Justicia de Hidalgo. Pachuca.- Mar\u00eda Jos\u00e9 Romero Torres, de 21 a\u00f1os de edad, desapareci\u00f3 en Pachuca el pasado 24 de abril, inform\u00f3 la Procuradur\u00eda General de Justicia de Hidalgo (PGJEH). Como se\u00f1a particular la joven tiene el cabello [&hellip;]\" \/>\n<meta property=\"og:url\" content=\"https:\/\/inspectornocturno.com.mx\/?p=22165\" \/>\n<meta property=\"og:site_name\" content=\"Inspector Nocturno\" \/>\n<meta property=\"article:published_time\" content=\"2022-04-27T15:39:10+00:00\" \/>\n<meta property=\"article:modified_time\" content=\"2022-04-27T15:39:11+00:00\" \/>\n<meta property=\"og:image\" content=\"https:\/\/inspectornocturno.com.mx\/wp-content\/uploads\/2022\/04\/images-2022-04-27T103824.931.jpeg\" \/>\n\t<meta property=\"og:image:width\" content=\"554\" \/>\n\t<meta property=\"og:image:height\" content=\"554\" \/>\n\t<meta property=\"og:image:type\" content=\"image\/jpeg\" \/>\n<meta name=\"author\" content=\"Inspector Nocturno\" \/>\n<meta name=\"twitter:card\" content=\"summary_large_image\" \/>\n<meta name=\"twitter:image\" content=\"https:\/\/inspectornocturno.com.mx\/wp-content\/uploads\/2022\/04\/images-2022-04-27T103824.931.jpeg\" \/>\n<script type=\"application\/ld+json\" class=\"yoast-schema-graph\">{\"@context\":\"https:\\\/\\\/schema.org\",\"@graph\":[{\"@type\":\"Article\",\"@id\":\"https:\\\/\\\/inspectornocturno.com.mx\\\/?p=22165#article\",\"isPartOf\":{\"@id\":\"https:\\\/\\\/inspectornocturno.com.mx\\\/?p=22165\"},\"author\":{\"name\":\"Inspector Nocturno\",\"@id\":\"https:\\\/\\\/inspectornocturno.com.mx\\\/#\\\/schema\\\/person\\\/969c25a2260bdff0de14d7ccb1e77752\"},\"headline\":\"SE BUSCA A JOVEN DE 21 A\u00d1OS DESAPARECIDA EN PACHUCA\",\"datePublished\":\"2022-04-27T15:39:10+00:00\",\"dateModified\":\"2022-04-27T15:39:11+00:00\",\"mainEntityOfPage\":{\"@id\":\"https:\\\/\\\/inspectornocturno.com.mx\\\/?p=22165\"},\"wordCount\":118,\"publisher\":{\"@id\":\"https:\\\/\\\/inspectornocturno.com.mx\\\/#\\\/schema\\\/person\\\/63eb343fea17271215b1dd2793b27897\"},\"image\":{\"@id\":\"https:\\\/\\\/inspectornocturno.com.mx\\\/?p=22165#primaryimage\"},\"thumbnailUrl\":\"https:\\\/\\\/inspectornocturno.com.mx\\\/wp-content\\\/uploads\\\/2022\\\/04\\\/images-2022-04-27T103824.931.jpeg\",\"articleSection\":[\"M\u00e9xico\",\"Polic\u00eda\"],\"inLanguage\":\"es\"},{\"@type\":\"WebPage\",\"@id\":\"https:\\\/\\\/inspectornocturno.com.mx\\\/?p=22165\",\"url\":\"https:\\\/\\\/inspectornocturno.com.mx\\\/?p=22165\",\"name\":\"SE BUSCA A JOVEN DE 21 A\u00d1OS DESAPARECIDA EN PACHUCA - Inspector Nocturno\",\"isPartOf\":{\"@id\":\"https:\\\/\\\/inspectornocturno.com.mx\\\/#website\"},\"primaryImageOfPage\":{\"@id\":\"https:\\\/\\\/inspectornocturno.com.mx\\\/?p=22165#primaryimage\"},\"image\":{\"@id\":\"https:\\\/\\\/inspectornocturno.com.mx\\\/?p=22165#primaryimage\"},\"thumbnailUrl\":\"https:\\\/\\\/inspectornocturno.com.mx\\\/wp-content\\\/uploads\\\/2022\\\/04\\\/images-2022-04-27T103824.931.jpeg\",\"datePublished\":\"2022-04-27T15:39:10+00:00\",\"dateModified\":\"2022-04-27T15:39:11+00:00\",\"breadcrumb\":{\"@id\":\"https:\\\/\\\/inspectornocturno.com.mx\\\/?p=22165#breadcrumb\"},\"inLanguage\":\"es\",\"potentialAction\":[{\"@type\":\"ReadAction\",\"target\":[\"https:\\\/\\\/inspectornocturno.com.mx\\\/?p=22165\"]}]},{\"@type\":\"ImageObject\",\"inLanguage\":\"es\",\"@id\":\"https:\\\/\\\/inspectornocturno.com.mx\\\/?p=22165#primaryimage\",\"url\":\"https:\\\/\\\/inspectornocturno.com.mx\\\/wp-content\\\/uploads\\\/2022\\\/04\\\/images-2022-04-27T103824.931.jpeg\",\"contentUrl\":\"https:\\\/\\\/inspectornocturno.com.mx\\\/wp-content\\\/uploads\\\/2022\\\/04\\\/images-2022-04-27T103824.931.jpeg\",\"width\":554,\"height\":554},{\"@type\":\"BreadcrumbList\",\"@id\":\"https:\\\/\\\/inspectornocturno.com.mx\\\/?p=22165#breadcrumb\",\"itemListElement\":[{\"@type\":\"ListItem\",\"position\":1,\"name\":\"Portada\",\"item\":\"https:\\\/\\\/inspectornocturno.com.mx\\\/\"},{\"@type\":\"ListItem\",\"position\":2,\"name\":\"SE BUSCA A JOVEN DE 21 A\u00d1OS DESAPARECIDA EN PACHUCA\"}]},{\"@type\":\"WebSite\",\"@id\":\"https:\\\/\\\/inspectornocturno.com.mx\\\/#website\",\"url\":\"https:\\\/\\\/inspectornocturno.com.mx\\\/\",\"name\":\"Inspector Nocturno\",\"description\":\"Canc\u00fan, noticias al minuto del inspector nocturno\",\"publisher\":{\"@id\":\"https:\\\/\\\/inspectornocturno.com.mx\\\/#\\\/schema\\\/person\\\/63eb343fea17271215b1dd2793b27897\"},\"alternateName\":\"Noticias de impacto al momento de los hechos\",\"potentialAction\":[{\"@type\":\"SearchAction\",\"target\":{\"@type\":\"EntryPoint\",\"urlTemplate\":\"https:\\\/\\\/inspectornocturno.com.mx\\\/?s={search_term_string}\"},\"query-input\":{\"@type\":\"PropertyValueSpecification\",\"valueRequired\":true,\"valueName\":\"search_term_string\"}}],\"inLanguage\":\"es\"},{\"@type\":[\"Person\",\"Organization\"],\"@id\":\"https:\\\/\\\/inspectornocturno.com.mx\\\/#\\\/schema\\\/person\\\/63eb343fea17271215b1dd2793b27897\",\"name\":\"Inspector Nocturno\",\"image\":{\"@type\":\"ImageObject\",\"inLanguage\":\"es\",\"@id\":\"https:\\\/\\\/inspectornocturno.com.mx\\\/wp-content\\\/uploads\\\/2021\\\/10\\\/logo-transparente.png\",\"url\":\"https:\\\/\\\/inspectornocturno.com.mx\\\/wp-content\\\/uploads\\\/2021\\\/10\\\/logo-transparente.png\",\"contentUrl\":\"https:\\\/\\\/inspectornocturno.com.mx\\\/wp-content\\\/uploads\\\/2021\\\/10\\\/logo-transparente.png\",\"width\":561,\"height\":668,\"caption\":\"Inspector Nocturno\"},\"logo\":{\"@id\":\"https:\\\/\\\/inspectornocturno.com.mx\\\/wp-content\\\/uploads\\\/2021\\\/10\\\/logo-transparente.png\"},\"sameAs\":[\"http:\\\/\\\/inspectornocturno.com.mx\"]},{\"@type\":\"Person\",\"@id\":\"https:\\\/\\\/inspectornocturno.com.mx\\\/#\\\/schema\\\/person\\\/969c25a2260bdff0de14d7ccb1e77752\",\"name\":\"Inspector Nocturno\"}]}<\/script>\n<!-- \/ Yoast SEO plugin. -->","yoast_head_json":{"title":"SE BUSCA A JOVEN DE 21 A\u00d1OS DESAPARECIDA EN PACHUCA - Inspector Nocturno","robots":{"index":"index","follow":"follow","max-snippet":"max-snippet:-1","max-image-preview":"max-image-preview:large","max-video-preview":"max-video-preview:-1"},"canonical":"https:\/\/inspectornocturno.com.mx\/?p=22165","og_locale":"es_ES","og_type":"article","og_title":"SE BUSCA A JOVEN DE 21 A\u00d1OS DESAPARECIDA EN PACHUCA - Inspector Nocturno","og_description":"\ud83d\udd3aMar\u00eda Jos\u00e9 Romero Torres desapareci\u00f3 en Pachuca el pasado 24 de abril, inform\u00f3 la Procuradur\u00eda General de Justicia de Hidalgo. Pachuca.- Mar\u00eda Jos\u00e9 Romero Torres, de 21 a\u00f1os de edad, desapareci\u00f3 en Pachuca el pasado 24 de abril, inform\u00f3 la Procuradur\u00eda General de Justicia de Hidalgo (PGJEH). Como se\u00f1a particular la joven tiene el cabello [&hellip;]","og_url":"https:\/\/inspectornocturno.com.mx\/?p=22165","og_site_name":"Inspector Nocturno","article_published_time":"2022-04-27T15:39:10+00:00","article_modified_time":"2022-04-27T15:39:11+00:00","og_image":[{"width":554,"height":554,"url":"https:\/\/inspectornocturno.com.mx\/wp-content\/uploads\/2022\/04\/images-2022-04-27T103824.931.jpeg","type":"image\/jpeg"}],"author":"Inspector Nocturno","twitter_card":"summary_large_image","twitter_image":"https:\/\/inspectornocturno.com.mx\/wp-content\/uploads\/2022\/04\/images-2022-04-27T103824.931.jpeg","schema":{"@context":"https:\/\/schema.org","@graph":[{"@type":"Article","@id":"https:\/\/inspectornocturno.com.mx\/?p=22165#article","isPartOf":{"@id":"https:\/\/inspectornocturno.com.mx\/?p=22165"},"author":{"name":"Inspector Nocturno","@id":"https:\/\/inspectornocturno.com.mx\/#\/schema\/person\/969c25a2260bdff0de14d7ccb1e77752"},"headline":"SE BUSCA A JOVEN DE 21 A\u00d1OS DESAPARECIDA EN PACHUCA","datePublished":"2022-04-27T15:39:10+00:00","dateModified":"2022-04-27T15:39:11+00:00","mainEntityOfPage":{"@id":"https:\/\/inspectornocturno.com.mx\/?p=22165"},"wordCount":118,"publisher":{"@id":"https:\/\/inspectornocturno.com.mx\/#\/schema\/person\/63eb343fea17271215b1dd2793b27897"},"image":{"@id":"https:\/\/inspectornocturno.com.mx\/?p=22165#primaryimage"},"thumbnailUrl":"https:\/\/inspectornocturno.com.mx\/wp-content\/uploads\/2022\/04\/images-2022-04-27T103824.931.jpeg","articleSection":["M\u00e9xico","Polic\u00eda"],"inLanguage":"es"},{"@type":"WebPage","@id":"https:\/\/inspectornocturno.com.mx\/?p=22165","url":"https:\/\/inspectornocturno.com.mx\/?p=22165","name":"SE BUSCA A JOVEN DE 21 A\u00d1OS DESAPARECIDA EN PACHUCA - Inspector Nocturno","isPartOf":{"@id":"https:\/\/inspectornocturno.com.mx\/#website"},"primaryImageOfPage":{"@id":"https:\/\/inspectornocturno.com.mx\/?p=22165#primaryimage"},"image":{"@id":"https:\/\/inspectornocturno.com.mx\/?p=22165#primaryimage"},"thumbnailUrl":"https:\/\/inspectornocturno.com.mx\/wp-content\/uploads\/2022\/04\/images-2022-04-27T103824.931.jpeg","datePublished":"2022-04-27T15:39:10+00:00","dateModified":"2022-04-27T15:39:11+00:00","breadcrumb":{"@id":"https:\/\/inspectornocturno.com.mx\/?p=22165#breadcrumb"},"inLanguage":"es","potentialAction":[{"@type":"ReadAction","target":["https:\/\/inspectornocturno.com.mx\/?p=22165"]}]},{"@type":"ImageObject","inLanguage":"es","@id":"https:\/\/inspectornocturno.com.mx\/?p=22165#primaryimage","url":"https:\/\/inspectornocturno.com.mx\/wp-content\/uploads\/2022\/04\/images-2022-04-27T103824.931.jpeg","contentUrl":"https:\/\/inspectornocturno.com.mx\/wp-content\/uploads\/2022\/04\/images-2022-04-27T103824.931.jpeg","width":554,"height":554},{"@type":"BreadcrumbList","@id":"https:\/\/inspectornocturno.com.mx\/?p=22165#breadcrumb","itemListElement":[{"@type":"ListItem","position":1,"name":"Portada","item":"https:\/\/inspectornocturno.com.mx\/"},{"@type":"ListItem","position":2,"name":"SE BUSCA A JOVEN DE 21 A\u00d1OS DESAPARECIDA EN PACHUCA"}]},{"@type":"WebSite","@id":"https:\/\/inspectornocturno.com.mx\/#website","url":"https:\/\/inspectornocturno.com.mx\/","name":"Inspector Nocturno","description":"Canc\u00fan, noticias al minuto del inspector nocturno","publisher":{"@id":"https:\/\/inspectornocturno.com.mx\/#\/schema\/person\/63eb343fea17271215b1dd2793b27897"},"alternateName":"Noticias de impacto al momento de los hechos","potentialAction":[{"@type":"SearchAction","target":{"@type":"EntryPoint","urlTemplate":"https:\/\/inspectornocturno.com.mx\/?s={search_term_string}"},"query-input":{"@type":"PropertyValueSpecification","valueRequired":true,"valueName":"search_term_string"}}],"inLanguage":"es"},{"@type":["Person","Organization"],"@id":"https:\/\/inspectornocturno.com.mx\/#\/schema\/person\/63eb343fea17271215b1dd2793b27897","name":"Inspector Nocturno","image":{"@type":"ImageObject","inLanguage":"es","@id":"https:\/\/inspectornocturno.com.mx\/wp-content\/uploads\/2021\/10\/logo-transparente.png","url":"https:\/\/inspectornocturno.com.mx\/wp-content\/uploads\/2021\/10\/logo-transparente.png","contentUrl":"https:\/\/inspectornocturno.com.mx\/wp-content\/uploads\/2021\/10\/logo-transparente.png","width":561,"height":668,"caption":"Inspector Nocturno"},"logo":{"@id":"https:\/\/inspectornocturno.com.mx\/wp-content\/uploads\/2021\/10\/logo-transparente.png"},"sameAs":["http:\/\/inspectornocturno.com.mx"]},{"@type":"Person","@id":"https:\/\/inspectornocturno.com.mx\/#\/schema\/person\/969c25a2260bdff0de14d7ccb1e77752","name":"Inspector Nocturno"}]}},"views":631,"_links":{"self":[{"href":"https:\/\/inspectornocturno.com.mx\/index.php?rest_route=\/wp\/v2\/posts\/22165","targetHints":{"allow":["GET"]}}],"collection":[{"href":"https:\/\/inspectornocturno.com.mx\/index.php?rest_route=\/wp\/v2\/posts"}],"about":[{"href":"https:\/\/inspectornocturno.com.mx\/index.php?rest_route=\/wp\/v2\/types\/post"}],"author":[{"embeddable":true,"href":"https:\/\/inspectornocturno.com.mx\/index.php?rest_route=\/wp\/v2\/users\/7"}],"replies":[{"embeddable":true,"href":"https:\/\/inspectornocturno.com.mx\/index.php?rest_route=%2Fwp%2Fv2%2Fcomments&post=22165"}],"version-history":[{"count":1,"href":"https:\/\/inspectornocturno.com.mx\/index.php?rest_route=\/wp\/v2\/posts\/22165\/revisions"}],"predecessor-version":[{"id":22168,"href":"https:\/\/inspectornocturno.com.mx\/index.php?rest_route=\/wp\/v2\/posts\/22165\/revisions\/22168"}],"wp:featuredmedia":[{"embeddable":true,"href":"https:\/\/inspectornocturno.com.mx\/index.php?rest_route=\/wp\/v2\/media\/22167"}],"wp:attachment":[{"href":"https:\/\/inspectornocturno.com.mx\/index.php?rest_route=%2Fwp%2Fv2%2Fmedia&parent=22165"}],"wp:term":[{"taxonomy":"category","embeddable":true,"href":"https:\/\/inspectornocturno.com.mx\/index.php?rest_route=%2Fwp%2Fv2%2Fcategories&post=22165"},{"taxonomy":"post_tag","embeddable":true,"href":"https:\/\/inspectornocturno.com.mx\/index.php?rest_route=%2Fwp%2Fv2%2Ftags&post=22165"}],"curies":[{"name":"wp","href":"https:\/\/api.w.org\/{rel}","templated":true}]}}