{"id":19088,"date":"2022-03-29T12:49:45","date_gmt":"2022-03-29T17:49:45","guid":{"rendered":"https:\/\/inspectornocturno.com.mx\/?p=19088"},"modified":"2022-03-29T12:49:46","modified_gmt":"2022-03-29T17:49:46","slug":"aumenta-a-1400-presuntos-pandilleros-detenidos","status":"publish","type":"post","link":"https:\/\/inspectornocturno.com.mx\/?p=19088","title":{"rendered":"AUMENTA A 1400 PRESUNTOS PANDILLEROS DETENIDOS"},"content":{"rendered":"\n<p><\/p>\n\n\n\n<p>\ud83d\udd3aLa Polic\u00eda salvadore\u00f1a indica que no retroceder\u00e1 en la &#8220;guerra contra las pandillas&#8221; y que continuar\u00e1 encarcelando &#8220;a todos estos delincuentes para que paguen por sus cr\u00edmenes&#8221;.<\/p>\n\n\n\n<p>San Salvador.- El presidente de El Salvador, Nayib Bukele, ha asegurado que los m\u00e1s de 1.000 &#8220;pandilleros&#8221; detenidos durante el r\u00e9gimen de excepci\u00f3n que rige en el pa\u00eds &#8220;no saldr\u00e1n libres&#8221;.<\/p>\n\n\n\n<p>Bukele comunic\u00f3 este lunes a trav\u00e9s de Twitter que &#8220;en solo 3 d\u00edas&#8221; han sido capturados &#8220;1.400 pandilleros&#8221; que &#8220;no saldr\u00e1n libres&#8221;.<\/p>\n\n\n\n<p>En otro tuit, dirigido &#8220;para los que piensan que los pandilleros capturados saldr\u00e1n libres&#8221;, el mandatario adjunt\u00f3 la disposici\u00f3n adoptada esa misma jornada por la Corte Suprema de Justicia salvadore\u00f1a.<\/p>\n\n\n\n<p>Previendo un &#8220;incremento considerable de la carga laboral ordinaria&#8221; de los juzgados, debido a la gran cantidad de detenciones, la Corte Suprema decidi\u00f3 &#8220;fortalecer la capacidad de respuesta&#8221; de los juzgados y &#8220;nombrar temporalmente funcionarios judiciales&#8221;, quienes &#8220;contar\u00e1n con los recursos humanos y materiales para el desarrollo \u00f3ptimo&#8221; de sus funciones.<\/p>\n\n\n\n<p>La noche de este lunes, la Polic\u00eda Nacional Civil (PNC) detall\u00f3 que han sido capturados m\u00e1s de 1.400 presuntos integrantes de las pandillas Mara Salvatrucha y Barrio 18.<\/p>\n\n\n\n<p>&#8220;No vamos a retroceder en esta guerra contra las pandillas, vamos a seguir capturando y poniendo tras las rejas a todos estos delincuentes para que paguen por sus cr\u00edmenes&#8221;, se\u00f1al\u00f3 la PNC.<\/p>\n\n\n\n<h2 class=\"wp-block-heading\">Insta a la OEA y CIDH a &#8220;sacar su peste&#8221; de El Salvador<\/h2>\n\n\n\n<p>Estas estructuras criminales tienen que entender que la vida de un salvadore\u00f1o no se puede tocar y el Estado va a continuar protegiendo al pueblo salvadore\u00f1o&#8221;, declar\u00f3 el director de la PNC, Mauricio Arriaza.<\/p>\n\n\n\n<p>&#8220;Si se comportan como criminales, los vamos a tratar como tales, se acabaron los consentimientos a los cuales estuvieron acostumbrados en el pasado&#8221;, advirti\u00f3.<\/p>\n\n\n\n<p>Poco antes, en respuesta a las cr\u00edticas del ex secretario ejecutivo de la Comisi\u00f3n Interamericana de Derechos Humanos (CIDH), Paulo Abrao, quien calific\u00f3 las recientes medidas adoptadas por Bukele de &#8220;barbaries&#8221; y &#8220;populismo penal&#8221;; el presidente salvadore\u00f1o inst\u00f3 a ese organismo y a la Organizaci\u00f3n de Estados Americanos (OEA) a llevarse &#8220;su peste&#8221; de El Salvador.<\/p>\n\n\n\n<p>Adem\u00e1s, record\u00f3 que esas dos instituciones regionales &#8220;fueron las que patrocinaron la &#8216;tregua&#8217; que solo fortaleci\u00f3 a las pandillas y les permiti\u00f3 acumular recursos, dinero, armamento y les permiti\u00f3 entrenarse en los pol\u00edgonos de tiro del Ej\u00e9rcito para matar salvadore\u00f1os&#8221;.<\/p>\n\n\n\n<p>El 27 de marzo, la Asamblea Legislativa salvadore\u00f1a decret\u00f3 un r\u00e9gimen de excepci\u00f3n ante el repunte de homicidios en el pa\u00eds centroamericano, luego de registrarse el d\u00eda m\u00e1s violento de la historia reciente.<\/p>\n\n\n\n<p>El pasado fin de semana, se cometieron 87 homicidios en El Salvador, solamente 62 se registraron el s\u00e1bado. La cifra m\u00e1s cercana a esta fue la de 51 asesinatos en un solo d\u00eda en agosto de 2015, el a\u00f1o m\u00e1s mort\u00edfero en el pa\u00eds tras el final de la guerra civil (1980-1992).<\/p>\n\n\n\n<p>Fuente: RT.<\/p>\n","protected":false},"excerpt":{"rendered":"<p>\ud83d\udd3aLa Polic\u00eda salvadore\u00f1a indica que no retroceder\u00e1 en la &#8220;guerra contra las pandillas&#8221; y que continuar\u00e1 encarcelando &#8220;a todos estos delincuentes para que paguen por sus cr\u00edmenes&#8221;. San Salvador.- El presidente de El Salvador, Nayib Bukele, ha asegurado que los m\u00e1s de 1.000 &#8220;pandilleros&#8221; detenidos durante el r\u00e9gimen de excepci\u00f3n que rige en el pa\u00eds [&hellip;]<\/p>\n","protected":false},"author":1,"featured_media":19090,"comment_status":"closed","ping_status":"closed","sticky":false,"template":"","format":"standard","meta":{"footnotes":"","_wpscppro_dont_share_socialmedia":false,"_wpscppro_custom_social_share_image":0,"_facebook_share_type":"","_twitter_share_type":"","_linkedin_share_type":"","_pinterest_share_type":"","_linkedin_share_type_page":"","_instagram_share_type":"","_medium_share_type":"","_threads_share_type":"","_google_business_share_type":"","_selected_social_profile":[],"_wpsp_enable_custom_social_template":false,"_wpsp_social_scheduling":{"enabled":false,"datetime":null,"platforms":[],"status":"template_only","dateOption":"today","timeOption":"now","customDays":"","customHours":"","customDate":"","customTime":"","schedulingType":"absolute"},"_wpsp_active_default_template":true},"categories":[77,75],"tags":[],"class_list":["post-19088","post","type-post","status-publish","format-standard","has-post-thumbnail","hentry","category-internacional","category-policia"],"yoast_head":"<!-- This site is optimized with the Yoast SEO plugin v27.4 - https:\/\/yoast.com\/product\/yoast-seo-wordpress\/ -->\n<title>AUMENTA A 1400 PRESUNTOS PANDILLEROS DETENIDOS - Inspector Nocturno<\/title>\n<meta name=\"robots\" content=\"index, follow, max-snippet:-1, max-image-preview:large, max-video-preview:-1\" \/>\n<link rel=\"canonical\" href=\"https:\/\/inspectornocturno.com.mx\/?p=19088\" \/>\n<meta property=\"og:locale\" content=\"es_ES\" \/>\n<meta property=\"og:type\" content=\"article\" \/>\n<meta property=\"og:title\" content=\"AUMENTA A 1400 PRESUNTOS PANDILLEROS DETENIDOS - Inspector Nocturno\" \/>\n<meta property=\"og:description\" content=\"\ud83d\udd3aLa Polic\u00eda salvadore\u00f1a indica que no retroceder\u00e1 en la &#8220;guerra contra las pandillas&#8221; y que continuar\u00e1 encarcelando &#8220;a todos estos delincuentes para que paguen por sus cr\u00edmenes&#8221;. San Salvador.- El presidente de El Salvador, Nayib Bukele, ha asegurado que los m\u00e1s de 1.000 &#8220;pandilleros&#8221; detenidos durante el r\u00e9gimen de excepci\u00f3n que rige en el pa\u00eds [&hellip;]\" \/>\n<meta property=\"og:url\" content=\"https:\/\/inspectornocturno.com.mx\/?p=19088\" \/>\n<meta property=\"og:site_name\" content=\"Inspector Nocturno\" \/>\n<meta property=\"article:published_time\" content=\"2022-03-29T17:49:45+00:00\" \/>\n<meta property=\"article:modified_time\" content=\"2022-03-29T17:49:46+00:00\" \/>\n<meta property=\"og:image\" content=\"https:\/\/inspectornocturno.com.mx\/wp-content\/uploads\/2022\/03\/images-2022-03-29T114817.087.jpeg\" \/>\n\t<meta property=\"og:image:width\" content=\"739\" \/>\n\t<meta property=\"og:image:height\" content=\"415\" \/>\n\t<meta property=\"og:image:type\" content=\"image\/jpeg\" \/>\n<meta name=\"author\" content=\"inspector nocturno, noticias al momento, noticias de ultima hora, informando al minuto\" \/>\n<meta name=\"twitter:card\" content=\"summary_large_image\" \/>\n<meta name=\"twitter:image\" content=\"https:\/\/inspectornocturno.com.mx\/wp-content\/uploads\/2022\/03\/images-2022-03-29T114817.087.jpeg\" \/>\n<script type=\"application\/ld+json\" class=\"yoast-schema-graph\">{\"@context\":\"https:\\\/\\\/schema.org\",\"@graph\":[{\"@type\":\"Article\",\"@id\":\"https:\\\/\\\/inspectornocturno.com.mx\\\/?p=19088#article\",\"isPartOf\":{\"@id\":\"https:\\\/\\\/inspectornocturno.com.mx\\\/?p=19088\"},\"author\":{\"name\":\"inspector nocturno, noticias al momento, noticias de ultima hora, informando al minuto\",\"@id\":\"https:\\\/\\\/inspectornocturno.com.mx\\\/#\\\/schema\\\/person\\\/7dc0a76c90dafd204473535370236590\"},\"headline\":\"AUMENTA A 1400 PRESUNTOS PANDILLEROS DETENIDOS\",\"datePublished\":\"2022-03-29T17:49:45+00:00\",\"dateModified\":\"2022-03-29T17:49:46+00:00\",\"mainEntityOfPage\":{\"@id\":\"https:\\\/\\\/inspectornocturno.com.mx\\\/?p=19088\"},\"wordCount\":513,\"publisher\":{\"@id\":\"https:\\\/\\\/inspectornocturno.com.mx\\\/#\\\/schema\\\/person\\\/63eb343fea17271215b1dd2793b27897\"},\"image\":{\"@id\":\"https:\\\/\\\/inspectornocturno.com.mx\\\/?p=19088#primaryimage\"},\"thumbnailUrl\":\"https:\\\/\\\/inspectornocturno.com.mx\\\/wp-content\\\/uploads\\\/2022\\\/03\\\/images-2022-03-29T114817.087.jpeg\",\"articleSection\":[\"Internacional\",\"Polic\u00eda\"],\"inLanguage\":\"es\"},{\"@type\":\"WebPage\",\"@id\":\"https:\\\/\\\/inspectornocturno.com.mx\\\/?p=19088\",\"url\":\"https:\\\/\\\/inspectornocturno.com.mx\\\/?p=19088\",\"name\":\"AUMENTA A 1400 PRESUNTOS PANDILLEROS DETENIDOS - Inspector Nocturno\",\"isPartOf\":{\"@id\":\"https:\\\/\\\/inspectornocturno.com.mx\\\/#website\"},\"primaryImageOfPage\":{\"@id\":\"https:\\\/\\\/inspectornocturno.com.mx\\\/?p=19088#primaryimage\"},\"image\":{\"@id\":\"https:\\\/\\\/inspectornocturno.com.mx\\\/?p=19088#primaryimage\"},\"thumbnailUrl\":\"https:\\\/\\\/inspectornocturno.com.mx\\\/wp-content\\\/uploads\\\/2022\\\/03\\\/images-2022-03-29T114817.087.jpeg\",\"datePublished\":\"2022-03-29T17:49:45+00:00\",\"dateModified\":\"2022-03-29T17:49:46+00:00\",\"breadcrumb\":{\"@id\":\"https:\\\/\\\/inspectornocturno.com.mx\\\/?p=19088#breadcrumb\"},\"inLanguage\":\"es\",\"potentialAction\":[{\"@type\":\"ReadAction\",\"target\":[\"https:\\\/\\\/inspectornocturno.com.mx\\\/?p=19088\"]}]},{\"@type\":\"ImageObject\",\"inLanguage\":\"es\",\"@id\":\"https:\\\/\\\/inspectornocturno.com.mx\\\/?p=19088#primaryimage\",\"url\":\"https:\\\/\\\/inspectornocturno.com.mx\\\/wp-content\\\/uploads\\\/2022\\\/03\\\/images-2022-03-29T114817.087.jpeg\",\"contentUrl\":\"https:\\\/\\\/inspectornocturno.com.mx\\\/wp-content\\\/uploads\\\/2022\\\/03\\\/images-2022-03-29T114817.087.jpeg\",\"width\":739,\"height\":415},{\"@type\":\"BreadcrumbList\",\"@id\":\"https:\\\/\\\/inspectornocturno.com.mx\\\/?p=19088#breadcrumb\",\"itemListElement\":[{\"@type\":\"ListItem\",\"position\":1,\"name\":\"Portada\",\"item\":\"https:\\\/\\\/inspectornocturno.com.mx\\\/\"},{\"@type\":\"ListItem\",\"position\":2,\"name\":\"AUMENTA A 1400 PRESUNTOS PANDILLEROS DETENIDOS\"}]},{\"@type\":\"WebSite\",\"@id\":\"https:\\\/\\\/inspectornocturno.com.mx\\\/#website\",\"url\":\"https:\\\/\\\/inspectornocturno.com.mx\\\/\",\"name\":\"Inspector Nocturno\",\"description\":\"Canc\u00fan, noticias al minuto del inspector nocturno\",\"publisher\":{\"@id\":\"https:\\\/\\\/inspectornocturno.com.mx\\\/#\\\/schema\\\/person\\\/63eb343fea17271215b1dd2793b27897\"},\"alternateName\":\"Noticias de impacto al momento de los hechos\",\"potentialAction\":[{\"@type\":\"SearchAction\",\"target\":{\"@type\":\"EntryPoint\",\"urlTemplate\":\"https:\\\/\\\/inspectornocturno.com.mx\\\/?s={search_term_string}\"},\"query-input\":{\"@type\":\"PropertyValueSpecification\",\"valueRequired\":true,\"valueName\":\"search_term_string\"}}],\"inLanguage\":\"es\"},{\"@type\":[\"Person\",\"Organization\"],\"@id\":\"https:\\\/\\\/inspectornocturno.com.mx\\\/#\\\/schema\\\/person\\\/63eb343fea17271215b1dd2793b27897\",\"name\":\"Inspector Nocturno\",\"image\":{\"@type\":\"ImageObject\",\"inLanguage\":\"es\",\"@id\":\"https:\\\/\\\/inspectornocturno.com.mx\\\/wp-content\\\/uploads\\\/2021\\\/10\\\/logo-transparente.png\",\"url\":\"https:\\\/\\\/inspectornocturno.com.mx\\\/wp-content\\\/uploads\\\/2021\\\/10\\\/logo-transparente.png\",\"contentUrl\":\"https:\\\/\\\/inspectornocturno.com.mx\\\/wp-content\\\/uploads\\\/2021\\\/10\\\/logo-transparente.png\",\"width\":561,\"height\":668,\"caption\":\"Inspector Nocturno\"},\"logo\":{\"@id\":\"https:\\\/\\\/inspectornocturno.com.mx\\\/wp-content\\\/uploads\\\/2021\\\/10\\\/logo-transparente.png\"},\"sameAs\":[\"http:\\\/\\\/inspectornocturno.com.mx\"]},{\"@type\":\"Person\",\"@id\":\"https:\\\/\\\/inspectornocturno.com.mx\\\/#\\\/schema\\\/person\\\/7dc0a76c90dafd204473535370236590\",\"name\":\"inspector nocturno, noticias al momento, noticias de ultima hora, informando al minuto\",\"sameAs\":[\"https:\\\/\\\/inspectornocturno.com.mx\"]}]}<\/script>\n<!-- \/ Yoast SEO plugin. -->","yoast_head_json":{"title":"AUMENTA A 1400 PRESUNTOS PANDILLEROS DETENIDOS - Inspector Nocturno","robots":{"index":"index","follow":"follow","max-snippet":"max-snippet:-1","max-image-preview":"max-image-preview:large","max-video-preview":"max-video-preview:-1"},"canonical":"https:\/\/inspectornocturno.com.mx\/?p=19088","og_locale":"es_ES","og_type":"article","og_title":"AUMENTA A 1400 PRESUNTOS PANDILLEROS DETENIDOS - Inspector Nocturno","og_description":"\ud83d\udd3aLa Polic\u00eda salvadore\u00f1a indica que no retroceder\u00e1 en la &#8220;guerra contra las pandillas&#8221; y que continuar\u00e1 encarcelando &#8220;a todos estos delincuentes para que paguen por sus cr\u00edmenes&#8221;. San Salvador.- El presidente de El Salvador, Nayib Bukele, ha asegurado que los m\u00e1s de 1.000 &#8220;pandilleros&#8221; detenidos durante el r\u00e9gimen de excepci\u00f3n que rige en el pa\u00eds [&hellip;]","og_url":"https:\/\/inspectornocturno.com.mx\/?p=19088","og_site_name":"Inspector Nocturno","article_published_time":"2022-03-29T17:49:45+00:00","article_modified_time":"2022-03-29T17:49:46+00:00","og_image":[{"width":739,"height":415,"url":"https:\/\/inspectornocturno.com.mx\/wp-content\/uploads\/2022\/03\/images-2022-03-29T114817.087.jpeg","type":"image\/jpeg"}],"author":"inspector nocturno, noticias al momento, noticias de ultima hora, informando al minuto","twitter_card":"summary_large_image","twitter_image":"https:\/\/inspectornocturno.com.mx\/wp-content\/uploads\/2022\/03\/images-2022-03-29T114817.087.jpeg","schema":{"@context":"https:\/\/schema.org","@graph":[{"@type":"Article","@id":"https:\/\/inspectornocturno.com.mx\/?p=19088#article","isPartOf":{"@id":"https:\/\/inspectornocturno.com.mx\/?p=19088"},"author":{"name":"inspector nocturno, noticias al momento, noticias de ultima hora, informando al minuto","@id":"https:\/\/inspectornocturno.com.mx\/#\/schema\/person\/7dc0a76c90dafd204473535370236590"},"headline":"AUMENTA A 1400 PRESUNTOS PANDILLEROS DETENIDOS","datePublished":"2022-03-29T17:49:45+00:00","dateModified":"2022-03-29T17:49:46+00:00","mainEntityOfPage":{"@id":"https:\/\/inspectornocturno.com.mx\/?p=19088"},"wordCount":513,"publisher":{"@id":"https:\/\/inspectornocturno.com.mx\/#\/schema\/person\/63eb343fea17271215b1dd2793b27897"},"image":{"@id":"https:\/\/inspectornocturno.com.mx\/?p=19088#primaryimage"},"thumbnailUrl":"https:\/\/inspectornocturno.com.mx\/wp-content\/uploads\/2022\/03\/images-2022-03-29T114817.087.jpeg","articleSection":["Internacional","Polic\u00eda"],"inLanguage":"es"},{"@type":"WebPage","@id":"https:\/\/inspectornocturno.com.mx\/?p=19088","url":"https:\/\/inspectornocturno.com.mx\/?p=19088","name":"AUMENTA A 1400 PRESUNTOS PANDILLEROS DETENIDOS - Inspector Nocturno","isPartOf":{"@id":"https:\/\/inspectornocturno.com.mx\/#website"},"primaryImageOfPage":{"@id":"https:\/\/inspectornocturno.com.mx\/?p=19088#primaryimage"},"image":{"@id":"https:\/\/inspectornocturno.com.mx\/?p=19088#primaryimage"},"thumbnailUrl":"https:\/\/inspectornocturno.com.mx\/wp-content\/uploads\/2022\/03\/images-2022-03-29T114817.087.jpeg","datePublished":"2022-03-29T17:49:45+00:00","dateModified":"2022-03-29T17:49:46+00:00","breadcrumb":{"@id":"https:\/\/inspectornocturno.com.mx\/?p=19088#breadcrumb"},"inLanguage":"es","potentialAction":[{"@type":"ReadAction","target":["https:\/\/inspectornocturno.com.mx\/?p=19088"]}]},{"@type":"ImageObject","inLanguage":"es","@id":"https:\/\/inspectornocturno.com.mx\/?p=19088#primaryimage","url":"https:\/\/inspectornocturno.com.mx\/wp-content\/uploads\/2022\/03\/images-2022-03-29T114817.087.jpeg","contentUrl":"https:\/\/inspectornocturno.com.mx\/wp-content\/uploads\/2022\/03\/images-2022-03-29T114817.087.jpeg","width":739,"height":415},{"@type":"BreadcrumbList","@id":"https:\/\/inspectornocturno.com.mx\/?p=19088#breadcrumb","itemListElement":[{"@type":"ListItem","position":1,"name":"Portada","item":"https:\/\/inspectornocturno.com.mx\/"},{"@type":"ListItem","position":2,"name":"AUMENTA A 1400 PRESUNTOS PANDILLEROS DETENIDOS"}]},{"@type":"WebSite","@id":"https:\/\/inspectornocturno.com.mx\/#website","url":"https:\/\/inspectornocturno.com.mx\/","name":"Inspector Nocturno","description":"Canc\u00fan, noticias al minuto del inspector nocturno","publisher":{"@id":"https:\/\/inspectornocturno.com.mx\/#\/schema\/person\/63eb343fea17271215b1dd2793b27897"},"alternateName":"Noticias de impacto al momento de los hechos","potentialAction":[{"@type":"SearchAction","target":{"@type":"EntryPoint","urlTemplate":"https:\/\/inspectornocturno.com.mx\/?s={search_term_string}"},"query-input":{"@type":"PropertyValueSpecification","valueRequired":true,"valueName":"search_term_string"}}],"inLanguage":"es"},{"@type":["Person","Organization"],"@id":"https:\/\/inspectornocturno.com.mx\/#\/schema\/person\/63eb343fea17271215b1dd2793b27897","name":"Inspector Nocturno","image":{"@type":"ImageObject","inLanguage":"es","@id":"https:\/\/inspectornocturno.com.mx\/wp-content\/uploads\/2021\/10\/logo-transparente.png","url":"https:\/\/inspectornocturno.com.mx\/wp-content\/uploads\/2021\/10\/logo-transparente.png","contentUrl":"https:\/\/inspectornocturno.com.mx\/wp-content\/uploads\/2021\/10\/logo-transparente.png","width":561,"height":668,"caption":"Inspector Nocturno"},"logo":{"@id":"https:\/\/inspectornocturno.com.mx\/wp-content\/uploads\/2021\/10\/logo-transparente.png"},"sameAs":["http:\/\/inspectornocturno.com.mx"]},{"@type":"Person","@id":"https:\/\/inspectornocturno.com.mx\/#\/schema\/person\/7dc0a76c90dafd204473535370236590","name":"inspector nocturno, noticias al momento, noticias de ultima hora, informando al minuto","sameAs":["https:\/\/inspectornocturno.com.mx"]}]}},"views":756,"_links":{"self":[{"href":"https:\/\/inspectornocturno.com.mx\/index.php?rest_route=\/wp\/v2\/posts\/19088","targetHints":{"allow":["GET"]}}],"collection":[{"href":"https:\/\/inspectornocturno.com.mx\/index.php?rest_route=\/wp\/v2\/posts"}],"about":[{"href":"https:\/\/inspectornocturno.com.mx\/index.php?rest_route=\/wp\/v2\/types\/post"}],"author":[{"embeddable":true,"href":"https:\/\/inspectornocturno.com.mx\/index.php?rest_route=\/wp\/v2\/users\/1"}],"replies":[{"embeddable":true,"href":"https:\/\/inspectornocturno.com.mx\/index.php?rest_route=%2Fwp%2Fv2%2Fcomments&post=19088"}],"version-history":[{"count":1,"href":"https:\/\/inspectornocturno.com.mx\/index.php?rest_route=\/wp\/v2\/posts\/19088\/revisions"}],"predecessor-version":[{"id":19091,"href":"https:\/\/inspectornocturno.com.mx\/index.php?rest_route=\/wp\/v2\/posts\/19088\/revisions\/19091"}],"wp:featuredmedia":[{"embeddable":true,"href":"https:\/\/inspectornocturno.com.mx\/index.php?rest_route=\/wp\/v2\/media\/19090"}],"wp:attachment":[{"href":"https:\/\/inspectornocturno.com.mx\/index.php?rest_route=%2Fwp%2Fv2%2Fmedia&parent=19088"}],"wp:term":[{"taxonomy":"category","embeddable":true,"href":"https:\/\/inspectornocturno.com.mx\/index.php?rest_route=%2Fwp%2Fv2%2Fcategories&post=19088"},{"taxonomy":"post_tag","embeddable":true,"href":"https:\/\/inspectornocturno.com.mx\/index.php?rest_route=%2Fwp%2Fv2%2Ftags&post=19088"}],"curies":[{"name":"wp","href":"https:\/\/api.w.org\/{rel}","templated":true}]}}