{"id":18404,"date":"2022-03-23T11:25:35","date_gmt":"2022-03-23T16:25:35","guid":{"rendered":"https:\/\/inspectornocturno.com.mx\/?p=18404"},"modified":"2022-03-23T11:25:36","modified_gmt":"2022-03-23T16:25:36","slug":"la-tenista-numero-uno-del-mundo-anuncia-su-retiro-profesional","status":"publish","type":"post","link":"https:\/\/inspectornocturno.com.mx\/?p=18404","title":{"rendered":"LA TENISTA N\u00daMERO UNO DEL MUNDO ANUNCIA SU RETIRO PROFESIONAL"},"content":{"rendered":"\n<p><\/p>\n\n\n\n<p>\ud83d\udd3aAshleigh Barty, actual campeona del Abierto de Australia, dio a conocer, mediante un video, que esta decisi\u00f3n es debido al agotamiento f\u00edsico y mental.<\/p>\n\n\n\n<p>Sydney.- La n\u00famero uno del tenis mundial, la australiana Ashleigh Barty, anunci\u00f3 este mi\u00e9rcoles que se retira de este deporte a la edad de 25 a\u00f1os de edad por agotamiento f\u00edsico y mental.<\/p>\n\n\n\n<p>&#8220;Hoy es un d\u00eda dif\u00edcil y lleno de emociones porque anuncio que me retiro del tenis&#8221;, dijo Barty, en el mensaje que acompa\u00f1a a un v\u00eddeo que colg\u00f3 en su cuenta de Instagram.<\/p>\n\n\n\n<p>En el metraje, agradeci\u00f3 por el apoyo a lo largo de su carrera deportiva y destac\u00f3 las sensaciones de &#8220;orgullo y plenitud&#8221; que le deja este deporte.<\/p>\n\n\n\n<p>&#8220;Ya no tengo el impulso f\u00edsico, las ganas emocionales ni todo lo que se necesita para desafiarte a ti mismo en lo m\u00e1s alto del nivel. Estoy agotada&#8221;, precis\u00f3.<\/p>\n\n\n\n<p>Barty ha sido la raqueta n\u00famero uno del mundo durante m\u00e1s de dos a\u00f1os y se coron\u00f3 campeona en el Abierto de Australia de este a\u00f1o.<\/p>\n\n\n\n<p>Con 25 a\u00f1os de edad y originaria de Ipswich, Australia, es ganadora de tres Grand Slam: Australia, Roland Garros y Wimbledon.<\/p>\n\n\n\n<p>Desde el 24 de junio del 2019, Ash asumi\u00f3 el n\u00famero del ranking de la WTA, y dej\u00f3 la posici\u00f3n en agosto del 2019. Un mes despu\u00e9s, recuper\u00f3 el trono en el tenis femenil hasta marzo de 2020.<\/p>\n\n\n\n<p>Desde agosto de 2020, Barty es la mejor tenista del circuito de la WTA y acumula 85 semanas en el n\u00famero uno del ranking.<\/p>\n\n\n\n<p>&#8220;No hay un camino correcto ni uno incorrecto, es mi camino&#8221;, dijo Barty en la entrevista grabada con la extenista australiana Casey Dellacqua y publicada en la red social mencionada.<\/p>\n\n\n\n<p>El \u00faltimo partido que Barty disput\u00f3 como profesional fue la final del \u00faltimo Abierto de Australia, en la que se impuso en dos sets a la estadounidense Danielle Collins y se convirti\u00f3 en la primera tenista local en ganar el torneo en 44 a\u00f1os.<\/p>\n\n\n\n<p>Era el tercer t\u00edtulo del Grand Slam, despu\u00e9s de haber alzado tambi\u00e9n el trofeo de Roland Garros en 2019 y el de Wimbledon en 2021.<\/p>\n\n\n\n<p>No es la primera vez que Barty abandona el tenis, pues ya lo hizo en 2014. En aquel entonces, era una adolescente de 17 a\u00f1os y lo hizo para dedicarse profesionalmente al cr\u00edquet. <\/p>\n\n\n\n<p>Dos a\u00f1os despu\u00e9s, regres\u00f3 a las pistas e inici\u00f3 una progresi\u00f3n fulgurante que la llev\u00f3 al trono mundial del tenis femenino.<\/p>\n\n\n\n<p>El a\u00f1o de su despegue definitivo fue 2019, cuando logr\u00f3 en Par\u00eds su primer t\u00edtulo de Grand Slam y se convirti\u00f3 por primera vez en n\u00famero uno del mundo, una posici\u00f3n que ha ocupado desde entonces durante 119 semanas. Barty ha logrado 15 t\u00edtulos individuales y 12 de dobles en su carrera ten\u00edstica.<\/p>\n\n\n\n<p>Las redes sociales se llenaron de mensajes de apoyo por parte de fans y compa\u00f1erxs de profesi\u00f3n, dese\u00e1ndole lo mejor en esta nueva etapa de su vida.<\/p>\n\n\n\n<p>Fuente: RT.<\/p>\n","protected":false},"excerpt":{"rendered":"<p>\ud83d\udd3aAshleigh Barty, actual campeona del Abierto de Australia, dio a conocer, mediante un video, que esta decisi\u00f3n es debido al agotamiento f\u00edsico y mental. Sydney.- La n\u00famero uno del tenis mundial, la australiana Ashleigh Barty, anunci\u00f3 este mi\u00e9rcoles que se retira de este deporte a la edad de 25 a\u00f1os de edad por agotamiento f\u00edsico [&hellip;]<\/p>\n","protected":false},"author":7,"featured_media":18406,"comment_status":"closed","ping_status":"closed","sticky":false,"template":"","format":"standard","meta":{"footnotes":"","_wpscppro_dont_share_socialmedia":false,"_wpscppro_custom_social_share_image":0,"_facebook_share_type":"","_twitter_share_type":"","_linkedin_share_type":"","_pinterest_share_type":"","_linkedin_share_type_page":"","_instagram_share_type":"","_medium_share_type":"","_threads_share_type":"","_google_business_share_type":"","_selected_social_profile":[],"_wpsp_enable_custom_social_template":false,"_wpsp_social_scheduling":{"enabled":false,"datetime":null,"platforms":[],"status":"template_only","dateOption":"today","timeOption":"now","customDays":"","customHours":"","customDate":"","customTime":"","schedulingType":"absolute"},"_wpsp_active_default_template":true},"categories":[7,77],"tags":[],"class_list":["post-18404","post","type-post","status-publish","format-standard","has-post-thumbnail","hentry","category-arena-deportiva","category-internacional"],"yoast_head":"<!-- This site is optimized with the Yoast SEO plugin v27.4 - https:\/\/yoast.com\/product\/yoast-seo-wordpress\/ -->\n<title>LA TENISTA N\u00daMERO UNO DEL MUNDO ANUNCIA SU RETIRO PROFESIONAL - Inspector Nocturno<\/title>\n<meta name=\"robots\" content=\"index, follow, max-snippet:-1, max-image-preview:large, max-video-preview:-1\" \/>\n<link rel=\"canonical\" href=\"https:\/\/inspectornocturno.com.mx\/?p=18404\" \/>\n<meta property=\"og:locale\" content=\"es_ES\" \/>\n<meta property=\"og:type\" content=\"article\" \/>\n<meta property=\"og:title\" content=\"LA TENISTA N\u00daMERO UNO DEL MUNDO ANUNCIA SU RETIRO PROFESIONAL - Inspector Nocturno\" \/>\n<meta property=\"og:description\" content=\"\ud83d\udd3aAshleigh Barty, actual campeona del Abierto de Australia, dio a conocer, mediante un video, que esta decisi\u00f3n es debido al agotamiento f\u00edsico y mental. Sydney.- La n\u00famero uno del tenis mundial, la australiana Ashleigh Barty, anunci\u00f3 este mi\u00e9rcoles que se retira de este deporte a la edad de 25 a\u00f1os de edad por agotamiento f\u00edsico [&hellip;]\" \/>\n<meta property=\"og:url\" content=\"https:\/\/inspectornocturno.com.mx\/?p=18404\" \/>\n<meta property=\"og:site_name\" content=\"Inspector Nocturno\" \/>\n<meta property=\"article:published_time\" content=\"2022-03-23T16:25:35+00:00\" \/>\n<meta property=\"article:modified_time\" content=\"2022-03-23T16:25:36+00:00\" \/>\n<meta property=\"og:image\" content=\"https:\/\/inspectornocturno.com.mx\/wp-content\/uploads\/2022\/03\/images-84.jpeg\" \/>\n\t<meta property=\"og:image:width\" content=\"743\" \/>\n\t<meta property=\"og:image:height\" content=\"413\" \/>\n\t<meta property=\"og:image:type\" content=\"image\/jpeg\" \/>\n<meta name=\"author\" content=\"Inspector Nocturno\" \/>\n<meta name=\"twitter:card\" content=\"summary_large_image\" \/>\n<meta name=\"twitter:image\" content=\"https:\/\/inspectornocturno.com.mx\/wp-content\/uploads\/2022\/03\/images-84.jpeg\" \/>\n<script type=\"application\/ld+json\" class=\"yoast-schema-graph\">{\"@context\":\"https:\\\/\\\/schema.org\",\"@graph\":[{\"@type\":\"Article\",\"@id\":\"https:\\\/\\\/inspectornocturno.com.mx\\\/?p=18404#article\",\"isPartOf\":{\"@id\":\"https:\\\/\\\/inspectornocturno.com.mx\\\/?p=18404\"},\"author\":{\"name\":\"Inspector Nocturno\",\"@id\":\"https:\\\/\\\/inspectornocturno.com.mx\\\/#\\\/schema\\\/person\\\/969c25a2260bdff0de14d7ccb1e77752\"},\"headline\":\"LA TENISTA N\u00daMERO UNO DEL MUNDO ANUNCIA SU RETIRO PROFESIONAL\",\"datePublished\":\"2022-03-23T16:25:35+00:00\",\"dateModified\":\"2022-03-23T16:25:36+00:00\",\"mainEntityOfPage\":{\"@id\":\"https:\\\/\\\/inspectornocturno.com.mx\\\/?p=18404\"},\"wordCount\":525,\"publisher\":{\"@id\":\"https:\\\/\\\/inspectornocturno.com.mx\\\/#\\\/schema\\\/person\\\/63eb343fea17271215b1dd2793b27897\"},\"image\":{\"@id\":\"https:\\\/\\\/inspectornocturno.com.mx\\\/?p=18404#primaryimage\"},\"thumbnailUrl\":\"https:\\\/\\\/inspectornocturno.com.mx\\\/wp-content\\\/uploads\\\/2022\\\/03\\\/images-84.jpeg\",\"articleSection\":[\"Arena Deportiva\",\"Internacional\"],\"inLanguage\":\"es\"},{\"@type\":\"WebPage\",\"@id\":\"https:\\\/\\\/inspectornocturno.com.mx\\\/?p=18404\",\"url\":\"https:\\\/\\\/inspectornocturno.com.mx\\\/?p=18404\",\"name\":\"LA TENISTA N\u00daMERO UNO DEL MUNDO ANUNCIA SU RETIRO PROFESIONAL - Inspector Nocturno\",\"isPartOf\":{\"@id\":\"https:\\\/\\\/inspectornocturno.com.mx\\\/#website\"},\"primaryImageOfPage\":{\"@id\":\"https:\\\/\\\/inspectornocturno.com.mx\\\/?p=18404#primaryimage\"},\"image\":{\"@id\":\"https:\\\/\\\/inspectornocturno.com.mx\\\/?p=18404#primaryimage\"},\"thumbnailUrl\":\"https:\\\/\\\/inspectornocturno.com.mx\\\/wp-content\\\/uploads\\\/2022\\\/03\\\/images-84.jpeg\",\"datePublished\":\"2022-03-23T16:25:35+00:00\",\"dateModified\":\"2022-03-23T16:25:36+00:00\",\"breadcrumb\":{\"@id\":\"https:\\\/\\\/inspectornocturno.com.mx\\\/?p=18404#breadcrumb\"},\"inLanguage\":\"es\",\"potentialAction\":[{\"@type\":\"ReadAction\",\"target\":[\"https:\\\/\\\/inspectornocturno.com.mx\\\/?p=18404\"]}]},{\"@type\":\"ImageObject\",\"inLanguage\":\"es\",\"@id\":\"https:\\\/\\\/inspectornocturno.com.mx\\\/?p=18404#primaryimage\",\"url\":\"https:\\\/\\\/inspectornocturno.com.mx\\\/wp-content\\\/uploads\\\/2022\\\/03\\\/images-84.jpeg\",\"contentUrl\":\"https:\\\/\\\/inspectornocturno.com.mx\\\/wp-content\\\/uploads\\\/2022\\\/03\\\/images-84.jpeg\",\"width\":743,\"height\":413},{\"@type\":\"BreadcrumbList\",\"@id\":\"https:\\\/\\\/inspectornocturno.com.mx\\\/?p=18404#breadcrumb\",\"itemListElement\":[{\"@type\":\"ListItem\",\"position\":1,\"name\":\"Portada\",\"item\":\"https:\\\/\\\/inspectornocturno.com.mx\\\/\"},{\"@type\":\"ListItem\",\"position\":2,\"name\":\"LA TENISTA N\u00daMERO UNO DEL MUNDO ANUNCIA SU RETIRO PROFESIONAL\"}]},{\"@type\":\"WebSite\",\"@id\":\"https:\\\/\\\/inspectornocturno.com.mx\\\/#website\",\"url\":\"https:\\\/\\\/inspectornocturno.com.mx\\\/\",\"name\":\"Inspector Nocturno\",\"description\":\"Canc\u00fan, noticias al minuto del inspector nocturno\",\"publisher\":{\"@id\":\"https:\\\/\\\/inspectornocturno.com.mx\\\/#\\\/schema\\\/person\\\/63eb343fea17271215b1dd2793b27897\"},\"alternateName\":\"Noticias de impacto al momento de los hechos\",\"potentialAction\":[{\"@type\":\"SearchAction\",\"target\":{\"@type\":\"EntryPoint\",\"urlTemplate\":\"https:\\\/\\\/inspectornocturno.com.mx\\\/?s={search_term_string}\"},\"query-input\":{\"@type\":\"PropertyValueSpecification\",\"valueRequired\":true,\"valueName\":\"search_term_string\"}}],\"inLanguage\":\"es\"},{\"@type\":[\"Person\",\"Organization\"],\"@id\":\"https:\\\/\\\/inspectornocturno.com.mx\\\/#\\\/schema\\\/person\\\/63eb343fea17271215b1dd2793b27897\",\"name\":\"Inspector Nocturno\",\"image\":{\"@type\":\"ImageObject\",\"inLanguage\":\"es\",\"@id\":\"https:\\\/\\\/inspectornocturno.com.mx\\\/wp-content\\\/uploads\\\/2021\\\/10\\\/logo-transparente.png\",\"url\":\"https:\\\/\\\/inspectornocturno.com.mx\\\/wp-content\\\/uploads\\\/2021\\\/10\\\/logo-transparente.png\",\"contentUrl\":\"https:\\\/\\\/inspectornocturno.com.mx\\\/wp-content\\\/uploads\\\/2021\\\/10\\\/logo-transparente.png\",\"width\":561,\"height\":668,\"caption\":\"Inspector Nocturno\"},\"logo\":{\"@id\":\"https:\\\/\\\/inspectornocturno.com.mx\\\/wp-content\\\/uploads\\\/2021\\\/10\\\/logo-transparente.png\"},\"sameAs\":[\"http:\\\/\\\/inspectornocturno.com.mx\"]},{\"@type\":\"Person\",\"@id\":\"https:\\\/\\\/inspectornocturno.com.mx\\\/#\\\/schema\\\/person\\\/969c25a2260bdff0de14d7ccb1e77752\",\"name\":\"Inspector Nocturno\"}]}<\/script>\n<!-- \/ Yoast SEO plugin. -->","yoast_head_json":{"title":"LA TENISTA N\u00daMERO UNO DEL MUNDO ANUNCIA SU RETIRO PROFESIONAL - Inspector Nocturno","robots":{"index":"index","follow":"follow","max-snippet":"max-snippet:-1","max-image-preview":"max-image-preview:large","max-video-preview":"max-video-preview:-1"},"canonical":"https:\/\/inspectornocturno.com.mx\/?p=18404","og_locale":"es_ES","og_type":"article","og_title":"LA TENISTA N\u00daMERO UNO DEL MUNDO ANUNCIA SU RETIRO PROFESIONAL - Inspector Nocturno","og_description":"\ud83d\udd3aAshleigh Barty, actual campeona del Abierto de Australia, dio a conocer, mediante un video, que esta decisi\u00f3n es debido al agotamiento f\u00edsico y mental. Sydney.- La n\u00famero uno del tenis mundial, la australiana Ashleigh Barty, anunci\u00f3 este mi\u00e9rcoles que se retira de este deporte a la edad de 25 a\u00f1os de edad por agotamiento f\u00edsico [&hellip;]","og_url":"https:\/\/inspectornocturno.com.mx\/?p=18404","og_site_name":"Inspector Nocturno","article_published_time":"2022-03-23T16:25:35+00:00","article_modified_time":"2022-03-23T16:25:36+00:00","og_image":[{"width":743,"height":413,"url":"https:\/\/inspectornocturno.com.mx\/wp-content\/uploads\/2022\/03\/images-84.jpeg","type":"image\/jpeg"}],"author":"Inspector Nocturno","twitter_card":"summary_large_image","twitter_image":"https:\/\/inspectornocturno.com.mx\/wp-content\/uploads\/2022\/03\/images-84.jpeg","schema":{"@context":"https:\/\/schema.org","@graph":[{"@type":"Article","@id":"https:\/\/inspectornocturno.com.mx\/?p=18404#article","isPartOf":{"@id":"https:\/\/inspectornocturno.com.mx\/?p=18404"},"author":{"name":"Inspector Nocturno","@id":"https:\/\/inspectornocturno.com.mx\/#\/schema\/person\/969c25a2260bdff0de14d7ccb1e77752"},"headline":"LA TENISTA N\u00daMERO UNO DEL MUNDO ANUNCIA SU RETIRO PROFESIONAL","datePublished":"2022-03-23T16:25:35+00:00","dateModified":"2022-03-23T16:25:36+00:00","mainEntityOfPage":{"@id":"https:\/\/inspectornocturno.com.mx\/?p=18404"},"wordCount":525,"publisher":{"@id":"https:\/\/inspectornocturno.com.mx\/#\/schema\/person\/63eb343fea17271215b1dd2793b27897"},"image":{"@id":"https:\/\/inspectornocturno.com.mx\/?p=18404#primaryimage"},"thumbnailUrl":"https:\/\/inspectornocturno.com.mx\/wp-content\/uploads\/2022\/03\/images-84.jpeg","articleSection":["Arena Deportiva","Internacional"],"inLanguage":"es"},{"@type":"WebPage","@id":"https:\/\/inspectornocturno.com.mx\/?p=18404","url":"https:\/\/inspectornocturno.com.mx\/?p=18404","name":"LA TENISTA N\u00daMERO UNO DEL MUNDO ANUNCIA SU RETIRO PROFESIONAL - Inspector Nocturno","isPartOf":{"@id":"https:\/\/inspectornocturno.com.mx\/#website"},"primaryImageOfPage":{"@id":"https:\/\/inspectornocturno.com.mx\/?p=18404#primaryimage"},"image":{"@id":"https:\/\/inspectornocturno.com.mx\/?p=18404#primaryimage"},"thumbnailUrl":"https:\/\/inspectornocturno.com.mx\/wp-content\/uploads\/2022\/03\/images-84.jpeg","datePublished":"2022-03-23T16:25:35+00:00","dateModified":"2022-03-23T16:25:36+00:00","breadcrumb":{"@id":"https:\/\/inspectornocturno.com.mx\/?p=18404#breadcrumb"},"inLanguage":"es","potentialAction":[{"@type":"ReadAction","target":["https:\/\/inspectornocturno.com.mx\/?p=18404"]}]},{"@type":"ImageObject","inLanguage":"es","@id":"https:\/\/inspectornocturno.com.mx\/?p=18404#primaryimage","url":"https:\/\/inspectornocturno.com.mx\/wp-content\/uploads\/2022\/03\/images-84.jpeg","contentUrl":"https:\/\/inspectornocturno.com.mx\/wp-content\/uploads\/2022\/03\/images-84.jpeg","width":743,"height":413},{"@type":"BreadcrumbList","@id":"https:\/\/inspectornocturno.com.mx\/?p=18404#breadcrumb","itemListElement":[{"@type":"ListItem","position":1,"name":"Portada","item":"https:\/\/inspectornocturno.com.mx\/"},{"@type":"ListItem","position":2,"name":"LA TENISTA N\u00daMERO UNO DEL MUNDO ANUNCIA SU RETIRO PROFESIONAL"}]},{"@type":"WebSite","@id":"https:\/\/inspectornocturno.com.mx\/#website","url":"https:\/\/inspectornocturno.com.mx\/","name":"Inspector Nocturno","description":"Canc\u00fan, noticias al minuto del inspector nocturno","publisher":{"@id":"https:\/\/inspectornocturno.com.mx\/#\/schema\/person\/63eb343fea17271215b1dd2793b27897"},"alternateName":"Noticias de impacto al momento de los hechos","potentialAction":[{"@type":"SearchAction","target":{"@type":"EntryPoint","urlTemplate":"https:\/\/inspectornocturno.com.mx\/?s={search_term_string}"},"query-input":{"@type":"PropertyValueSpecification","valueRequired":true,"valueName":"search_term_string"}}],"inLanguage":"es"},{"@type":["Person","Organization"],"@id":"https:\/\/inspectornocturno.com.mx\/#\/schema\/person\/63eb343fea17271215b1dd2793b27897","name":"Inspector Nocturno","image":{"@type":"ImageObject","inLanguage":"es","@id":"https:\/\/inspectornocturno.com.mx\/wp-content\/uploads\/2021\/10\/logo-transparente.png","url":"https:\/\/inspectornocturno.com.mx\/wp-content\/uploads\/2021\/10\/logo-transparente.png","contentUrl":"https:\/\/inspectornocturno.com.mx\/wp-content\/uploads\/2021\/10\/logo-transparente.png","width":561,"height":668,"caption":"Inspector Nocturno"},"logo":{"@id":"https:\/\/inspectornocturno.com.mx\/wp-content\/uploads\/2021\/10\/logo-transparente.png"},"sameAs":["http:\/\/inspectornocturno.com.mx"]},{"@type":"Person","@id":"https:\/\/inspectornocturno.com.mx\/#\/schema\/person\/969c25a2260bdff0de14d7ccb1e77752","name":"Inspector Nocturno"}]}},"views":377,"_links":{"self":[{"href":"https:\/\/inspectornocturno.com.mx\/index.php?rest_route=\/wp\/v2\/posts\/18404","targetHints":{"allow":["GET"]}}],"collection":[{"href":"https:\/\/inspectornocturno.com.mx\/index.php?rest_route=\/wp\/v2\/posts"}],"about":[{"href":"https:\/\/inspectornocturno.com.mx\/index.php?rest_route=\/wp\/v2\/types\/post"}],"author":[{"embeddable":true,"href":"https:\/\/inspectornocturno.com.mx\/index.php?rest_route=\/wp\/v2\/users\/7"}],"replies":[{"embeddable":true,"href":"https:\/\/inspectornocturno.com.mx\/index.php?rest_route=%2Fwp%2Fv2%2Fcomments&post=18404"}],"version-history":[{"count":1,"href":"https:\/\/inspectornocturno.com.mx\/index.php?rest_route=\/wp\/v2\/posts\/18404\/revisions"}],"predecessor-version":[{"id":18407,"href":"https:\/\/inspectornocturno.com.mx\/index.php?rest_route=\/wp\/v2\/posts\/18404\/revisions\/18407"}],"wp:featuredmedia":[{"embeddable":true,"href":"https:\/\/inspectornocturno.com.mx\/index.php?rest_route=\/wp\/v2\/media\/18406"}],"wp:attachment":[{"href":"https:\/\/inspectornocturno.com.mx\/index.php?rest_route=%2Fwp%2Fv2%2Fmedia&parent=18404"}],"wp:term":[{"taxonomy":"category","embeddable":true,"href":"https:\/\/inspectornocturno.com.mx\/index.php?rest_route=%2Fwp%2Fv2%2Fcategories&post=18404"},{"taxonomy":"post_tag","embeddable":true,"href":"https:\/\/inspectornocturno.com.mx\/index.php?rest_route=%2Fwp%2Fv2%2Ftags&post=18404"}],"curies":[{"name":"wp","href":"https:\/\/api.w.org\/{rel}","templated":true}]}}