{"id":14397,"date":"2022-02-17T16:46:19","date_gmt":"2022-02-17T21:46:19","guid":{"rendered":"https:\/\/inspectornocturno.com.mx\/?p=14397"},"modified":"2022-02-17T16:46:20","modified_gmt":"2022-02-17T21:46:20","slug":"ya-se-encuentra-en-acapulco","status":"publish","type":"post","link":"https:\/\/inspectornocturno.com.mx\/?p=14397","title":{"rendered":"YA SE ENCUENTRA EN ACAPULCO"},"content":{"rendered":"\n<p><\/p>\n\n\n\n<p>\ud83d\udd3aPor medio de sus redes sociales, el Abierto Mexicano de Tenis comparti\u00f3 el arribo de Rafael Nadal a tierras mexicanas.<\/p>\n\n\n\n<p>Acapulco.- El tenista espa\u00f1ol, Rafael Nadal, ya est\u00e1 en Acapulco para disputar el Abierto Mexicano de Tenis, de acuerdo a lo compartido en las redes oficiales del torneo.<\/p>\n\n\n\n<figure class=\"wp-block-image size-large\"><img decoding=\"async\" width=\"683\" height=\"1024\" data-src=\"https:\/\/inspectornocturno.com.mx\/wp-content\/uploads\/2022\/02\/20220217_154147-683x1024.jpg\" alt=\"\" class=\"wp-image-14400 lazyload\" data-srcset=\"https:\/\/inspectornocturno.com.mx\/wp-content\/uploads\/2022\/02\/20220217_154147-683x1024.jpg 683w, https:\/\/inspectornocturno.com.mx\/wp-content\/uploads\/2022\/02\/20220217_154147-200x300.jpg 200w, https:\/\/inspectornocturno.com.mx\/wp-content\/uploads\/2022\/02\/20220217_154147-768x1151.jpg 768w, https:\/\/inspectornocturno.com.mx\/wp-content\/uploads\/2022\/02\/20220217_154147-1025x1536.jpg 1025w, https:\/\/inspectornocturno.com.mx\/wp-content\/uploads\/2022\/02\/20220217_154147-990x1484.jpg 990w, https:\/\/inspectornocturno.com.mx\/wp-content\/uploads\/2022\/02\/20220217_154147-1320x1979.jpg 1320w, https:\/\/inspectornocturno.com.mx\/wp-content\/uploads\/2022\/02\/20220217_154147.jpg 1366w\" data-sizes=\"(max-width: 683px) 100vw, 683px\" src=\"data:image\/svg+xml;base64,PHN2ZyB3aWR0aD0iMSIgaGVpZ2h0PSIxIiB4bWxucz0iaHR0cDovL3d3dy53My5vcmcvMjAwMC9zdmciPjwvc3ZnPg==\" style=\"--smush-placeholder-width: 683px; --smush-placeholder-aspect-ratio: 683\/1024;\" \/><\/figure>\n\n\n\n<p>El ib\u00e9rico es una de las grandes figuras del certamen tras su excelente actuaci\u00f3n en el Abierto de Australia, hace unas semanas.<\/p>\n\n\n\n<p>\u201cRafa\u201d es considerado como uno de los favoritos para ganar el torneo ATP 500. Tambi\u00e9n, se espera que sea uno de los tenistas m\u00e1s alentados por los miles de aficionados que se den cita a la contienda<\/p>\n\n\n\n<figure class=\"wp-block-image size-large\"><img decoding=\"async\" width=\"1024\" height=\"1024\" data-src=\"https:\/\/inspectornocturno.com.mx\/wp-content\/uploads\/2022\/02\/20220217_154201-1024x1024.jpg\" alt=\"\" class=\"wp-image-14401 lazyload\" data-srcset=\"https:\/\/inspectornocturno.com.mx\/wp-content\/uploads\/2022\/02\/20220217_154201-1024x1024.jpg 1024w, https:\/\/inspectornocturno.com.mx\/wp-content\/uploads\/2022\/02\/20220217_154201-300x300.jpg 300w, https:\/\/inspectornocturno.com.mx\/wp-content\/uploads\/2022\/02\/20220217_154201-150x150.jpg 150w, https:\/\/inspectornocturno.com.mx\/wp-content\/uploads\/2022\/02\/20220217_154201-768x768.jpg 768w, https:\/\/inspectornocturno.com.mx\/wp-content\/uploads\/2022\/02\/20220217_154201-65x65.jpg 65w, https:\/\/inspectornocturno.com.mx\/wp-content\/uploads\/2022\/02\/20220217_154201-990x990.jpg 990w, https:\/\/inspectornocturno.com.mx\/wp-content\/uploads\/2022\/02\/20220217_154201.jpg 1080w\" data-sizes=\"(max-width: 1024px) 100vw, 1024px\" src=\"data:image\/svg+xml;base64,PHN2ZyB3aWR0aD0iMSIgaGVpZ2h0PSIxIiB4bWxucz0iaHR0cDovL3d3dy53My5vcmcvMjAwMC9zdmciPjwvc3ZnPg==\" style=\"--smush-placeholder-width: 1024px; --smush-placeholder-aspect-ratio: 1024\/1024;\" \/><\/figure>\n\n\n\n<p>El espa\u00f1ol de 35 a\u00f1os competir\u00e1 en ell certamen de Acapulco como el tenista de la rama varonil con m\u00e1s t\u00edtulos de Grand Slam en la historia. El espa\u00f1ol alcanz\u00f3 su campeonato 21 en Australia, por lo que super\u00f3 a Novak Djokovic y Roger Federer, ambos con veinte.<\/p>\n\n\n\n<p>El Abierto Mexicano de Tenis comienza este 21 de febrero y la transmisi\u00f3n del evento vendr\u00e1 por parte de ESPN y Star+.<\/p>\n\n\n\n<p>Fuente: ESPN.<\/p>\n","protected":false},"excerpt":{"rendered":"<p>\ud83d\udd3aPor medio de sus redes sociales, el Abierto Mexicano de Tenis comparti\u00f3 el arribo de Rafael Nadal a tierras mexicanas. Acapulco.- El tenista espa\u00f1ol, Rafael Nadal, ya est\u00e1 en Acapulco para disputar el Abierto Mexicano de Tenis, de acuerdo a lo compartido en las redes oficiales del torneo. El ib\u00e9rico es una de las grandes [&hellip;]<\/p>\n","protected":false},"author":7,"featured_media":14399,"comment_status":"closed","ping_status":"closed","sticky":false,"template":"","format":"standard","meta":{"footnotes":"","_wpscppro_dont_share_socialmedia":false,"_wpscppro_custom_social_share_image":0,"_facebook_share_type":"","_twitter_share_type":"","_linkedin_share_type":"","_pinterest_share_type":"","_linkedin_share_type_page":"","_instagram_share_type":"","_medium_share_type":"","_threads_share_type":"","_google_business_share_type":"","_selected_social_profile":[],"_wpsp_enable_custom_social_template":false,"_wpsp_social_scheduling":{"enabled":false,"datetime":null,"platforms":[],"status":"template_only","dateOption":"today","timeOption":"now","customDays":"","customHours":"","customDate":"","customTime":"","schedulingType":"absolute"},"_wpsp_active_default_template":true},"categories":[7,65],"tags":[],"class_list":["post-14397","post","type-post","status-publish","format-standard","has-post-thumbnail","hentry","category-arena-deportiva","category-mexico"],"yoast_head":"<!-- This site is optimized with the Yoast SEO plugin v27.4 - https:\/\/yoast.com\/product\/yoast-seo-wordpress\/ -->\n<title>YA SE ENCUENTRA EN ACAPULCO - Inspector Nocturno<\/title>\n<meta name=\"robots\" content=\"index, follow, max-snippet:-1, max-image-preview:large, max-video-preview:-1\" \/>\n<link rel=\"canonical\" href=\"https:\/\/inspectornocturno.com.mx\/?p=14397\" \/>\n<meta property=\"og:locale\" content=\"es_ES\" \/>\n<meta property=\"og:type\" content=\"article\" \/>\n<meta property=\"og:title\" content=\"YA SE ENCUENTRA EN ACAPULCO - Inspector Nocturno\" \/>\n<meta property=\"og:description\" content=\"\ud83d\udd3aPor medio de sus redes sociales, el Abierto Mexicano de Tenis comparti\u00f3 el arribo de Rafael Nadal a tierras mexicanas. Acapulco.- El tenista espa\u00f1ol, Rafael Nadal, ya est\u00e1 en Acapulco para disputar el Abierto Mexicano de Tenis, de acuerdo a lo compartido en las redes oficiales del torneo. El ib\u00e9rico es una de las grandes [&hellip;]\" \/>\n<meta property=\"og:url\" content=\"https:\/\/inspectornocturno.com.mx\/?p=14397\" \/>\n<meta property=\"og:site_name\" content=\"Inspector Nocturno\" \/>\n<meta property=\"article:published_time\" content=\"2022-02-17T21:46:19+00:00\" \/>\n<meta property=\"article:modified_time\" content=\"2022-02-17T21:46:20+00:00\" \/>\n<meta property=\"og:image\" content=\"https:\/\/inspectornocturno.com.mx\/wp-content\/uploads\/2022\/02\/20220217_154145.jpg\" \/>\n\t<meta property=\"og:image:width\" content=\"2223\" \/>\n\t<meta property=\"og:image:height\" content=\"1482\" \/>\n\t<meta property=\"og:image:type\" content=\"image\/jpeg\" \/>\n<meta name=\"author\" content=\"Inspector Nocturno\" \/>\n<meta name=\"twitter:card\" content=\"summary_large_image\" \/>\n<meta name=\"twitter:image\" content=\"https:\/\/inspectornocturno.com.mx\/wp-content\/uploads\/2022\/02\/20220217_154145.jpg\" \/>\n<script type=\"application\/ld+json\" class=\"yoast-schema-graph\">{\"@context\":\"https:\\\/\\\/schema.org\",\"@graph\":[{\"@type\":\"Article\",\"@id\":\"https:\\\/\\\/inspectornocturno.com.mx\\\/?p=14397#article\",\"isPartOf\":{\"@id\":\"https:\\\/\\\/inspectornocturno.com.mx\\\/?p=14397\"},\"author\":{\"name\":\"Inspector Nocturno\",\"@id\":\"https:\\\/\\\/inspectornocturno.com.mx\\\/#\\\/schema\\\/person\\\/969c25a2260bdff0de14d7ccb1e77752\"},\"headline\":\"YA SE ENCUENTRA EN ACAPULCO\",\"datePublished\":\"2022-02-17T21:46:19+00:00\",\"dateModified\":\"2022-02-17T21:46:20+00:00\",\"mainEntityOfPage\":{\"@id\":\"https:\\\/\\\/inspectornocturno.com.mx\\\/?p=14397\"},\"wordCount\":192,\"publisher\":{\"@id\":\"https:\\\/\\\/inspectornocturno.com.mx\\\/#\\\/schema\\\/person\\\/63eb343fea17271215b1dd2793b27897\"},\"image\":{\"@id\":\"https:\\\/\\\/inspectornocturno.com.mx\\\/?p=14397#primaryimage\"},\"thumbnailUrl\":\"https:\\\/\\\/inspectornocturno.com.mx\\\/wp-content\\\/uploads\\\/2022\\\/02\\\/20220217_154145.jpg\",\"articleSection\":[\"Arena Deportiva\",\"M\u00e9xico\"],\"inLanguage\":\"es\"},{\"@type\":\"WebPage\",\"@id\":\"https:\\\/\\\/inspectornocturno.com.mx\\\/?p=14397\",\"url\":\"https:\\\/\\\/inspectornocturno.com.mx\\\/?p=14397\",\"name\":\"YA SE ENCUENTRA EN ACAPULCO - Inspector Nocturno\",\"isPartOf\":{\"@id\":\"https:\\\/\\\/inspectornocturno.com.mx\\\/#website\"},\"primaryImageOfPage\":{\"@id\":\"https:\\\/\\\/inspectornocturno.com.mx\\\/?p=14397#primaryimage\"},\"image\":{\"@id\":\"https:\\\/\\\/inspectornocturno.com.mx\\\/?p=14397#primaryimage\"},\"thumbnailUrl\":\"https:\\\/\\\/inspectornocturno.com.mx\\\/wp-content\\\/uploads\\\/2022\\\/02\\\/20220217_154145.jpg\",\"datePublished\":\"2022-02-17T21:46:19+00:00\",\"dateModified\":\"2022-02-17T21:46:20+00:00\",\"breadcrumb\":{\"@id\":\"https:\\\/\\\/inspectornocturno.com.mx\\\/?p=14397#breadcrumb\"},\"inLanguage\":\"es\",\"potentialAction\":[{\"@type\":\"ReadAction\",\"target\":[\"https:\\\/\\\/inspectornocturno.com.mx\\\/?p=14397\"]}]},{\"@type\":\"ImageObject\",\"inLanguage\":\"es\",\"@id\":\"https:\\\/\\\/inspectornocturno.com.mx\\\/?p=14397#primaryimage\",\"url\":\"https:\\\/\\\/inspectornocturno.com.mx\\\/wp-content\\\/uploads\\\/2022\\\/02\\\/20220217_154145.jpg\",\"contentUrl\":\"https:\\\/\\\/inspectornocturno.com.mx\\\/wp-content\\\/uploads\\\/2022\\\/02\\\/20220217_154145.jpg\",\"width\":2223,\"height\":1482},{\"@type\":\"BreadcrumbList\",\"@id\":\"https:\\\/\\\/inspectornocturno.com.mx\\\/?p=14397#breadcrumb\",\"itemListElement\":[{\"@type\":\"ListItem\",\"position\":1,\"name\":\"Portada\",\"item\":\"https:\\\/\\\/inspectornocturno.com.mx\\\/\"},{\"@type\":\"ListItem\",\"position\":2,\"name\":\"YA SE ENCUENTRA EN ACAPULCO\"}]},{\"@type\":\"WebSite\",\"@id\":\"https:\\\/\\\/inspectornocturno.com.mx\\\/#website\",\"url\":\"https:\\\/\\\/inspectornocturno.com.mx\\\/\",\"name\":\"Inspector Nocturno\",\"description\":\"Canc\u00fan, noticias al minuto del inspector nocturno\",\"publisher\":{\"@id\":\"https:\\\/\\\/inspectornocturno.com.mx\\\/#\\\/schema\\\/person\\\/63eb343fea17271215b1dd2793b27897\"},\"alternateName\":\"Noticias de impacto al momento de los hechos\",\"potentialAction\":[{\"@type\":\"SearchAction\",\"target\":{\"@type\":\"EntryPoint\",\"urlTemplate\":\"https:\\\/\\\/inspectornocturno.com.mx\\\/?s={search_term_string}\"},\"query-input\":{\"@type\":\"PropertyValueSpecification\",\"valueRequired\":true,\"valueName\":\"search_term_string\"}}],\"inLanguage\":\"es\"},{\"@type\":[\"Person\",\"Organization\"],\"@id\":\"https:\\\/\\\/inspectornocturno.com.mx\\\/#\\\/schema\\\/person\\\/63eb343fea17271215b1dd2793b27897\",\"name\":\"Inspector Nocturno\",\"image\":{\"@type\":\"ImageObject\",\"inLanguage\":\"es\",\"@id\":\"https:\\\/\\\/inspectornocturno.com.mx\\\/wp-content\\\/uploads\\\/2021\\\/10\\\/logo-transparente.png\",\"url\":\"https:\\\/\\\/inspectornocturno.com.mx\\\/wp-content\\\/uploads\\\/2021\\\/10\\\/logo-transparente.png\",\"contentUrl\":\"https:\\\/\\\/inspectornocturno.com.mx\\\/wp-content\\\/uploads\\\/2021\\\/10\\\/logo-transparente.png\",\"width\":561,\"height\":668,\"caption\":\"Inspector Nocturno\"},\"logo\":{\"@id\":\"https:\\\/\\\/inspectornocturno.com.mx\\\/wp-content\\\/uploads\\\/2021\\\/10\\\/logo-transparente.png\"},\"sameAs\":[\"http:\\\/\\\/inspectornocturno.com.mx\"]},{\"@type\":\"Person\",\"@id\":\"https:\\\/\\\/inspectornocturno.com.mx\\\/#\\\/schema\\\/person\\\/969c25a2260bdff0de14d7ccb1e77752\",\"name\":\"Inspector Nocturno\"}]}<\/script>\n<!-- \/ Yoast SEO plugin. -->","yoast_head_json":{"title":"YA SE ENCUENTRA EN ACAPULCO - Inspector Nocturno","robots":{"index":"index","follow":"follow","max-snippet":"max-snippet:-1","max-image-preview":"max-image-preview:large","max-video-preview":"max-video-preview:-1"},"canonical":"https:\/\/inspectornocturno.com.mx\/?p=14397","og_locale":"es_ES","og_type":"article","og_title":"YA SE ENCUENTRA EN ACAPULCO - Inspector Nocturno","og_description":"\ud83d\udd3aPor medio de sus redes sociales, el Abierto Mexicano de Tenis comparti\u00f3 el arribo de Rafael Nadal a tierras mexicanas. Acapulco.- El tenista espa\u00f1ol, Rafael Nadal, ya est\u00e1 en Acapulco para disputar el Abierto Mexicano de Tenis, de acuerdo a lo compartido en las redes oficiales del torneo. El ib\u00e9rico es una de las grandes [&hellip;]","og_url":"https:\/\/inspectornocturno.com.mx\/?p=14397","og_site_name":"Inspector Nocturno","article_published_time":"2022-02-17T21:46:19+00:00","article_modified_time":"2022-02-17T21:46:20+00:00","og_image":[{"width":2223,"height":1482,"url":"https:\/\/inspectornocturno.com.mx\/wp-content\/uploads\/2022\/02\/20220217_154145.jpg","type":"image\/jpeg"}],"author":"Inspector Nocturno","twitter_card":"summary_large_image","twitter_image":"https:\/\/inspectornocturno.com.mx\/wp-content\/uploads\/2022\/02\/20220217_154145.jpg","schema":{"@context":"https:\/\/schema.org","@graph":[{"@type":"Article","@id":"https:\/\/inspectornocturno.com.mx\/?p=14397#article","isPartOf":{"@id":"https:\/\/inspectornocturno.com.mx\/?p=14397"},"author":{"name":"Inspector Nocturno","@id":"https:\/\/inspectornocturno.com.mx\/#\/schema\/person\/969c25a2260bdff0de14d7ccb1e77752"},"headline":"YA SE ENCUENTRA EN ACAPULCO","datePublished":"2022-02-17T21:46:19+00:00","dateModified":"2022-02-17T21:46:20+00:00","mainEntityOfPage":{"@id":"https:\/\/inspectornocturno.com.mx\/?p=14397"},"wordCount":192,"publisher":{"@id":"https:\/\/inspectornocturno.com.mx\/#\/schema\/person\/63eb343fea17271215b1dd2793b27897"},"image":{"@id":"https:\/\/inspectornocturno.com.mx\/?p=14397#primaryimage"},"thumbnailUrl":"https:\/\/inspectornocturno.com.mx\/wp-content\/uploads\/2022\/02\/20220217_154145.jpg","articleSection":["Arena Deportiva","M\u00e9xico"],"inLanguage":"es"},{"@type":"WebPage","@id":"https:\/\/inspectornocturno.com.mx\/?p=14397","url":"https:\/\/inspectornocturno.com.mx\/?p=14397","name":"YA SE ENCUENTRA EN ACAPULCO - Inspector Nocturno","isPartOf":{"@id":"https:\/\/inspectornocturno.com.mx\/#website"},"primaryImageOfPage":{"@id":"https:\/\/inspectornocturno.com.mx\/?p=14397#primaryimage"},"image":{"@id":"https:\/\/inspectornocturno.com.mx\/?p=14397#primaryimage"},"thumbnailUrl":"https:\/\/inspectornocturno.com.mx\/wp-content\/uploads\/2022\/02\/20220217_154145.jpg","datePublished":"2022-02-17T21:46:19+00:00","dateModified":"2022-02-17T21:46:20+00:00","breadcrumb":{"@id":"https:\/\/inspectornocturno.com.mx\/?p=14397#breadcrumb"},"inLanguage":"es","potentialAction":[{"@type":"ReadAction","target":["https:\/\/inspectornocturno.com.mx\/?p=14397"]}]},{"@type":"ImageObject","inLanguage":"es","@id":"https:\/\/inspectornocturno.com.mx\/?p=14397#primaryimage","url":"https:\/\/inspectornocturno.com.mx\/wp-content\/uploads\/2022\/02\/20220217_154145.jpg","contentUrl":"https:\/\/inspectornocturno.com.mx\/wp-content\/uploads\/2022\/02\/20220217_154145.jpg","width":2223,"height":1482},{"@type":"BreadcrumbList","@id":"https:\/\/inspectornocturno.com.mx\/?p=14397#breadcrumb","itemListElement":[{"@type":"ListItem","position":1,"name":"Portada","item":"https:\/\/inspectornocturno.com.mx\/"},{"@type":"ListItem","position":2,"name":"YA SE ENCUENTRA EN ACAPULCO"}]},{"@type":"WebSite","@id":"https:\/\/inspectornocturno.com.mx\/#website","url":"https:\/\/inspectornocturno.com.mx\/","name":"Inspector Nocturno","description":"Canc\u00fan, noticias al minuto del inspector nocturno","publisher":{"@id":"https:\/\/inspectornocturno.com.mx\/#\/schema\/person\/63eb343fea17271215b1dd2793b27897"},"alternateName":"Noticias de impacto al momento de los hechos","potentialAction":[{"@type":"SearchAction","target":{"@type":"EntryPoint","urlTemplate":"https:\/\/inspectornocturno.com.mx\/?s={search_term_string}"},"query-input":{"@type":"PropertyValueSpecification","valueRequired":true,"valueName":"search_term_string"}}],"inLanguage":"es"},{"@type":["Person","Organization"],"@id":"https:\/\/inspectornocturno.com.mx\/#\/schema\/person\/63eb343fea17271215b1dd2793b27897","name":"Inspector Nocturno","image":{"@type":"ImageObject","inLanguage":"es","@id":"https:\/\/inspectornocturno.com.mx\/wp-content\/uploads\/2021\/10\/logo-transparente.png","url":"https:\/\/inspectornocturno.com.mx\/wp-content\/uploads\/2021\/10\/logo-transparente.png","contentUrl":"https:\/\/inspectornocturno.com.mx\/wp-content\/uploads\/2021\/10\/logo-transparente.png","width":561,"height":668,"caption":"Inspector Nocturno"},"logo":{"@id":"https:\/\/inspectornocturno.com.mx\/wp-content\/uploads\/2021\/10\/logo-transparente.png"},"sameAs":["http:\/\/inspectornocturno.com.mx"]},{"@type":"Person","@id":"https:\/\/inspectornocturno.com.mx\/#\/schema\/person\/969c25a2260bdff0de14d7ccb1e77752","name":"Inspector Nocturno"}]}},"views":839,"_links":{"self":[{"href":"https:\/\/inspectornocturno.com.mx\/index.php?rest_route=\/wp\/v2\/posts\/14397","targetHints":{"allow":["GET"]}}],"collection":[{"href":"https:\/\/inspectornocturno.com.mx\/index.php?rest_route=\/wp\/v2\/posts"}],"about":[{"href":"https:\/\/inspectornocturno.com.mx\/index.php?rest_route=\/wp\/v2\/types\/post"}],"author":[{"embeddable":true,"href":"https:\/\/inspectornocturno.com.mx\/index.php?rest_route=\/wp\/v2\/users\/7"}],"replies":[{"embeddable":true,"href":"https:\/\/inspectornocturno.com.mx\/index.php?rest_route=%2Fwp%2Fv2%2Fcomments&post=14397"}],"version-history":[{"count":1,"href":"https:\/\/inspectornocturno.com.mx\/index.php?rest_route=\/wp\/v2\/posts\/14397\/revisions"}],"predecessor-version":[{"id":14402,"href":"https:\/\/inspectornocturno.com.mx\/index.php?rest_route=\/wp\/v2\/posts\/14397\/revisions\/14402"}],"wp:featuredmedia":[{"embeddable":true,"href":"https:\/\/inspectornocturno.com.mx\/index.php?rest_route=\/wp\/v2\/media\/14399"}],"wp:attachment":[{"href":"https:\/\/inspectornocturno.com.mx\/index.php?rest_route=%2Fwp%2Fv2%2Fmedia&parent=14397"}],"wp:term":[{"taxonomy":"category","embeddable":true,"href":"https:\/\/inspectornocturno.com.mx\/index.php?rest_route=%2Fwp%2Fv2%2Fcategories&post=14397"},{"taxonomy":"post_tag","embeddable":true,"href":"https:\/\/inspectornocturno.com.mx\/index.php?rest_route=%2Fwp%2Fv2%2Ftags&post=14397"}],"curies":[{"name":"wp","href":"https:\/\/api.w.org\/{rel}","templated":true}]}}