{"id":11337,"date":"2022-01-18T18:06:17","date_gmt":"2022-01-18T23:06:17","guid":{"rendered":"https:\/\/inspectornocturno.com.mx\/?p=11337"},"modified":"2022-01-18T18:06:31","modified_gmt":"2022-01-18T23:06:31","slug":"asesinan-a-defensor-ambiental-de-14-anos","status":"publish","type":"post","link":"https:\/\/inspectornocturno.com.mx\/?p=11337","title":{"rendered":"ASESINAN A DEFENSOR AMBIENTAL DE 14 A\u00d1OS"},"content":{"rendered":"\n<p class=\"wp-block-paragraph\"><\/p>\n\n\n\n<p class=\"wp-block-paragraph\">\ud83d\udd3aBreiner David Cucu\u00f1ame, guardia ind\u00edgena y defensor de la \u201cMadre Tierra\u201d, muri\u00f3 en un ataque a tiros en el suroeste de Colombia.<\/p>\n\n\n\n<p class=\"wp-block-paragraph\">Nasa, Cauca.- Breiner David Cucu\u00f1ame, un guardia ind\u00edgena de 14 a\u00f1os y defensor de la &#8220;Madre Tierra&#8221;, muri\u00f3 en un ataque a tiros en el suroeste de Colombia. Lo anterior ha levantado una ola de indignaci\u00f3n y repudio en todo el pa\u00eds.<\/p>\n\n\n\n<p class=\"wp-block-paragraph\">El joven, que integraba la Guardia Ind\u00edgena Estudiantil del resguardo Las Delicias, fue asesinado el viernes cuando realizaba labores de vigilancia junto a otros integrantes de su comunidad, todos desarmados y portando bastones.<\/p>\n\n\n\n<p class=\"wp-block-paragraph\">De acuerdo con la denuncia de la comunidad de Nasa, hombres abrieron fuego contra la guardia ind\u00edgena en un p\u00e1ramo rural del municipio de Buenos Aires. Este, ha sido uno de los m\u00e1s afectados tras el proceso de paz fallido con las entonces guerrillas de las FARC.<\/p>\n\n\n\n<p class=\"wp-block-paragraph\">&#8220;A trav\u00e9s de la direcci\u00f3n de investigaci\u00f3n criminal y de inteligencia (se) ha obtenido informaci\u00f3n sobre los responsables del homicidio que ser\u00eda el grupo de narcotraficantes denominado &#8216;Jaime Mart\u00ednez&#8217; que delinque en esa zona del departamento de Cauca&#8221;, dijo el general Luis Vargas, director de la Polic\u00eda Nacional, seg\u00fan el portal El Tiempo.<\/p>\n\n\n\n<p class=\"wp-block-paragraph\">Las informaciones preliminares sostienen que el peque\u00f1o guardia habr\u00eda alertado la presencia de desconocidos al territorio, por lo que los delincuentes atacaron a la comunidad ind\u00edgena. Adem\u00e1s, se dijo que ya se est\u00e1 trabajando para dar con los presuntos responsables de este crimen.<\/p>\n\n\n\n<p class=\"wp-block-paragraph\">\u201cSu entusiasmo, ternura y alegr\u00eda era cuidar el medio ambiente, cuidar las monta\u00f1as, los r\u00edos, cuidar el territorio de su familia, pero ante todo la ternura de interpretar y ver la naturaleza\u201d, se\u00f1al\u00f3 el l\u00edder ind\u00edgena Dar\u00edo Tote.<\/p>\n\n\n\n<p class=\"wp-block-paragraph\">El presidente colombiano Iv\u00e1n Duque reaccion\u00f3 ante la noticia a trav\u00e9s de su cuenta de Twitter, donde tambi\u00e9n afirm\u00f3 que se trabajar\u00e1 con la fiscal\u00eda para esclarecer este hecho.<\/p>\n\n\n\n<p class=\"wp-block-paragraph\">Tambi\u00e9n la delegaci\u00f3n de derechos humanos de la ONU conden\u00f3 el &#8220;ataque armado contra la guardia ind\u00edgena&#8221;. Seg\u00fan Indepaz, un centro de estudios independiente, Breiner Cucu\u00f1ame es el segundo ambientalista asesinado en los primeros d\u00edas de este a\u00f1o.<\/p>\n\n\n\n<p class=\"wp-block-paragraph\">Fuente: Milenio.<\/p>\n","protected":false},"excerpt":{"rendered":"<p>\ud83d\udd3aBreiner David Cucu\u00f1ame, guardia ind\u00edgena y defensor de la \u201cMadre Tierra\u201d, muri\u00f3 en un ataque a tiros en el suroeste de Colombia. Nasa, Cauca.- Breiner David Cucu\u00f1ame, un guardia ind\u00edgena de 14 a\u00f1os y defensor de la &#8220;Madre Tierra&#8221;, muri\u00f3 en un ataque a tiros en el suroeste de Colombia. Lo anterior ha levantado una [&hellip;]<\/p>\n","protected":false},"author":1,"featured_media":11339,"comment_status":"closed","ping_status":"closed","sticky":false,"template":"","format":"standard","meta":{"footnotes":"","_wpscppro_dont_share_socialmedia":false,"_wpscppro_custom_social_share_image":0,"_facebook_share_type":"","_twitter_share_type":"","_linkedin_share_type":"","_pinterest_share_type":"","_linkedin_share_type_page":"","_instagram_share_type":"","_medium_share_type":"","_threads_share_type":"","_google_business_share_type":"","_selected_social_profile":[],"_wpsp_enable_custom_social_template":false,"_wpsp_social_scheduling":{"enabled":false,"datetime":null,"platforms":[],"status":"template_only","dateOption":"today","timeOption":"now","customDays":"","customHours":"","customDate":"","customTime":"","schedulingType":"absolute"},"_wpsp_active_default_template":true},"categories":[77,75],"tags":[],"class_list":["post-11337","post","type-post","status-publish","format-standard","has-post-thumbnail","hentry","category-internacional","category-policia"],"yoast_head":"<!-- This site is optimized with the Yoast SEO plugin v27.7 - https:\/\/yoast.com\/product\/yoast-seo-wordpress\/ -->\n<title>ASESINAN A DEFENSOR AMBIENTAL DE 14 A\u00d1OS - Inspector Nocturno<\/title>\n<meta name=\"robots\" content=\"index, follow, max-snippet:-1, max-image-preview:large, max-video-preview:-1\" \/>\n<link rel=\"canonical\" href=\"https:\/\/inspectornocturno.com.mx\/?p=11337\" \/>\n<meta property=\"og:locale\" content=\"es_ES\" \/>\n<meta property=\"og:type\" content=\"article\" \/>\n<meta property=\"og:title\" content=\"ASESINAN A DEFENSOR AMBIENTAL DE 14 A\u00d1OS - Inspector Nocturno\" \/>\n<meta property=\"og:description\" content=\"\ud83d\udd3aBreiner David Cucu\u00f1ame, guardia ind\u00edgena y defensor de la \u201cMadre Tierra\u201d, muri\u00f3 en un ataque a tiros en el suroeste de Colombia. Nasa, Cauca.- Breiner David Cucu\u00f1ame, un guardia ind\u00edgena de 14 a\u00f1os y defensor de la &#8220;Madre Tierra&#8221;, muri\u00f3 en un ataque a tiros en el suroeste de Colombia. Lo anterior ha levantado una [&hellip;]\" \/>\n<meta property=\"og:url\" content=\"https:\/\/inspectornocturno.com.mx\/?p=11337\" \/>\n<meta property=\"og:site_name\" content=\"Inspector Nocturno\" \/>\n<meta property=\"article:published_time\" content=\"2022-01-18T23:06:17+00:00\" \/>\n<meta property=\"article:modified_time\" content=\"2022-01-18T23:06:31+00:00\" \/>\n<meta property=\"og:image\" content=\"https:\/\/inspectornocturno.com.mx\/wp-content\/uploads\/2022\/01\/images-71.jpeg\" \/>\n\t<meta property=\"og:image:width\" content=\"739\" \/>\n\t<meta property=\"og:image:height\" content=\"415\" \/>\n\t<meta property=\"og:image:type\" content=\"image\/jpeg\" \/>\n<meta name=\"author\" content=\"inspector nocturno, noticias al momento, noticias de ultima hora, informando al minuto\" \/>\n<meta name=\"twitter:card\" content=\"summary_large_image\" \/>\n<meta name=\"twitter:image\" content=\"https:\/\/inspectornocturno.com.mx\/wp-content\/uploads\/2022\/01\/images-71.jpeg\" \/>\n<script type=\"application\/ld+json\" class=\"yoast-schema-graph\">{\"@context\":\"https:\\\/\\\/schema.org\",\"@graph\":[{\"@type\":\"Article\",\"@id\":\"https:\\\/\\\/inspectornocturno.com.mx\\\/?p=11337#article\",\"isPartOf\":{\"@id\":\"https:\\\/\\\/inspectornocturno.com.mx\\\/?p=11337\"},\"author\":{\"name\":\"inspector nocturno, noticias al momento, noticias de ultima hora, informando al minuto\",\"@id\":\"https:\\\/\\\/inspectornocturno.com.mx\\\/#\\\/schema\\\/person\\\/7dc0a76c90dafd204473535370236590\"},\"headline\":\"ASESINAN A DEFENSOR AMBIENTAL DE 14 A\u00d1OS\",\"datePublished\":\"2022-01-18T23:06:17+00:00\",\"dateModified\":\"2022-01-18T23:06:31+00:00\",\"mainEntityOfPage\":{\"@id\":\"https:\\\/\\\/inspectornocturno.com.mx\\\/?p=11337\"},\"wordCount\":395,\"publisher\":{\"@id\":\"https:\\\/\\\/inspectornocturno.com.mx\\\/#\\\/schema\\\/person\\\/63eb343fea17271215b1dd2793b27897\"},\"image\":{\"@id\":\"https:\\\/\\\/inspectornocturno.com.mx\\\/?p=11337#primaryimage\"},\"thumbnailUrl\":\"https:\\\/\\\/inspectornocturno.com.mx\\\/wp-content\\\/uploads\\\/2022\\\/01\\\/images-71.jpeg\",\"articleSection\":[\"Internacional\",\"Polic\u00eda\"],\"inLanguage\":\"es\"},{\"@type\":\"WebPage\",\"@id\":\"https:\\\/\\\/inspectornocturno.com.mx\\\/?p=11337\",\"url\":\"https:\\\/\\\/inspectornocturno.com.mx\\\/?p=11337\",\"name\":\"ASESINAN A DEFENSOR AMBIENTAL DE 14 A\u00d1OS - Inspector Nocturno\",\"isPartOf\":{\"@id\":\"https:\\\/\\\/inspectornocturno.com.mx\\\/#website\"},\"primaryImageOfPage\":{\"@id\":\"https:\\\/\\\/inspectornocturno.com.mx\\\/?p=11337#primaryimage\"},\"image\":{\"@id\":\"https:\\\/\\\/inspectornocturno.com.mx\\\/?p=11337#primaryimage\"},\"thumbnailUrl\":\"https:\\\/\\\/inspectornocturno.com.mx\\\/wp-content\\\/uploads\\\/2022\\\/01\\\/images-71.jpeg\",\"datePublished\":\"2022-01-18T23:06:17+00:00\",\"dateModified\":\"2022-01-18T23:06:31+00:00\",\"breadcrumb\":{\"@id\":\"https:\\\/\\\/inspectornocturno.com.mx\\\/?p=11337#breadcrumb\"},\"inLanguage\":\"es\",\"potentialAction\":[{\"@type\":\"ReadAction\",\"target\":[\"https:\\\/\\\/inspectornocturno.com.mx\\\/?p=11337\"]}]},{\"@type\":\"ImageObject\",\"inLanguage\":\"es\",\"@id\":\"https:\\\/\\\/inspectornocturno.com.mx\\\/?p=11337#primaryimage\",\"url\":\"https:\\\/\\\/inspectornocturno.com.mx\\\/wp-content\\\/uploads\\\/2022\\\/01\\\/images-71.jpeg\",\"contentUrl\":\"https:\\\/\\\/inspectornocturno.com.mx\\\/wp-content\\\/uploads\\\/2022\\\/01\\\/images-71.jpeg\",\"width\":739,\"height\":415},{\"@type\":\"BreadcrumbList\",\"@id\":\"https:\\\/\\\/inspectornocturno.com.mx\\\/?p=11337#breadcrumb\",\"itemListElement\":[{\"@type\":\"ListItem\",\"position\":1,\"name\":\"Portada\",\"item\":\"https:\\\/\\\/inspectornocturno.com.mx\\\/\"},{\"@type\":\"ListItem\",\"position\":2,\"name\":\"ASESINAN A DEFENSOR AMBIENTAL DE 14 A\u00d1OS\"}]},{\"@type\":\"WebSite\",\"@id\":\"https:\\\/\\\/inspectornocturno.com.mx\\\/#website\",\"url\":\"https:\\\/\\\/inspectornocturno.com.mx\\\/\",\"name\":\"Inspector Nocturno\",\"description\":\"Canc\u00fan, noticias al minuto del inspector nocturno\",\"publisher\":{\"@id\":\"https:\\\/\\\/inspectornocturno.com.mx\\\/#\\\/schema\\\/person\\\/63eb343fea17271215b1dd2793b27897\"},\"alternateName\":\"Noticias de impacto al momento de los hechos\",\"potentialAction\":[{\"@type\":\"SearchAction\",\"target\":{\"@type\":\"EntryPoint\",\"urlTemplate\":\"https:\\\/\\\/inspectornocturno.com.mx\\\/?s={search_term_string}\"},\"query-input\":{\"@type\":\"PropertyValueSpecification\",\"valueRequired\":true,\"valueName\":\"search_term_string\"}}],\"inLanguage\":\"es\"},{\"@type\":[\"Person\",\"Organization\"],\"@id\":\"https:\\\/\\\/inspectornocturno.com.mx\\\/#\\\/schema\\\/person\\\/63eb343fea17271215b1dd2793b27897\",\"name\":\"Inspector Nocturno\",\"image\":{\"@type\":\"ImageObject\",\"inLanguage\":\"es\",\"@id\":\"https:\\\/\\\/inspectornocturno.com.mx\\\/wp-content\\\/uploads\\\/2021\\\/10\\\/logo-transparente.png\",\"url\":\"https:\\\/\\\/inspectornocturno.com.mx\\\/wp-content\\\/uploads\\\/2021\\\/10\\\/logo-transparente.png\",\"contentUrl\":\"https:\\\/\\\/inspectornocturno.com.mx\\\/wp-content\\\/uploads\\\/2021\\\/10\\\/logo-transparente.png\",\"width\":561,\"height\":668,\"caption\":\"Inspector Nocturno\"},\"logo\":{\"@id\":\"https:\\\/\\\/inspectornocturno.com.mx\\\/wp-content\\\/uploads\\\/2021\\\/10\\\/logo-transparente.png\"},\"sameAs\":[\"http:\\\/\\\/inspectornocturno.com.mx\"]},{\"@type\":\"Person\",\"@id\":\"https:\\\/\\\/inspectornocturno.com.mx\\\/#\\\/schema\\\/person\\\/7dc0a76c90dafd204473535370236590\",\"name\":\"inspector nocturno, noticias al momento, noticias de ultima hora, informando al minuto\",\"sameAs\":[\"https:\\\/\\\/inspectornocturno.com.mx\"]}]}<\/script>\n<!-- \/ Yoast SEO plugin. -->","yoast_head_json":{"title":"ASESINAN A DEFENSOR AMBIENTAL DE 14 A\u00d1OS - Inspector Nocturno","robots":{"index":"index","follow":"follow","max-snippet":"max-snippet:-1","max-image-preview":"max-image-preview:large","max-video-preview":"max-video-preview:-1"},"canonical":"https:\/\/inspectornocturno.com.mx\/?p=11337","og_locale":"es_ES","og_type":"article","og_title":"ASESINAN A DEFENSOR AMBIENTAL DE 14 A\u00d1OS - Inspector Nocturno","og_description":"\ud83d\udd3aBreiner David Cucu\u00f1ame, guardia ind\u00edgena y defensor de la \u201cMadre Tierra\u201d, muri\u00f3 en un ataque a tiros en el suroeste de Colombia. Nasa, Cauca.- Breiner David Cucu\u00f1ame, un guardia ind\u00edgena de 14 a\u00f1os y defensor de la &#8220;Madre Tierra&#8221;, muri\u00f3 en un ataque a tiros en el suroeste de Colombia. Lo anterior ha levantado una [&hellip;]","og_url":"https:\/\/inspectornocturno.com.mx\/?p=11337","og_site_name":"Inspector Nocturno","article_published_time":"2022-01-18T23:06:17+00:00","article_modified_time":"2022-01-18T23:06:31+00:00","og_image":[{"width":739,"height":415,"url":"https:\/\/inspectornocturno.com.mx\/wp-content\/uploads\/2022\/01\/images-71.jpeg","type":"image\/jpeg"}],"author":"inspector nocturno, noticias al momento, noticias de ultima hora, informando al minuto","twitter_card":"summary_large_image","twitter_image":"https:\/\/inspectornocturno.com.mx\/wp-content\/uploads\/2022\/01\/images-71.jpeg","schema":{"@context":"https:\/\/schema.org","@graph":[{"@type":"Article","@id":"https:\/\/inspectornocturno.com.mx\/?p=11337#article","isPartOf":{"@id":"https:\/\/inspectornocturno.com.mx\/?p=11337"},"author":{"name":"inspector nocturno, noticias al momento, noticias de ultima hora, informando al minuto","@id":"https:\/\/inspectornocturno.com.mx\/#\/schema\/person\/7dc0a76c90dafd204473535370236590"},"headline":"ASESINAN A DEFENSOR AMBIENTAL DE 14 A\u00d1OS","datePublished":"2022-01-18T23:06:17+00:00","dateModified":"2022-01-18T23:06:31+00:00","mainEntityOfPage":{"@id":"https:\/\/inspectornocturno.com.mx\/?p=11337"},"wordCount":395,"publisher":{"@id":"https:\/\/inspectornocturno.com.mx\/#\/schema\/person\/63eb343fea17271215b1dd2793b27897"},"image":{"@id":"https:\/\/inspectornocturno.com.mx\/?p=11337#primaryimage"},"thumbnailUrl":"https:\/\/inspectornocturno.com.mx\/wp-content\/uploads\/2022\/01\/images-71.jpeg","articleSection":["Internacional","Polic\u00eda"],"inLanguage":"es"},{"@type":"WebPage","@id":"https:\/\/inspectornocturno.com.mx\/?p=11337","url":"https:\/\/inspectornocturno.com.mx\/?p=11337","name":"ASESINAN A DEFENSOR AMBIENTAL DE 14 A\u00d1OS - Inspector Nocturno","isPartOf":{"@id":"https:\/\/inspectornocturno.com.mx\/#website"},"primaryImageOfPage":{"@id":"https:\/\/inspectornocturno.com.mx\/?p=11337#primaryimage"},"image":{"@id":"https:\/\/inspectornocturno.com.mx\/?p=11337#primaryimage"},"thumbnailUrl":"https:\/\/inspectornocturno.com.mx\/wp-content\/uploads\/2022\/01\/images-71.jpeg","datePublished":"2022-01-18T23:06:17+00:00","dateModified":"2022-01-18T23:06:31+00:00","breadcrumb":{"@id":"https:\/\/inspectornocturno.com.mx\/?p=11337#breadcrumb"},"inLanguage":"es","potentialAction":[{"@type":"ReadAction","target":["https:\/\/inspectornocturno.com.mx\/?p=11337"]}]},{"@type":"ImageObject","inLanguage":"es","@id":"https:\/\/inspectornocturno.com.mx\/?p=11337#primaryimage","url":"https:\/\/inspectornocturno.com.mx\/wp-content\/uploads\/2022\/01\/images-71.jpeg","contentUrl":"https:\/\/inspectornocturno.com.mx\/wp-content\/uploads\/2022\/01\/images-71.jpeg","width":739,"height":415},{"@type":"BreadcrumbList","@id":"https:\/\/inspectornocturno.com.mx\/?p=11337#breadcrumb","itemListElement":[{"@type":"ListItem","position":1,"name":"Portada","item":"https:\/\/inspectornocturno.com.mx\/"},{"@type":"ListItem","position":2,"name":"ASESINAN A DEFENSOR AMBIENTAL DE 14 A\u00d1OS"}]},{"@type":"WebSite","@id":"https:\/\/inspectornocturno.com.mx\/#website","url":"https:\/\/inspectornocturno.com.mx\/","name":"Inspector Nocturno","description":"Canc\u00fan, noticias al minuto del inspector nocturno","publisher":{"@id":"https:\/\/inspectornocturno.com.mx\/#\/schema\/person\/63eb343fea17271215b1dd2793b27897"},"alternateName":"Noticias de impacto al momento de los hechos","potentialAction":[{"@type":"SearchAction","target":{"@type":"EntryPoint","urlTemplate":"https:\/\/inspectornocturno.com.mx\/?s={search_term_string}"},"query-input":{"@type":"PropertyValueSpecification","valueRequired":true,"valueName":"search_term_string"}}],"inLanguage":"es"},{"@type":["Person","Organization"],"@id":"https:\/\/inspectornocturno.com.mx\/#\/schema\/person\/63eb343fea17271215b1dd2793b27897","name":"Inspector Nocturno","image":{"@type":"ImageObject","inLanguage":"es","@id":"https:\/\/inspectornocturno.com.mx\/wp-content\/uploads\/2021\/10\/logo-transparente.png","url":"https:\/\/inspectornocturno.com.mx\/wp-content\/uploads\/2021\/10\/logo-transparente.png","contentUrl":"https:\/\/inspectornocturno.com.mx\/wp-content\/uploads\/2021\/10\/logo-transparente.png","width":561,"height":668,"caption":"Inspector Nocturno"},"logo":{"@id":"https:\/\/inspectornocturno.com.mx\/wp-content\/uploads\/2021\/10\/logo-transparente.png"},"sameAs":["http:\/\/inspectornocturno.com.mx"]},{"@type":"Person","@id":"https:\/\/inspectornocturno.com.mx\/#\/schema\/person\/7dc0a76c90dafd204473535370236590","name":"inspector nocturno, noticias al momento, noticias de ultima hora, informando al minuto","sameAs":["https:\/\/inspectornocturno.com.mx"]}]}},"views":825,"_links":{"self":[{"href":"https:\/\/inspectornocturno.com.mx\/index.php?rest_route=\/wp\/v2\/posts\/11337","targetHints":{"allow":["GET"]}}],"collection":[{"href":"https:\/\/inspectornocturno.com.mx\/index.php?rest_route=\/wp\/v2\/posts"}],"about":[{"href":"https:\/\/inspectornocturno.com.mx\/index.php?rest_route=\/wp\/v2\/types\/post"}],"author":[{"embeddable":true,"href":"https:\/\/inspectornocturno.com.mx\/index.php?rest_route=\/wp\/v2\/users\/1"}],"replies":[{"embeddable":true,"href":"https:\/\/inspectornocturno.com.mx\/index.php?rest_route=%2Fwp%2Fv2%2Fcomments&post=11337"}],"version-history":[{"count":1,"href":"https:\/\/inspectornocturno.com.mx\/index.php?rest_route=\/wp\/v2\/posts\/11337\/revisions"}],"predecessor-version":[{"id":11342,"href":"https:\/\/inspectornocturno.com.mx\/index.php?rest_route=\/wp\/v2\/posts\/11337\/revisions\/11342"}],"wp:featuredmedia":[{"embeddable":true,"href":"https:\/\/inspectornocturno.com.mx\/index.php?rest_route=\/wp\/v2\/media\/11339"}],"wp:attachment":[{"href":"https:\/\/inspectornocturno.com.mx\/index.php?rest_route=%2Fwp%2Fv2%2Fmedia&parent=11337"}],"wp:term":[{"taxonomy":"category","embeddable":true,"href":"https:\/\/inspectornocturno.com.mx\/index.php?rest_route=%2Fwp%2Fv2%2Fcategories&post=11337"},{"taxonomy":"post_tag","embeddable":true,"href":"https:\/\/inspectornocturno.com.mx\/index.php?rest_route=%2Fwp%2Fv2%2Ftags&post=11337"}],"curies":[{"name":"wp","href":"https:\/\/api.w.org\/{rel}","templated":true}]}}