{"id":110689,"date":"2026-09-04T20:33:17","date_gmt":"2026-09-05T01:33:17","guid":{"rendered":"https:\/\/inspectornocturno.com.mx\/?p=110689"},"modified":"2026-09-04T20:33:20","modified_gmt":"2026-09-05T01:33:20","slug":"imparten-platicas-de-prevencion-de-suicido-en-escuelas-de-cancun","status":"publish","type":"post","link":"https:\/\/inspectornocturno.com.mx\/?p=110689","title":{"rendered":"IMPARTEN PL\u00c1TICAS DE PREVENCI\u00d3N DE SUICIDO EN ESCUELAS DE CANC\u00daN"},"content":{"rendered":"\n<p class=\"wp-block-paragraph\">\ud83d\udd3a Sobre cuatro temas importantes: Adicciones, Depresi\u00f3n y ansiedad, Acoso escolar y Cutting \u2022 Se destaca la importancia de la atenci\u00f3n integral en salud mental, que se puede solicitar en el IMCA<\/p>\n\n\n\n<p class=\"wp-block-paragraph\">#InspectorNocturno\ud83d\udd75\ud83c\udffd\u200d\u2642\ufe0f\ud83d\udd0e #Canc\u00fan #Noticias\ud83d\udea8\ud83d\ude93\ud83d\ude91<\/p>\n\n\n\n<p class=\"wp-block-paragraph\">Previo a la conmemoraci\u00f3n del D\u00eda Mundial de la Prevenci\u00f3n del Suicidio que es el 10 de septiembre, el Ayuntamiento de Benito Ju\u00e1rez, a trav\u00e9s del Instituto Municipal contra las Adicciones (IMCA), llev\u00f3 una pl\u00e1tica sobre ese tema para los alumnos del Centro de Estudios Tecnol\u00f3gicos del Mar No. 41, ubicado en la Supermanzana 259, como parte del programa permanente \u201cYo No Soy C\u00f3mplice\u201d.<\/p>\n\n\n\n<p class=\"wp-block-paragraph\">El director de dicha instancia, Alberto Ortu\u00f1o B\u00e1ez, habl\u00f3 con las y los estudiantes desde su experiencia en el consumo de sustancias, destacando que se da por problemas emocionales como abandono y rechazo, que los van orillando a tomar malas decisiones, por eso es importante el acercamiento de la prevenci\u00f3n en esta edad para que ellos se den cuenta que se puede salir de ese c\u00edrculo negativo.<\/p>\n\n\n\n<p class=\"wp-block-paragraph\">Tambi\u00e9n subray\u00f3 que independientemente de si consumen o no estupefacientes, es importante la atenci\u00f3n integral en salud mental para combatir y tratar el trastorno mental que abarca la ansiedad y depresi\u00f3n, que se pueden trabajar la mayor parte de las veces con acompa\u00f1amiento de expertos, a trav\u00e9s de terapias y grupos de apoyo que se pueden tomar en el IMCA.<\/p>\n\n\n\n<p class=\"wp-block-paragraph\">\u201cSi no hacen conciencia y dicen: no quiero vivir lo que vivieron \u00e9stos, no quiero quedar en ese viaje, no quiero matar a alguien, no me quiero accidentar; si tu no lo decides no te vamos a poder ayudar. Nosotros cumplimos con pasarte el mensaje, nuestra propia experiencia que no fue nada buena, pero ll\u00e9vatelo de tarea\u201d, dijo.<\/p>\n\n\n\n<p class=\"wp-block-paragraph\">La directora del plantel, Virginia P\u00e9rez Herrera, consider\u00f3 que es un factor importante hablar de manera directa con los adolescentes, por la etapa que se encuentran de su vida, como el refuerzo a rechazar el consumo de drogas y el cuidado de la salud mental.<\/p>\n\n\n\n<p class=\"wp-block-paragraph\">El regidor de la Comisi\u00f3n de Bienestar, Participaci\u00f3n Ciudadana y Derechos Humanos, Marcos Basilio Sald\u00edvar, resalt\u00f3 que la prevenci\u00f3n es la herramienta m\u00e1s importante para cuidar a la juventud, gracias a una visi\u00f3n humanista que permiti\u00f3 la creaci\u00f3n del IMCA hace a\u00f1os para llegar a este sector poblaci\u00f3n, a fin de prevenir el alto \u00edndice de consumo que hay en Canc\u00fan.<\/p>\n\n\n\n<p class=\"wp-block-paragraph\">Como parte de la estrategia, las y los alumnos asistieron a las pl\u00e1ticas de varios temas en sus salones de clase: Adicciones (conductuales y a sustancias); Depresi\u00f3n y ansiedad; Acoso escolar (bullying) y Cutting (autolesiones), por lo que al final elaboraron carteles con el planteamiento de las soluciones a esas problem\u00e1ticas.<\/p>\n\n\n\n<p class=\"wp-block-paragraph\">************<\/p>\n","protected":false},"excerpt":{"rendered":"<p>\ud83d\udd3a Sobre cuatro temas importantes: Adicciones, Depresi\u00f3n y ansiedad, Acoso escolar y Cutting \u2022 Se destaca la importancia de la atenci\u00f3n integral en salud mental, que se puede solicitar en el IMCA #InspectorNocturno\ud83d\udd75\ud83c\udffd\u200d\u2642\ufe0f\ud83d\udd0e #Canc\u00fan #Noticias\ud83d\udea8\ud83d\ude93\ud83d\ude91 Previo a la conmemoraci\u00f3n del D\u00eda Mundial de la Prevenci\u00f3n del Suicidio que es el 10 de septiembre, el Ayuntamiento [&hellip;]<\/p>\n","protected":false},"author":9,"featured_media":110691,"comment_status":"closed","ping_status":"closed","sticky":false,"template":"","format":"standard","meta":{"footnotes":"","_wpscppro_dont_share_socialmedia":false,"_wpscppro_custom_social_share_image":0,"_facebook_share_type":"default","_twitter_share_type":"default","_linkedin_share_type":"default","_pinterest_share_type":"default","_linkedin_share_type_page":"default","_instagram_share_type":"default","_medium_share_type":"default","_threads_share_type":"default","_google_business_share_type":"default","_selected_social_profile":[{"id":753595702106742800,"platform":"twitter","platformKey":0,"name":"InspectorNocturnoOficial","thumbnail_url":"http:\/\/pbs.twimg.com\/profile_images\/869067525337862144\/lyGXp0kf_normal.jpg","share_type":"default"}],"_wpsp_enable_custom_social_template":false,"_wpsp_social_scheduling":{"enabled":false,"datetime":null,"platforms":[],"status":"template_only","dateOption":"today","timeOption":"now","customDays":"","customHours":"","customDate":"","customTime":"","schedulingType":"absolute"},"_wpsp_active_default_template":true},"categories":[57,3],"tags":[],"class_list":["post-110689","post","type-post","status-publish","format-standard","has-post-thumbnail","hentry","category-cancun","category-quintana-roo"],"yoast_head":"<!-- This site is optimized with the Yoast SEO plugin v27.7 - https:\/\/yoast.com\/product\/yoast-seo-wordpress\/ -->\n<title>IMPARTEN PL\u00c1TICAS DE PREVENCI\u00d3N DE SUICIDO EN ESCUELAS DE CANC\u00daN - Inspector Nocturno<\/title>\n<meta name=\"robots\" content=\"index, follow, max-snippet:-1, max-image-preview:large, max-video-preview:-1\" \/>\n<link rel=\"canonical\" href=\"https:\/\/inspectornocturno.com.mx\/?p=110689\" \/>\n<meta property=\"og:locale\" content=\"es_ES\" \/>\n<meta property=\"og:type\" content=\"article\" \/>\n<meta property=\"og:title\" content=\"IMPARTEN PL\u00c1TICAS DE PREVENCI\u00d3N DE SUICIDO EN ESCUELAS DE CANC\u00daN - Inspector Nocturno\" \/>\n<meta property=\"og:description\" content=\"\ud83d\udd3a Sobre cuatro temas importantes: Adicciones, Depresi\u00f3n y ansiedad, Acoso escolar y Cutting \u2022 Se destaca la importancia de la atenci\u00f3n integral en salud mental, que se puede solicitar en el IMCA #InspectorNocturno\ud83d\udd75\ud83c\udffd\u200d\u2642\ufe0f\ud83d\udd0e #Canc\u00fan #Noticias\ud83d\udea8\ud83d\ude93\ud83d\ude91 Previo a la conmemoraci\u00f3n del D\u00eda Mundial de la Prevenci\u00f3n del Suicidio que es el 10 de septiembre, el Ayuntamiento [&hellip;]\" \/>\n<meta property=\"og:url\" content=\"https:\/\/inspectornocturno.com.mx\/?p=110689\" \/>\n<meta property=\"og:site_name\" content=\"Inspector Nocturno\" \/>\n<meta property=\"article:published_time\" content=\"2026-09-05T01:33:17+00:00\" \/>\n<meta property=\"article:modified_time\" content=\"2026-09-05T01:33:20+00:00\" \/>\n<meta property=\"og:image\" content=\"https:\/\/inspectornocturno.com.mx\/wp-content\/uploads\/2026\/09\/IMG-20260904-WA0087-scaled.jpg\" \/>\n\t<meta property=\"og:image:width\" content=\"900\" \/>\n\t<meta property=\"og:image:height\" content=\"515\" \/>\n\t<meta property=\"og:image:type\" content=\"image\/jpeg\" \/>\n<meta name=\"author\" content=\"Inspector Nocturno\" \/>\n<meta name=\"twitter:card\" content=\"summary_large_image\" \/>\n<script type=\"application\/ld+json\" class=\"yoast-schema-graph\">{\"@context\":\"https:\\\/\\\/schema.org\",\"@graph\":[{\"@type\":\"Article\",\"@id\":\"https:\\\/\\\/inspectornocturno.com.mx\\\/?p=110689#article\",\"isPartOf\":{\"@id\":\"https:\\\/\\\/inspectornocturno.com.mx\\\/?p=110689\"},\"author\":{\"name\":\"Inspector Nocturno\",\"@id\":\"https:\\\/\\\/inspectornocturno.com.mx\\\/#\\\/schema\\\/person\\\/e9418c22a987eae8f9a24e3f6f11b64a\"},\"headline\":\"IMPARTEN PL\u00c1TICAS DE PREVENCI\u00d3N DE SUICIDO EN ESCUELAS DE CANC\u00daN\",\"datePublished\":\"2026-09-05T01:33:17+00:00\",\"dateModified\":\"2026-09-05T01:33:20+00:00\",\"mainEntityOfPage\":{\"@id\":\"https:\\\/\\\/inspectornocturno.com.mx\\\/?p=110689\"},\"wordCount\":484,\"publisher\":{\"@id\":\"https:\\\/\\\/inspectornocturno.com.mx\\\/#\\\/schema\\\/person\\\/63eb343fea17271215b1dd2793b27897\"},\"image\":{\"@id\":\"https:\\\/\\\/inspectornocturno.com.mx\\\/?p=110689#primaryimage\"},\"thumbnailUrl\":\"https:\\\/\\\/inspectornocturno.com.mx\\\/wp-content\\\/uploads\\\/2026\\\/09\\\/IMG-20260904-WA0087-scaled.jpg\",\"articleSection\":[\"Canc\u00fan\",\"Quintana Roo\"],\"inLanguage\":\"es\"},{\"@type\":\"WebPage\",\"@id\":\"https:\\\/\\\/inspectornocturno.com.mx\\\/?p=110689\",\"url\":\"https:\\\/\\\/inspectornocturno.com.mx\\\/?p=110689\",\"name\":\"IMPARTEN PL\u00c1TICAS DE PREVENCI\u00d3N DE SUICIDO EN ESCUELAS DE CANC\u00daN - Inspector Nocturno\",\"isPartOf\":{\"@id\":\"https:\\\/\\\/inspectornocturno.com.mx\\\/#website\"},\"primaryImageOfPage\":{\"@id\":\"https:\\\/\\\/inspectornocturno.com.mx\\\/?p=110689#primaryimage\"},\"image\":{\"@id\":\"https:\\\/\\\/inspectornocturno.com.mx\\\/?p=110689#primaryimage\"},\"thumbnailUrl\":\"https:\\\/\\\/inspectornocturno.com.mx\\\/wp-content\\\/uploads\\\/2026\\\/09\\\/IMG-20260904-WA0087-scaled.jpg\",\"datePublished\":\"2026-09-05T01:33:17+00:00\",\"dateModified\":\"2026-09-05T01:33:20+00:00\",\"breadcrumb\":{\"@id\":\"https:\\\/\\\/inspectornocturno.com.mx\\\/?p=110689#breadcrumb\"},\"inLanguage\":\"es\",\"potentialAction\":[{\"@type\":\"ReadAction\",\"target\":[\"https:\\\/\\\/inspectornocturno.com.mx\\\/?p=110689\"]}]},{\"@type\":\"ImageObject\",\"inLanguage\":\"es\",\"@id\":\"https:\\\/\\\/inspectornocturno.com.mx\\\/?p=110689#primaryimage\",\"url\":\"https:\\\/\\\/inspectornocturno.com.mx\\\/wp-content\\\/uploads\\\/2026\\\/09\\\/IMG-20260904-WA0087-scaled.jpg\",\"contentUrl\":\"https:\\\/\\\/inspectornocturno.com.mx\\\/wp-content\\\/uploads\\\/2026\\\/09\\\/IMG-20260904-WA0087-scaled.jpg\",\"width\":900,\"height\":515},{\"@type\":\"BreadcrumbList\",\"@id\":\"https:\\\/\\\/inspectornocturno.com.mx\\\/?p=110689#breadcrumb\",\"itemListElement\":[{\"@type\":\"ListItem\",\"position\":1,\"name\":\"Portada\",\"item\":\"https:\\\/\\\/inspectornocturno.com.mx\\\/\"},{\"@type\":\"ListItem\",\"position\":2,\"name\":\"IMPARTEN PL\u00c1TICAS DE PREVENCI\u00d3N DE SUICIDO EN ESCUELAS DE CANC\u00daN\"}]},{\"@type\":\"WebSite\",\"@id\":\"https:\\\/\\\/inspectornocturno.com.mx\\\/#website\",\"url\":\"https:\\\/\\\/inspectornocturno.com.mx\\\/\",\"name\":\"Inspector Nocturno\",\"description\":\"Canc\u00fan, noticias al minuto del inspector nocturno\",\"publisher\":{\"@id\":\"https:\\\/\\\/inspectornocturno.com.mx\\\/#\\\/schema\\\/person\\\/63eb343fea17271215b1dd2793b27897\"},\"alternateName\":\"Noticias de impacto al momento de los hechos\",\"potentialAction\":[{\"@type\":\"SearchAction\",\"target\":{\"@type\":\"EntryPoint\",\"urlTemplate\":\"https:\\\/\\\/inspectornocturno.com.mx\\\/?s={search_term_string}\"},\"query-input\":{\"@type\":\"PropertyValueSpecification\",\"valueRequired\":true,\"valueName\":\"search_term_string\"}}],\"inLanguage\":\"es\"},{\"@type\":[\"Person\",\"Organization\"],\"@id\":\"https:\\\/\\\/inspectornocturno.com.mx\\\/#\\\/schema\\\/person\\\/63eb343fea17271215b1dd2793b27897\",\"name\":\"Inspector Nocturno\",\"image\":{\"@type\":\"ImageObject\",\"inLanguage\":\"es\",\"@id\":\"https:\\\/\\\/inspectornocturno.com.mx\\\/wp-content\\\/uploads\\\/2021\\\/10\\\/logo-transparente.png\",\"url\":\"https:\\\/\\\/inspectornocturno.com.mx\\\/wp-content\\\/uploads\\\/2021\\\/10\\\/logo-transparente.png\",\"contentUrl\":\"https:\\\/\\\/inspectornocturno.com.mx\\\/wp-content\\\/uploads\\\/2021\\\/10\\\/logo-transparente.png\",\"width\":561,\"height\":668,\"caption\":\"Inspector Nocturno\"},\"logo\":{\"@id\":\"https:\\\/\\\/inspectornocturno.com.mx\\\/wp-content\\\/uploads\\\/2021\\\/10\\\/logo-transparente.png\"},\"sameAs\":[\"http:\\\/\\\/inspectornocturno.com.mx\"]},{\"@type\":\"Person\",\"@id\":\"https:\\\/\\\/inspectornocturno.com.mx\\\/#\\\/schema\\\/person\\\/e9418c22a987eae8f9a24e3f6f11b64a\",\"name\":\"Inspector Nocturno\"}]}<\/script>\n<!-- \/ Yoast SEO plugin. -->","yoast_head_json":{"title":"IMPARTEN PL\u00c1TICAS DE PREVENCI\u00d3N DE SUICIDO EN ESCUELAS DE CANC\u00daN - Inspector Nocturno","robots":{"index":"index","follow":"follow","max-snippet":"max-snippet:-1","max-image-preview":"max-image-preview:large","max-video-preview":"max-video-preview:-1"},"canonical":"https:\/\/inspectornocturno.com.mx\/?p=110689","og_locale":"es_ES","og_type":"article","og_title":"IMPARTEN PL\u00c1TICAS DE PREVENCI\u00d3N DE SUICIDO EN ESCUELAS DE CANC\u00daN - Inspector Nocturno","og_description":"\ud83d\udd3a Sobre cuatro temas importantes: Adicciones, Depresi\u00f3n y ansiedad, Acoso escolar y Cutting \u2022 Se destaca la importancia de la atenci\u00f3n integral en salud mental, que se puede solicitar en el IMCA #InspectorNocturno\ud83d\udd75\ud83c\udffd\u200d\u2642\ufe0f\ud83d\udd0e #Canc\u00fan #Noticias\ud83d\udea8\ud83d\ude93\ud83d\ude91 Previo a la conmemoraci\u00f3n del D\u00eda Mundial de la Prevenci\u00f3n del Suicidio que es el 10 de septiembre, el Ayuntamiento [&hellip;]","og_url":"https:\/\/inspectornocturno.com.mx\/?p=110689","og_site_name":"Inspector Nocturno","article_published_time":"2026-09-05T01:33:17+00:00","article_modified_time":"2026-09-05T01:33:20+00:00","og_image":[{"width":900,"height":515,"url":"https:\/\/inspectornocturno.com.mx\/wp-content\/uploads\/2026\/09\/IMG-20260904-WA0087-scaled.jpg","type":"image\/jpeg"}],"author":"Inspector Nocturno","twitter_card":"summary_large_image","schema":{"@context":"https:\/\/schema.org","@graph":[{"@type":"Article","@id":"https:\/\/inspectornocturno.com.mx\/?p=110689#article","isPartOf":{"@id":"https:\/\/inspectornocturno.com.mx\/?p=110689"},"author":{"name":"Inspector Nocturno","@id":"https:\/\/inspectornocturno.com.mx\/#\/schema\/person\/e9418c22a987eae8f9a24e3f6f11b64a"},"headline":"IMPARTEN PL\u00c1TICAS DE PREVENCI\u00d3N DE SUICIDO EN ESCUELAS DE CANC\u00daN","datePublished":"2026-09-05T01:33:17+00:00","dateModified":"2026-09-05T01:33:20+00:00","mainEntityOfPage":{"@id":"https:\/\/inspectornocturno.com.mx\/?p=110689"},"wordCount":484,"publisher":{"@id":"https:\/\/inspectornocturno.com.mx\/#\/schema\/person\/63eb343fea17271215b1dd2793b27897"},"image":{"@id":"https:\/\/inspectornocturno.com.mx\/?p=110689#primaryimage"},"thumbnailUrl":"https:\/\/inspectornocturno.com.mx\/wp-content\/uploads\/2026\/09\/IMG-20260904-WA0087-scaled.jpg","articleSection":["Canc\u00fan","Quintana Roo"],"inLanguage":"es"},{"@type":"WebPage","@id":"https:\/\/inspectornocturno.com.mx\/?p=110689","url":"https:\/\/inspectornocturno.com.mx\/?p=110689","name":"IMPARTEN PL\u00c1TICAS DE PREVENCI\u00d3N DE SUICIDO EN ESCUELAS DE CANC\u00daN - Inspector Nocturno","isPartOf":{"@id":"https:\/\/inspectornocturno.com.mx\/#website"},"primaryImageOfPage":{"@id":"https:\/\/inspectornocturno.com.mx\/?p=110689#primaryimage"},"image":{"@id":"https:\/\/inspectornocturno.com.mx\/?p=110689#primaryimage"},"thumbnailUrl":"https:\/\/inspectornocturno.com.mx\/wp-content\/uploads\/2026\/09\/IMG-20260904-WA0087-scaled.jpg","datePublished":"2026-09-05T01:33:17+00:00","dateModified":"2026-09-05T01:33:20+00:00","breadcrumb":{"@id":"https:\/\/inspectornocturno.com.mx\/?p=110689#breadcrumb"},"inLanguage":"es","potentialAction":[{"@type":"ReadAction","target":["https:\/\/inspectornocturno.com.mx\/?p=110689"]}]},{"@type":"ImageObject","inLanguage":"es","@id":"https:\/\/inspectornocturno.com.mx\/?p=110689#primaryimage","url":"https:\/\/inspectornocturno.com.mx\/wp-content\/uploads\/2026\/09\/IMG-20260904-WA0087-scaled.jpg","contentUrl":"https:\/\/inspectornocturno.com.mx\/wp-content\/uploads\/2026\/09\/IMG-20260904-WA0087-scaled.jpg","width":900,"height":515},{"@type":"BreadcrumbList","@id":"https:\/\/inspectornocturno.com.mx\/?p=110689#breadcrumb","itemListElement":[{"@type":"ListItem","position":1,"name":"Portada","item":"https:\/\/inspectornocturno.com.mx\/"},{"@type":"ListItem","position":2,"name":"IMPARTEN PL\u00c1TICAS DE PREVENCI\u00d3N DE SUICIDO EN ESCUELAS DE CANC\u00daN"}]},{"@type":"WebSite","@id":"https:\/\/inspectornocturno.com.mx\/#website","url":"https:\/\/inspectornocturno.com.mx\/","name":"Inspector Nocturno","description":"Canc\u00fan, noticias al minuto del inspector nocturno","publisher":{"@id":"https:\/\/inspectornocturno.com.mx\/#\/schema\/person\/63eb343fea17271215b1dd2793b27897"},"alternateName":"Noticias de impacto al momento de los hechos","potentialAction":[{"@type":"SearchAction","target":{"@type":"EntryPoint","urlTemplate":"https:\/\/inspectornocturno.com.mx\/?s={search_term_string}"},"query-input":{"@type":"PropertyValueSpecification","valueRequired":true,"valueName":"search_term_string"}}],"inLanguage":"es"},{"@type":["Person","Organization"],"@id":"https:\/\/inspectornocturno.com.mx\/#\/schema\/person\/63eb343fea17271215b1dd2793b27897","name":"Inspector Nocturno","image":{"@type":"ImageObject","inLanguage":"es","@id":"https:\/\/inspectornocturno.com.mx\/wp-content\/uploads\/2021\/10\/logo-transparente.png","url":"https:\/\/inspectornocturno.com.mx\/wp-content\/uploads\/2021\/10\/logo-transparente.png","contentUrl":"https:\/\/inspectornocturno.com.mx\/wp-content\/uploads\/2021\/10\/logo-transparente.png","width":561,"height":668,"caption":"Inspector Nocturno"},"logo":{"@id":"https:\/\/inspectornocturno.com.mx\/wp-content\/uploads\/2021\/10\/logo-transparente.png"},"sameAs":["http:\/\/inspectornocturno.com.mx"]},{"@type":"Person","@id":"https:\/\/inspectornocturno.com.mx\/#\/schema\/person\/e9418c22a987eae8f9a24e3f6f11b64a","name":"Inspector Nocturno"}]}},"views":2,"_links":{"self":[{"href":"https:\/\/inspectornocturno.com.mx\/index.php?rest_route=\/wp\/v2\/posts\/110689","targetHints":{"allow":["GET"]}}],"collection":[{"href":"https:\/\/inspectornocturno.com.mx\/index.php?rest_route=\/wp\/v2\/posts"}],"about":[{"href":"https:\/\/inspectornocturno.com.mx\/index.php?rest_route=\/wp\/v2\/types\/post"}],"author":[{"embeddable":true,"href":"https:\/\/inspectornocturno.com.mx\/index.php?rest_route=\/wp\/v2\/users\/9"}],"replies":[{"embeddable":true,"href":"https:\/\/inspectornocturno.com.mx\/index.php?rest_route=%2Fwp%2Fv2%2Fcomments&post=110689"}],"version-history":[{"count":1,"href":"https:\/\/inspectornocturno.com.mx\/index.php?rest_route=\/wp\/v2\/posts\/110689\/revisions"}],"predecessor-version":[{"id":110692,"href":"https:\/\/inspectornocturno.com.mx\/index.php?rest_route=\/wp\/v2\/posts\/110689\/revisions\/110692"}],"wp:featuredmedia":[{"embeddable":true,"href":"https:\/\/inspectornocturno.com.mx\/index.php?rest_route=\/wp\/v2\/media\/110691"}],"wp:attachment":[{"href":"https:\/\/inspectornocturno.com.mx\/index.php?rest_route=%2Fwp%2Fv2%2Fmedia&parent=110689"}],"wp:term":[{"taxonomy":"category","embeddable":true,"href":"https:\/\/inspectornocturno.com.mx\/index.php?rest_route=%2Fwp%2Fv2%2Fcategories&post=110689"},{"taxonomy":"post_tag","embeddable":true,"href":"https:\/\/inspectornocturno.com.mx\/index.php?rest_route=%2Fwp%2Fv2%2Ftags&post=110689"}],"curies":[{"name":"wp","href":"https:\/\/api.w.org\/{rel}","templated":true}]}}