{"id":110648,"date":"2026-09-04T00:06:22","date_gmt":"2026-09-04T05:06:22","guid":{"rendered":"https:\/\/inspectornocturno.com.mx\/?p=110648"},"modified":"2026-09-04T00:06:24","modified_gmt":"2026-09-04T05:06:24","slug":"conato-de-incendio-en-la-torre-orion-moviliza-a-los-cuerpos-de-emergencia","status":"publish","type":"post","link":"https:\/\/inspectornocturno.com.mx\/?p=110648","title":{"rendered":"CONATO DE INCENDIO EN LA TORRE ORI\u00d3N MOVILIZA A LOS CUERPOS DE EMERGENCIA"},"content":{"rendered":"\n<p class=\"wp-block-paragraph\">\ud83d\udd3aLas autoridades llegaron hasta el lugar y el cuerpo de bomberos se aproxim\u00f3 hasta la zona para atender la conflagraci\u00f3n.<\/p>\n\n\n\n<p class=\"wp-block-paragraph\">#InspectorNocturno\ud83d\udd75\ud83c\udffd\u200d\u2642\ufe0f&nbsp;&nbsp;#Monterrey #Nacional #Noticias \ud83d\udd34\ud83d\ude94\ud83d\udc6e\ud83c\udffb\u200d\u2642\ufe0f<\/p>\n\n\n\n<p class=\"wp-block-paragraph\">Momentos de tensi\u00f3n se vivieron en una de las oficinas de la Torre Ori\u00f3n, en la ciudad de Monterrey cuando se registr\u00f3 un conato de incendio en el lugar, que moviliz\u00f3 a los cuerpos de emergencias.<\/p>\n\n\n\n<figure class=\"wp-block-image size-large\"><img decoding=\"async\" width=\"1024\" height=\"575\" data-src=\"https:\/\/inspectornocturno.com.mx\/wp-content\/uploads\/2026\/09\/IMG_7391-1024x575.png\" alt=\"\" class=\"wp-image-110649 lazyload\" data-srcset=\"https:\/\/inspectornocturno.com.mx\/wp-content\/uploads\/2026\/09\/IMG_7391-1024x575.png 1024w, https:\/\/inspectornocturno.com.mx\/wp-content\/uploads\/2026\/09\/IMG_7391-300x168.png 300w, https:\/\/inspectornocturno.com.mx\/wp-content\/uploads\/2026\/09\/IMG_7391-768x432.png 768w, https:\/\/inspectornocturno.com.mx\/wp-content\/uploads\/2026\/09\/IMG_7391-1536x863.png 1536w, https:\/\/inspectornocturno.com.mx\/wp-content\/uploads\/2026\/09\/IMG_7391-990x556.png 990w, https:\/\/inspectornocturno.com.mx\/wp-content\/uploads\/2026\/09\/IMG_7391-1320x742.png 1320w, https:\/\/inspectornocturno.com.mx\/wp-content\/uploads\/2026\/09\/IMG_7391-470x264.png 470w, https:\/\/inspectornocturno.com.mx\/wp-content\/uploads\/2026\/09\/IMG_7391-640x360.png 640w, https:\/\/inspectornocturno.com.mx\/wp-content\/uploads\/2026\/09\/IMG_7391-215x120.png 215w, https:\/\/inspectornocturno.com.mx\/wp-content\/uploads\/2026\/09\/IMG_7391-414x232.png 414w, https:\/\/inspectornocturno.com.mx\/wp-content\/uploads\/2026\/09\/IMG_7391-scaled.png 900w\" data-sizes=\"(max-width: 1024px) 100vw, 1024px\" src=\"data:image\/svg+xml;base64,PHN2ZyB3aWR0aD0iMSIgaGVpZ2h0PSIxIiB4bWxucz0iaHR0cDovL3d3dy53My5vcmcvMjAwMC9zdmciPjwvc3ZnPg==\" style=\"--smush-placeholder-width: 1024px; --smush-placeholder-aspect-ratio: 1024\/575;\" \/><\/figure>\n\n\n\n<p class=\"wp-block-paragraph\">Ante la situaci\u00f3n, las instalaciones fueron evacuadas como medida preventiva, mientras los equipos de emergencia acudieron para controlar y verificar la situaci\u00f3n.<\/p>\n\n\n\n<p class=\"wp-block-paragraph\">Trabajadores y personas que se encontraban en el inmueble fueron desalojados, mientras se realizaban las labores correspondientes para descartar cualquier riesgo.<\/p>\n\n\n\n<p class=\"wp-block-paragraph\">Hasta el momento no se reportan personas lesionadas. Las autoridades mantienen la atenci\u00f3n en el lugar.<\/p>\n\n\n\n<p class=\"wp-block-paragraph\">Informaci\u00f3n redes&nbsp;<\/p>\n","protected":false},"excerpt":{"rendered":"<p>\ud83d\udd3aLas autoridades llegaron hasta el lugar y el cuerpo de bomberos se aproxim\u00f3 hasta la zona para atender la conflagraci\u00f3n. #InspectorNocturno\ud83d\udd75\ud83c\udffd\u200d\u2642\ufe0f&nbsp;&nbsp;#Monterrey #Nacional #Noticias \ud83d\udd34\ud83d\ude94\ud83d\udc6e\ud83c\udffb\u200d\u2642\ufe0f Momentos de tensi\u00f3n se vivieron en una de las oficinas de la Torre Ori\u00f3n, en la ciudad de Monterrey cuando se registr\u00f3 un conato de incendio en el lugar, que moviliz\u00f3 [&hellip;]<\/p>\n","protected":false},"author":10,"featured_media":110649,"comment_status":"closed","ping_status":"closed","sticky":false,"template":"","format":"standard","meta":{"footnotes":"","_wpscppro_dont_share_socialmedia":false,"_wpscppro_custom_social_share_image":0,"_facebook_share_type":"default","_twitter_share_type":"default","_linkedin_share_type":"default","_pinterest_share_type":"default","_linkedin_share_type_page":"","_instagram_share_type":"default","_medium_share_type":"default","_threads_share_type":"default","_google_business_share_type":"default","_selected_social_profile":[],"_wpsp_enable_custom_social_template":false,"_wpsp_social_scheduling":{"enabled":false,"datetime":null,"platforms":[],"status":"template_only","dateOption":"today","timeOption":"now","customDays":"","customHours":"","customDate":"","customTime":"","schedulingType":"absolute"},"_wpsp_active_default_template":true},"categories":[1],"tags":[],"class_list":["post-110648","post","type-post","status-publish","format-standard","has-post-thumbnail","hentry","category-varios-noticias-al-minuto"],"yoast_head":"<!-- This site is optimized with the Yoast SEO plugin v27.7 - https:\/\/yoast.com\/product\/yoast-seo-wordpress\/ -->\n<title>CONATO DE INCENDIO EN LA TORRE ORI\u00d3N MOVILIZA A LOS CUERPOS DE EMERGENCIA - Inspector Nocturno<\/title>\n<meta name=\"robots\" content=\"index, follow, max-snippet:-1, max-image-preview:large, max-video-preview:-1\" \/>\n<link rel=\"canonical\" href=\"https:\/\/inspectornocturno.com.mx\/?p=110648\" \/>\n<meta property=\"og:locale\" content=\"es_ES\" \/>\n<meta property=\"og:type\" content=\"article\" \/>\n<meta property=\"og:title\" content=\"CONATO DE INCENDIO EN LA TORRE ORI\u00d3N MOVILIZA A LOS CUERPOS DE EMERGENCIA - Inspector Nocturno\" \/>\n<meta property=\"og:description\" content=\"\ud83d\udd3aLas autoridades llegaron hasta el lugar y el cuerpo de bomberos se aproxim\u00f3 hasta la zona para atender la conflagraci\u00f3n. #InspectorNocturno\ud83d\udd75\ud83c\udffd\u200d\u2642\ufe0f&nbsp;&nbsp;#Monterrey #Nacional #Noticias \ud83d\udd34\ud83d\ude94\ud83d\udc6e\ud83c\udffb\u200d\u2642\ufe0f Momentos de tensi\u00f3n se vivieron en una de las oficinas de la Torre Ori\u00f3n, en la ciudad de Monterrey cuando se registr\u00f3 un conato de incendio en el lugar, que moviliz\u00f3 [&hellip;]\" \/>\n<meta property=\"og:url\" content=\"https:\/\/inspectornocturno.com.mx\/?p=110648\" \/>\n<meta property=\"og:site_name\" content=\"Inspector Nocturno\" \/>\n<meta property=\"article:published_time\" content=\"2026-09-04T05:06:22+00:00\" \/>\n<meta property=\"article:modified_time\" content=\"2026-09-04T05:06:24+00:00\" \/>\n<meta property=\"og:image\" content=\"https:\/\/inspectornocturno.com.mx\/wp-content\/uploads\/2026\/09\/IMG_7391-scaled.png\" \/>\n\t<meta property=\"og:image:width\" content=\"900\" \/>\n\t<meta property=\"og:image:height\" content=\"506\" \/>\n\t<meta property=\"og:image:type\" content=\"image\/png\" \/>\n<meta name=\"author\" content=\"Inspector Nocturno\" \/>\n<meta name=\"twitter:card\" content=\"summary_large_image\" \/>\n<meta name=\"twitter:image\" content=\"https:\/\/inspectornocturno.com.mx\/wp-content\/uploads\/2026\/09\/IMG_7391-scaled.png\" \/>\n<script type=\"application\/ld+json\" class=\"yoast-schema-graph\">{\"@context\":\"https:\\\/\\\/schema.org\",\"@graph\":[{\"@type\":\"Article\",\"@id\":\"https:\\\/\\\/inspectornocturno.com.mx\\\/?p=110648#article\",\"isPartOf\":{\"@id\":\"https:\\\/\\\/inspectornocturno.com.mx\\\/?p=110648\"},\"author\":{\"name\":\"Inspector Nocturno\",\"@id\":\"https:\\\/\\\/inspectornocturno.com.mx\\\/#\\\/schema\\\/person\\\/0fa9058e787ba1832e7e687380f72fe6\"},\"headline\":\"CONATO DE INCENDIO EN LA TORRE ORI\u00d3N MOVILIZA A LOS CUERPOS DE EMERGENCIA\",\"datePublished\":\"2026-09-04T05:06:22+00:00\",\"dateModified\":\"2026-09-04T05:06:24+00:00\",\"mainEntityOfPage\":{\"@id\":\"https:\\\/\\\/inspectornocturno.com.mx\\\/?p=110648\"},\"wordCount\":145,\"publisher\":{\"@id\":\"https:\\\/\\\/inspectornocturno.com.mx\\\/#\\\/schema\\\/person\\\/63eb343fea17271215b1dd2793b27897\"},\"image\":{\"@id\":\"https:\\\/\\\/inspectornocturno.com.mx\\\/?p=110648#primaryimage\"},\"thumbnailUrl\":\"https:\\\/\\\/inspectornocturno.com.mx\\\/wp-content\\\/uploads\\\/2026\\\/09\\\/IMG_7391-scaled.png\",\"articleSection\":[\"varios\"],\"inLanguage\":\"es\"},{\"@type\":\"WebPage\",\"@id\":\"https:\\\/\\\/inspectornocturno.com.mx\\\/?p=110648\",\"url\":\"https:\\\/\\\/inspectornocturno.com.mx\\\/?p=110648\",\"name\":\"CONATO DE INCENDIO EN LA TORRE ORI\u00d3N MOVILIZA A LOS CUERPOS DE EMERGENCIA - Inspector Nocturno\",\"isPartOf\":{\"@id\":\"https:\\\/\\\/inspectornocturno.com.mx\\\/#website\"},\"primaryImageOfPage\":{\"@id\":\"https:\\\/\\\/inspectornocturno.com.mx\\\/?p=110648#primaryimage\"},\"image\":{\"@id\":\"https:\\\/\\\/inspectornocturno.com.mx\\\/?p=110648#primaryimage\"},\"thumbnailUrl\":\"https:\\\/\\\/inspectornocturno.com.mx\\\/wp-content\\\/uploads\\\/2026\\\/09\\\/IMG_7391-scaled.png\",\"datePublished\":\"2026-09-04T05:06:22+00:00\",\"dateModified\":\"2026-09-04T05:06:24+00:00\",\"breadcrumb\":{\"@id\":\"https:\\\/\\\/inspectornocturno.com.mx\\\/?p=110648#breadcrumb\"},\"inLanguage\":\"es\",\"potentialAction\":[{\"@type\":\"ReadAction\",\"target\":[\"https:\\\/\\\/inspectornocturno.com.mx\\\/?p=110648\"]}]},{\"@type\":\"ImageObject\",\"inLanguage\":\"es\",\"@id\":\"https:\\\/\\\/inspectornocturno.com.mx\\\/?p=110648#primaryimage\",\"url\":\"https:\\\/\\\/inspectornocturno.com.mx\\\/wp-content\\\/uploads\\\/2026\\\/09\\\/IMG_7391-scaled.png\",\"contentUrl\":\"https:\\\/\\\/inspectornocturno.com.mx\\\/wp-content\\\/uploads\\\/2026\\\/09\\\/IMG_7391-scaled.png\",\"width\":900,\"height\":506},{\"@type\":\"BreadcrumbList\",\"@id\":\"https:\\\/\\\/inspectornocturno.com.mx\\\/?p=110648#breadcrumb\",\"itemListElement\":[{\"@type\":\"ListItem\",\"position\":1,\"name\":\"Portada\",\"item\":\"https:\\\/\\\/inspectornocturno.com.mx\\\/\"},{\"@type\":\"ListItem\",\"position\":2,\"name\":\"CONATO DE INCENDIO EN LA TORRE ORI\u00d3N MOVILIZA A LOS CUERPOS DE EMERGENCIA\"}]},{\"@type\":\"WebSite\",\"@id\":\"https:\\\/\\\/inspectornocturno.com.mx\\\/#website\",\"url\":\"https:\\\/\\\/inspectornocturno.com.mx\\\/\",\"name\":\"Inspector Nocturno\",\"description\":\"Canc\u00fan, noticias al minuto del inspector nocturno\",\"publisher\":{\"@id\":\"https:\\\/\\\/inspectornocturno.com.mx\\\/#\\\/schema\\\/person\\\/63eb343fea17271215b1dd2793b27897\"},\"alternateName\":\"Noticias de impacto al momento de los hechos\",\"potentialAction\":[{\"@type\":\"SearchAction\",\"target\":{\"@type\":\"EntryPoint\",\"urlTemplate\":\"https:\\\/\\\/inspectornocturno.com.mx\\\/?s={search_term_string}\"},\"query-input\":{\"@type\":\"PropertyValueSpecification\",\"valueRequired\":true,\"valueName\":\"search_term_string\"}}],\"inLanguage\":\"es\"},{\"@type\":[\"Person\",\"Organization\"],\"@id\":\"https:\\\/\\\/inspectornocturno.com.mx\\\/#\\\/schema\\\/person\\\/63eb343fea17271215b1dd2793b27897\",\"name\":\"Inspector Nocturno\",\"image\":{\"@type\":\"ImageObject\",\"inLanguage\":\"es\",\"@id\":\"https:\\\/\\\/inspectornocturno.com.mx\\\/wp-content\\\/uploads\\\/2021\\\/10\\\/logo-transparente.png\",\"url\":\"https:\\\/\\\/inspectornocturno.com.mx\\\/wp-content\\\/uploads\\\/2021\\\/10\\\/logo-transparente.png\",\"contentUrl\":\"https:\\\/\\\/inspectornocturno.com.mx\\\/wp-content\\\/uploads\\\/2021\\\/10\\\/logo-transparente.png\",\"width\":561,\"height\":668,\"caption\":\"Inspector Nocturno\"},\"logo\":{\"@id\":\"https:\\\/\\\/inspectornocturno.com.mx\\\/wp-content\\\/uploads\\\/2021\\\/10\\\/logo-transparente.png\"},\"sameAs\":[\"http:\\\/\\\/inspectornocturno.com.mx\"]},{\"@type\":\"Person\",\"@id\":\"https:\\\/\\\/inspectornocturno.com.mx\\\/#\\\/schema\\\/person\\\/0fa9058e787ba1832e7e687380f72fe6\",\"name\":\"Inspector Nocturno\",\"sameAs\":[\"https:\\\/\\\/inspectornocturno.com.mx\\\/\"]}]}<\/script>\n<!-- \/ Yoast SEO plugin. -->","yoast_head_json":{"title":"CONATO DE INCENDIO EN LA TORRE ORI\u00d3N MOVILIZA A LOS CUERPOS DE EMERGENCIA - Inspector Nocturno","robots":{"index":"index","follow":"follow","max-snippet":"max-snippet:-1","max-image-preview":"max-image-preview:large","max-video-preview":"max-video-preview:-1"},"canonical":"https:\/\/inspectornocturno.com.mx\/?p=110648","og_locale":"es_ES","og_type":"article","og_title":"CONATO DE INCENDIO EN LA TORRE ORI\u00d3N MOVILIZA A LOS CUERPOS DE EMERGENCIA - Inspector Nocturno","og_description":"\ud83d\udd3aLas autoridades llegaron hasta el lugar y el cuerpo de bomberos se aproxim\u00f3 hasta la zona para atender la conflagraci\u00f3n. #InspectorNocturno\ud83d\udd75\ud83c\udffd\u200d\u2642\ufe0f&nbsp;&nbsp;#Monterrey #Nacional #Noticias \ud83d\udd34\ud83d\ude94\ud83d\udc6e\ud83c\udffb\u200d\u2642\ufe0f Momentos de tensi\u00f3n se vivieron en una de las oficinas de la Torre Ori\u00f3n, en la ciudad de Monterrey cuando se registr\u00f3 un conato de incendio en el lugar, que moviliz\u00f3 [&hellip;]","og_url":"https:\/\/inspectornocturno.com.mx\/?p=110648","og_site_name":"Inspector Nocturno","article_published_time":"2026-09-04T05:06:22+00:00","article_modified_time":"2026-09-04T05:06:24+00:00","og_image":[{"width":900,"height":506,"url":"https:\/\/inspectornocturno.com.mx\/wp-content\/uploads\/2026\/09\/IMG_7391-scaled.png","type":"image\/png"}],"author":"Inspector Nocturno","twitter_card":"summary_large_image","twitter_image":"https:\/\/inspectornocturno.com.mx\/wp-content\/uploads\/2026\/09\/IMG_7391-scaled.png","schema":{"@context":"https:\/\/schema.org","@graph":[{"@type":"Article","@id":"https:\/\/inspectornocturno.com.mx\/?p=110648#article","isPartOf":{"@id":"https:\/\/inspectornocturno.com.mx\/?p=110648"},"author":{"name":"Inspector Nocturno","@id":"https:\/\/inspectornocturno.com.mx\/#\/schema\/person\/0fa9058e787ba1832e7e687380f72fe6"},"headline":"CONATO DE INCENDIO EN LA TORRE ORI\u00d3N MOVILIZA A LOS CUERPOS DE EMERGENCIA","datePublished":"2026-09-04T05:06:22+00:00","dateModified":"2026-09-04T05:06:24+00:00","mainEntityOfPage":{"@id":"https:\/\/inspectornocturno.com.mx\/?p=110648"},"wordCount":145,"publisher":{"@id":"https:\/\/inspectornocturno.com.mx\/#\/schema\/person\/63eb343fea17271215b1dd2793b27897"},"image":{"@id":"https:\/\/inspectornocturno.com.mx\/?p=110648#primaryimage"},"thumbnailUrl":"https:\/\/inspectornocturno.com.mx\/wp-content\/uploads\/2026\/09\/IMG_7391-scaled.png","articleSection":["varios"],"inLanguage":"es"},{"@type":"WebPage","@id":"https:\/\/inspectornocturno.com.mx\/?p=110648","url":"https:\/\/inspectornocturno.com.mx\/?p=110648","name":"CONATO DE INCENDIO EN LA TORRE ORI\u00d3N MOVILIZA A LOS CUERPOS DE EMERGENCIA - Inspector Nocturno","isPartOf":{"@id":"https:\/\/inspectornocturno.com.mx\/#website"},"primaryImageOfPage":{"@id":"https:\/\/inspectornocturno.com.mx\/?p=110648#primaryimage"},"image":{"@id":"https:\/\/inspectornocturno.com.mx\/?p=110648#primaryimage"},"thumbnailUrl":"https:\/\/inspectornocturno.com.mx\/wp-content\/uploads\/2026\/09\/IMG_7391-scaled.png","datePublished":"2026-09-04T05:06:22+00:00","dateModified":"2026-09-04T05:06:24+00:00","breadcrumb":{"@id":"https:\/\/inspectornocturno.com.mx\/?p=110648#breadcrumb"},"inLanguage":"es","potentialAction":[{"@type":"ReadAction","target":["https:\/\/inspectornocturno.com.mx\/?p=110648"]}]},{"@type":"ImageObject","inLanguage":"es","@id":"https:\/\/inspectornocturno.com.mx\/?p=110648#primaryimage","url":"https:\/\/inspectornocturno.com.mx\/wp-content\/uploads\/2026\/09\/IMG_7391-scaled.png","contentUrl":"https:\/\/inspectornocturno.com.mx\/wp-content\/uploads\/2026\/09\/IMG_7391-scaled.png","width":900,"height":506},{"@type":"BreadcrumbList","@id":"https:\/\/inspectornocturno.com.mx\/?p=110648#breadcrumb","itemListElement":[{"@type":"ListItem","position":1,"name":"Portada","item":"https:\/\/inspectornocturno.com.mx\/"},{"@type":"ListItem","position":2,"name":"CONATO DE INCENDIO EN LA TORRE ORI\u00d3N MOVILIZA A LOS CUERPOS DE EMERGENCIA"}]},{"@type":"WebSite","@id":"https:\/\/inspectornocturno.com.mx\/#website","url":"https:\/\/inspectornocturno.com.mx\/","name":"Inspector Nocturno","description":"Canc\u00fan, noticias al minuto del inspector nocturno","publisher":{"@id":"https:\/\/inspectornocturno.com.mx\/#\/schema\/person\/63eb343fea17271215b1dd2793b27897"},"alternateName":"Noticias de impacto al momento de los hechos","potentialAction":[{"@type":"SearchAction","target":{"@type":"EntryPoint","urlTemplate":"https:\/\/inspectornocturno.com.mx\/?s={search_term_string}"},"query-input":{"@type":"PropertyValueSpecification","valueRequired":true,"valueName":"search_term_string"}}],"inLanguage":"es"},{"@type":["Person","Organization"],"@id":"https:\/\/inspectornocturno.com.mx\/#\/schema\/person\/63eb343fea17271215b1dd2793b27897","name":"Inspector Nocturno","image":{"@type":"ImageObject","inLanguage":"es","@id":"https:\/\/inspectornocturno.com.mx\/wp-content\/uploads\/2021\/10\/logo-transparente.png","url":"https:\/\/inspectornocturno.com.mx\/wp-content\/uploads\/2021\/10\/logo-transparente.png","contentUrl":"https:\/\/inspectornocturno.com.mx\/wp-content\/uploads\/2021\/10\/logo-transparente.png","width":561,"height":668,"caption":"Inspector Nocturno"},"logo":{"@id":"https:\/\/inspectornocturno.com.mx\/wp-content\/uploads\/2021\/10\/logo-transparente.png"},"sameAs":["http:\/\/inspectornocturno.com.mx"]},{"@type":"Person","@id":"https:\/\/inspectornocturno.com.mx\/#\/schema\/person\/0fa9058e787ba1832e7e687380f72fe6","name":"Inspector Nocturno","sameAs":["https:\/\/inspectornocturno.com.mx\/"]}]}},"views":3,"_links":{"self":[{"href":"https:\/\/inspectornocturno.com.mx\/index.php?rest_route=\/wp\/v2\/posts\/110648","targetHints":{"allow":["GET"]}}],"collection":[{"href":"https:\/\/inspectornocturno.com.mx\/index.php?rest_route=\/wp\/v2\/posts"}],"about":[{"href":"https:\/\/inspectornocturno.com.mx\/index.php?rest_route=\/wp\/v2\/types\/post"}],"author":[{"embeddable":true,"href":"https:\/\/inspectornocturno.com.mx\/index.php?rest_route=\/wp\/v2\/users\/10"}],"replies":[{"embeddable":true,"href":"https:\/\/inspectornocturno.com.mx\/index.php?rest_route=%2Fwp%2Fv2%2Fcomments&post=110648"}],"version-history":[{"count":1,"href":"https:\/\/inspectornocturno.com.mx\/index.php?rest_route=\/wp\/v2\/posts\/110648\/revisions"}],"predecessor-version":[{"id":110650,"href":"https:\/\/inspectornocturno.com.mx\/index.php?rest_route=\/wp\/v2\/posts\/110648\/revisions\/110650"}],"wp:featuredmedia":[{"embeddable":true,"href":"https:\/\/inspectornocturno.com.mx\/index.php?rest_route=\/wp\/v2\/media\/110649"}],"wp:attachment":[{"href":"https:\/\/inspectornocturno.com.mx\/index.php?rest_route=%2Fwp%2Fv2%2Fmedia&parent=110648"}],"wp:term":[{"taxonomy":"category","embeddable":true,"href":"https:\/\/inspectornocturno.com.mx\/index.php?rest_route=%2Fwp%2Fv2%2Fcategories&post=110648"},{"taxonomy":"post_tag","embeddable":true,"href":"https:\/\/inspectornocturno.com.mx\/index.php?rest_route=%2Fwp%2Fv2%2Ftags&post=110648"}],"curies":[{"name":"wp","href":"https:\/\/api.w.org\/{rel}","templated":true}]}}