{"id":110494,"date":"2026-08-31T23:17:01","date_gmt":"2026-09-01T04:17:01","guid":{"rendered":"https:\/\/inspectornocturno.com.mx\/?p=110494"},"modified":"2026-08-31T23:17:04","modified_gmt":"2026-09-01T04:17:04","slug":"acompana-renan-sanchez-tajonar-a-alumnas-y-alumnos-de-cozumel-al-arranque-del-ciclo-escolar-2026-2027","status":"publish","type":"post","link":"https:\/\/inspectornocturno.com.mx\/?p=110494","title":{"rendered":"ACOMPA\u00d1A REN\u00c1N S\u00c1NCHEZ TAJONAR A ALUMNAS Y ALUMNOS DE COZUMEL, AL ARRANQUE DEL CICLO ESCOLAR 2026\u20132027"},"content":{"rendered":"\n<p class=\"wp-block-paragraph\">\ud83d\udd3aEl diputado cozumele\u00f1o destac\u00f3 el impulso a la educaci\u00f3n e hizo un llamado a las y los estudiantes a seguir adelante.<\/p>\n\n\n\n<p class=\"wp-block-paragraph\">Cozumel.- El diputado cozumele\u00f1o Ren\u00e1n S\u00e1nchez Tajonar acompa\u00f1\u00f3 esta ma\u00f1ana a estudiantes, madres y padres de familia, as\u00ed como a docentes, en la inauguraci\u00f3n oficial del ciclo escolar 2026\u20132027, celebrada en la Escuela Secundaria \u201cCarlos Monsiv\u00e1is\u201d, donde se entregaron apoyos escolares a alumnas y alumnos del plantel.<\/p>\n\n\n\n<p class=\"wp-block-paragraph\">Durante su mensaje, el legislador record\u00f3 su origen familiar ligado al magisterio. \u201cSoy hijo de una maestra, de una mujer que fund\u00f3 el primer centro de estimulaci\u00f3n de esta isla. Aprend\u00ed desde ni\u00f1o que un maestro no ense\u00f1a solamente lo que sabe: ense\u00f1a lo que es\u201d, expres\u00f3.<\/p>\n\n\n\n<p class=\"wp-block-paragraph\">Ren\u00e1n S\u00e1nchez Tajonar destac\u00f3 que a lo largo de estos a\u00f1os se han entregado alrededor de 35 mil kits de libretas a ni\u00f1as, ni\u00f1os y j\u00f3venes cozumele\u00f1os, adem\u00e1s del acompa\u00f1amiento a estudiantes que estaban por abandonar la universidad por falta de recursos y que hoy ya son profesionistas.<\/p>\n\n\n\n<p class=\"wp-block-paragraph\">\u201cNunca ha sido nada m\u00e1s una libreta. Es decirle a una familia: no est\u00e1s sola, tu hijo s\u00ed puede\u201d, subray\u00f3.<\/p>\n\n\n\n<p class=\"wp-block-paragraph\">El diputado reconoci\u00f3 el trabajo de la gobernadora Mara Lezama, en el marco de su Cuarto Informe: \u201cElla dijo que Quintana Roo se iba a transformar, y lo cumpli\u00f3. Hoy la transformaci\u00f3n es escuela digna y apoyo que llega primero a quien menos tiene\u201d.<\/p>\n\n\n\n<p class=\"wp-block-paragraph\">Finalmente, dirigi\u00f3 un mensaje a los estudiantes: \u201cNo falten, no se rindan y no dejen de preguntar. Y sobre todo, no dejen de so\u00f1ar, porque desde los sue\u00f1os se construye, se cumple y se logra\u201d.<\/p>\n","protected":false},"excerpt":{"rendered":"<p>\ud83d\udd3aEl diputado cozumele\u00f1o destac\u00f3 el impulso a la educaci\u00f3n e hizo un llamado a las y los estudiantes a seguir adelante. Cozumel.- El diputado cozumele\u00f1o Ren\u00e1n S\u00e1nchez Tajonar acompa\u00f1\u00f3 esta ma\u00f1ana a estudiantes, madres y padres de familia, as\u00ed como a docentes, en la inauguraci\u00f3n oficial del ciclo escolar 2026\u20132027, celebrada en la Escuela Secundaria [&hellip;]<\/p>\n","protected":false},"author":7,"featured_media":110495,"comment_status":"closed","ping_status":"closed","sticky":false,"template":"","format":"standard","meta":{"footnotes":"","_wpscppro_dont_share_socialmedia":false,"_wpscppro_custom_social_share_image":0,"_facebook_share_type":"default","_twitter_share_type":"default","_linkedin_share_type":"default","_pinterest_share_type":"default","_linkedin_share_type_page":"default","_instagram_share_type":"default","_medium_share_type":"default","_threads_share_type":"default","_google_business_share_type":"default","_selected_social_profile":[{"id":753595702106742800,"platform":"twitter","platformKey":0,"name":"InspectorNocturnoOficial","thumbnail_url":"http:\/\/pbs.twimg.com\/profile_images\/869067525337862144\/lyGXp0kf_normal.jpg","share_type":"default"}],"_wpsp_enable_custom_social_template":false,"_wpsp_social_scheduling":{"enabled":false,"datetime":null,"platforms":[],"status":"template_only","dateOption":"today","timeOption":"now","customDays":"","customHours":"","customDate":"","customTime":"","schedulingType":"absolute"},"_wpsp_active_default_template":true},"categories":[55,69,3],"tags":[],"class_list":["post-110494","post","type-post","status-publish","format-standard","has-post-thumbnail","hentry","category-cozumel","category-politica","category-quintana-roo"],"yoast_head":"<!-- This site is optimized with the Yoast SEO plugin v27.7 - https:\/\/yoast.com\/product\/yoast-seo-wordpress\/ -->\n<title>ACOMPA\u00d1A REN\u00c1N S\u00c1NCHEZ TAJONAR A ALUMNAS Y ALUMNOS DE COZUMEL, AL ARRANQUE DEL CICLO ESCOLAR 2026\u20132027 - Inspector Nocturno<\/title>\n<meta name=\"robots\" content=\"index, follow, max-snippet:-1, max-image-preview:large, max-video-preview:-1\" \/>\n<link rel=\"canonical\" href=\"https:\/\/inspectornocturno.com.mx\/?p=110494\" \/>\n<meta property=\"og:locale\" content=\"es_ES\" \/>\n<meta property=\"og:type\" content=\"article\" \/>\n<meta property=\"og:title\" content=\"ACOMPA\u00d1A REN\u00c1N S\u00c1NCHEZ TAJONAR A ALUMNAS Y ALUMNOS DE COZUMEL, AL ARRANQUE DEL CICLO ESCOLAR 2026\u20132027 - Inspector Nocturno\" \/>\n<meta property=\"og:description\" content=\"\ud83d\udd3aEl diputado cozumele\u00f1o destac\u00f3 el impulso a la educaci\u00f3n e hizo un llamado a las y los estudiantes a seguir adelante. Cozumel.- El diputado cozumele\u00f1o Ren\u00e1n S\u00e1nchez Tajonar acompa\u00f1\u00f3 esta ma\u00f1ana a estudiantes, madres y padres de familia, as\u00ed como a docentes, en la inauguraci\u00f3n oficial del ciclo escolar 2026\u20132027, celebrada en la Escuela Secundaria [&hellip;]\" \/>\n<meta property=\"og:url\" content=\"https:\/\/inspectornocturno.com.mx\/?p=110494\" \/>\n<meta property=\"og:site_name\" content=\"Inspector Nocturno\" \/>\n<meta property=\"article:published_time\" content=\"2026-09-01T04:17:01+00:00\" \/>\n<meta property=\"article:modified_time\" content=\"2026-09-01T04:17:04+00:00\" \/>\n<meta property=\"og:image\" content=\"https:\/\/inspectornocturno.com.mx\/wp-content\/uploads\/2026\/08\/IMG-20260831-WA0031-scaled.jpg\" \/>\n\t<meta property=\"og:image:width\" content=\"900\" \/>\n\t<meta property=\"og:image:height\" content=\"600\" \/>\n\t<meta property=\"og:image:type\" content=\"image\/jpeg\" \/>\n<meta name=\"author\" content=\"Inspector Nocturno\" \/>\n<meta name=\"twitter:card\" content=\"summary_large_image\" \/>\n<script type=\"application\/ld+json\" class=\"yoast-schema-graph\">{\"@context\":\"https:\\\/\\\/schema.org\",\"@graph\":[{\"@type\":\"Article\",\"@id\":\"https:\\\/\\\/inspectornocturno.com.mx\\\/?p=110494#article\",\"isPartOf\":{\"@id\":\"https:\\\/\\\/inspectornocturno.com.mx\\\/?p=110494\"},\"author\":{\"name\":\"Inspector Nocturno\",\"@id\":\"https:\\\/\\\/inspectornocturno.com.mx\\\/#\\\/schema\\\/person\\\/969c25a2260bdff0de14d7ccb1e77752\"},\"headline\":\"ACOMPA\u00d1A REN\u00c1N S\u00c1NCHEZ TAJONAR A ALUMNAS Y ALUMNOS DE COZUMEL, AL ARRANQUE DEL CICLO ESCOLAR 2026\u20132027\",\"datePublished\":\"2026-09-01T04:17:01+00:00\",\"dateModified\":\"2026-09-01T04:17:04+00:00\",\"mainEntityOfPage\":{\"@id\":\"https:\\\/\\\/inspectornocturno.com.mx\\\/?p=110494\"},\"wordCount\":305,\"publisher\":{\"@id\":\"https:\\\/\\\/inspectornocturno.com.mx\\\/#\\\/schema\\\/person\\\/63eb343fea17271215b1dd2793b27897\"},\"image\":{\"@id\":\"https:\\\/\\\/inspectornocturno.com.mx\\\/?p=110494#primaryimage\"},\"thumbnailUrl\":\"https:\\\/\\\/inspectornocturno.com.mx\\\/wp-content\\\/uploads\\\/2026\\\/08\\\/IMG-20260831-WA0031-scaled.jpg\",\"articleSection\":[\"Cozumel\",\"Pol\u00edtica\",\"Quintana Roo\"],\"inLanguage\":\"es\"},{\"@type\":\"WebPage\",\"@id\":\"https:\\\/\\\/inspectornocturno.com.mx\\\/?p=110494\",\"url\":\"https:\\\/\\\/inspectornocturno.com.mx\\\/?p=110494\",\"name\":\"ACOMPA\u00d1A REN\u00c1N S\u00c1NCHEZ TAJONAR A ALUMNAS Y ALUMNOS DE COZUMEL, AL ARRANQUE DEL CICLO ESCOLAR 2026\u20132027 - Inspector Nocturno\",\"isPartOf\":{\"@id\":\"https:\\\/\\\/inspectornocturno.com.mx\\\/#website\"},\"primaryImageOfPage\":{\"@id\":\"https:\\\/\\\/inspectornocturno.com.mx\\\/?p=110494#primaryimage\"},\"image\":{\"@id\":\"https:\\\/\\\/inspectornocturno.com.mx\\\/?p=110494#primaryimage\"},\"thumbnailUrl\":\"https:\\\/\\\/inspectornocturno.com.mx\\\/wp-content\\\/uploads\\\/2026\\\/08\\\/IMG-20260831-WA0031-scaled.jpg\",\"datePublished\":\"2026-09-01T04:17:01+00:00\",\"dateModified\":\"2026-09-01T04:17:04+00:00\",\"breadcrumb\":{\"@id\":\"https:\\\/\\\/inspectornocturno.com.mx\\\/?p=110494#breadcrumb\"},\"inLanguage\":\"es\",\"potentialAction\":[{\"@type\":\"ReadAction\",\"target\":[\"https:\\\/\\\/inspectornocturno.com.mx\\\/?p=110494\"]}]},{\"@type\":\"ImageObject\",\"inLanguage\":\"es\",\"@id\":\"https:\\\/\\\/inspectornocturno.com.mx\\\/?p=110494#primaryimage\",\"url\":\"https:\\\/\\\/inspectornocturno.com.mx\\\/wp-content\\\/uploads\\\/2026\\\/08\\\/IMG-20260831-WA0031-scaled.jpg\",\"contentUrl\":\"https:\\\/\\\/inspectornocturno.com.mx\\\/wp-content\\\/uploads\\\/2026\\\/08\\\/IMG-20260831-WA0031-scaled.jpg\",\"width\":900,\"height\":600},{\"@type\":\"BreadcrumbList\",\"@id\":\"https:\\\/\\\/inspectornocturno.com.mx\\\/?p=110494#breadcrumb\",\"itemListElement\":[{\"@type\":\"ListItem\",\"position\":1,\"name\":\"Portada\",\"item\":\"https:\\\/\\\/inspectornocturno.com.mx\\\/\"},{\"@type\":\"ListItem\",\"position\":2,\"name\":\"ACOMPA\u00d1A REN\u00c1N S\u00c1NCHEZ TAJONAR A ALUMNAS Y ALUMNOS DE COZUMEL, AL ARRANQUE DEL CICLO ESCOLAR 2026\u20132027\"}]},{\"@type\":\"WebSite\",\"@id\":\"https:\\\/\\\/inspectornocturno.com.mx\\\/#website\",\"url\":\"https:\\\/\\\/inspectornocturno.com.mx\\\/\",\"name\":\"Inspector Nocturno\",\"description\":\"Canc\u00fan, noticias al minuto del inspector nocturno\",\"publisher\":{\"@id\":\"https:\\\/\\\/inspectornocturno.com.mx\\\/#\\\/schema\\\/person\\\/63eb343fea17271215b1dd2793b27897\"},\"alternateName\":\"Noticias de impacto al momento de los hechos\",\"potentialAction\":[{\"@type\":\"SearchAction\",\"target\":{\"@type\":\"EntryPoint\",\"urlTemplate\":\"https:\\\/\\\/inspectornocturno.com.mx\\\/?s={search_term_string}\"},\"query-input\":{\"@type\":\"PropertyValueSpecification\",\"valueRequired\":true,\"valueName\":\"search_term_string\"}}],\"inLanguage\":\"es\"},{\"@type\":[\"Person\",\"Organization\"],\"@id\":\"https:\\\/\\\/inspectornocturno.com.mx\\\/#\\\/schema\\\/person\\\/63eb343fea17271215b1dd2793b27897\",\"name\":\"Inspector Nocturno\",\"image\":{\"@type\":\"ImageObject\",\"inLanguage\":\"es\",\"@id\":\"https:\\\/\\\/inspectornocturno.com.mx\\\/wp-content\\\/uploads\\\/2021\\\/10\\\/logo-transparente.png\",\"url\":\"https:\\\/\\\/inspectornocturno.com.mx\\\/wp-content\\\/uploads\\\/2021\\\/10\\\/logo-transparente.png\",\"contentUrl\":\"https:\\\/\\\/inspectornocturno.com.mx\\\/wp-content\\\/uploads\\\/2021\\\/10\\\/logo-transparente.png\",\"width\":561,\"height\":668,\"caption\":\"Inspector Nocturno\"},\"logo\":{\"@id\":\"https:\\\/\\\/inspectornocturno.com.mx\\\/wp-content\\\/uploads\\\/2021\\\/10\\\/logo-transparente.png\"},\"sameAs\":[\"http:\\\/\\\/inspectornocturno.com.mx\"]},{\"@type\":\"Person\",\"@id\":\"https:\\\/\\\/inspectornocturno.com.mx\\\/#\\\/schema\\\/person\\\/969c25a2260bdff0de14d7ccb1e77752\",\"name\":\"Inspector Nocturno\"}]}<\/script>\n<!-- \/ Yoast SEO plugin. -->","yoast_head_json":{"title":"ACOMPA\u00d1A REN\u00c1N S\u00c1NCHEZ TAJONAR A ALUMNAS Y ALUMNOS DE COZUMEL, AL ARRANQUE DEL CICLO ESCOLAR 2026\u20132027 - Inspector Nocturno","robots":{"index":"index","follow":"follow","max-snippet":"max-snippet:-1","max-image-preview":"max-image-preview:large","max-video-preview":"max-video-preview:-1"},"canonical":"https:\/\/inspectornocturno.com.mx\/?p=110494","og_locale":"es_ES","og_type":"article","og_title":"ACOMPA\u00d1A REN\u00c1N S\u00c1NCHEZ TAJONAR A ALUMNAS Y ALUMNOS DE COZUMEL, AL ARRANQUE DEL CICLO ESCOLAR 2026\u20132027 - Inspector Nocturno","og_description":"\ud83d\udd3aEl diputado cozumele\u00f1o destac\u00f3 el impulso a la educaci\u00f3n e hizo un llamado a las y los estudiantes a seguir adelante. Cozumel.- El diputado cozumele\u00f1o Ren\u00e1n S\u00e1nchez Tajonar acompa\u00f1\u00f3 esta ma\u00f1ana a estudiantes, madres y padres de familia, as\u00ed como a docentes, en la inauguraci\u00f3n oficial del ciclo escolar 2026\u20132027, celebrada en la Escuela Secundaria [&hellip;]","og_url":"https:\/\/inspectornocturno.com.mx\/?p=110494","og_site_name":"Inspector Nocturno","article_published_time":"2026-09-01T04:17:01+00:00","article_modified_time":"2026-09-01T04:17:04+00:00","og_image":[{"width":900,"height":600,"url":"https:\/\/inspectornocturno.com.mx\/wp-content\/uploads\/2026\/08\/IMG-20260831-WA0031-scaled.jpg","type":"image\/jpeg"}],"author":"Inspector Nocturno","twitter_card":"summary_large_image","schema":{"@context":"https:\/\/schema.org","@graph":[{"@type":"Article","@id":"https:\/\/inspectornocturno.com.mx\/?p=110494#article","isPartOf":{"@id":"https:\/\/inspectornocturno.com.mx\/?p=110494"},"author":{"name":"Inspector Nocturno","@id":"https:\/\/inspectornocturno.com.mx\/#\/schema\/person\/969c25a2260bdff0de14d7ccb1e77752"},"headline":"ACOMPA\u00d1A REN\u00c1N S\u00c1NCHEZ TAJONAR A ALUMNAS Y ALUMNOS DE COZUMEL, AL ARRANQUE DEL CICLO ESCOLAR 2026\u20132027","datePublished":"2026-09-01T04:17:01+00:00","dateModified":"2026-09-01T04:17:04+00:00","mainEntityOfPage":{"@id":"https:\/\/inspectornocturno.com.mx\/?p=110494"},"wordCount":305,"publisher":{"@id":"https:\/\/inspectornocturno.com.mx\/#\/schema\/person\/63eb343fea17271215b1dd2793b27897"},"image":{"@id":"https:\/\/inspectornocturno.com.mx\/?p=110494#primaryimage"},"thumbnailUrl":"https:\/\/inspectornocturno.com.mx\/wp-content\/uploads\/2026\/08\/IMG-20260831-WA0031-scaled.jpg","articleSection":["Cozumel","Pol\u00edtica","Quintana Roo"],"inLanguage":"es"},{"@type":"WebPage","@id":"https:\/\/inspectornocturno.com.mx\/?p=110494","url":"https:\/\/inspectornocturno.com.mx\/?p=110494","name":"ACOMPA\u00d1A REN\u00c1N S\u00c1NCHEZ TAJONAR A ALUMNAS Y ALUMNOS DE COZUMEL, AL ARRANQUE DEL CICLO ESCOLAR 2026\u20132027 - Inspector Nocturno","isPartOf":{"@id":"https:\/\/inspectornocturno.com.mx\/#website"},"primaryImageOfPage":{"@id":"https:\/\/inspectornocturno.com.mx\/?p=110494#primaryimage"},"image":{"@id":"https:\/\/inspectornocturno.com.mx\/?p=110494#primaryimage"},"thumbnailUrl":"https:\/\/inspectornocturno.com.mx\/wp-content\/uploads\/2026\/08\/IMG-20260831-WA0031-scaled.jpg","datePublished":"2026-09-01T04:17:01+00:00","dateModified":"2026-09-01T04:17:04+00:00","breadcrumb":{"@id":"https:\/\/inspectornocturno.com.mx\/?p=110494#breadcrumb"},"inLanguage":"es","potentialAction":[{"@type":"ReadAction","target":["https:\/\/inspectornocturno.com.mx\/?p=110494"]}]},{"@type":"ImageObject","inLanguage":"es","@id":"https:\/\/inspectornocturno.com.mx\/?p=110494#primaryimage","url":"https:\/\/inspectornocturno.com.mx\/wp-content\/uploads\/2026\/08\/IMG-20260831-WA0031-scaled.jpg","contentUrl":"https:\/\/inspectornocturno.com.mx\/wp-content\/uploads\/2026\/08\/IMG-20260831-WA0031-scaled.jpg","width":900,"height":600},{"@type":"BreadcrumbList","@id":"https:\/\/inspectornocturno.com.mx\/?p=110494#breadcrumb","itemListElement":[{"@type":"ListItem","position":1,"name":"Portada","item":"https:\/\/inspectornocturno.com.mx\/"},{"@type":"ListItem","position":2,"name":"ACOMPA\u00d1A REN\u00c1N S\u00c1NCHEZ TAJONAR A ALUMNAS Y ALUMNOS DE COZUMEL, AL ARRANQUE DEL CICLO ESCOLAR 2026\u20132027"}]},{"@type":"WebSite","@id":"https:\/\/inspectornocturno.com.mx\/#website","url":"https:\/\/inspectornocturno.com.mx\/","name":"Inspector Nocturno","description":"Canc\u00fan, noticias al minuto del inspector nocturno","publisher":{"@id":"https:\/\/inspectornocturno.com.mx\/#\/schema\/person\/63eb343fea17271215b1dd2793b27897"},"alternateName":"Noticias de impacto al momento de los hechos","potentialAction":[{"@type":"SearchAction","target":{"@type":"EntryPoint","urlTemplate":"https:\/\/inspectornocturno.com.mx\/?s={search_term_string}"},"query-input":{"@type":"PropertyValueSpecification","valueRequired":true,"valueName":"search_term_string"}}],"inLanguage":"es"},{"@type":["Person","Organization"],"@id":"https:\/\/inspectornocturno.com.mx\/#\/schema\/person\/63eb343fea17271215b1dd2793b27897","name":"Inspector Nocturno","image":{"@type":"ImageObject","inLanguage":"es","@id":"https:\/\/inspectornocturno.com.mx\/wp-content\/uploads\/2021\/10\/logo-transparente.png","url":"https:\/\/inspectornocturno.com.mx\/wp-content\/uploads\/2021\/10\/logo-transparente.png","contentUrl":"https:\/\/inspectornocturno.com.mx\/wp-content\/uploads\/2021\/10\/logo-transparente.png","width":561,"height":668,"caption":"Inspector Nocturno"},"logo":{"@id":"https:\/\/inspectornocturno.com.mx\/wp-content\/uploads\/2021\/10\/logo-transparente.png"},"sameAs":["http:\/\/inspectornocturno.com.mx"]},{"@type":"Person","@id":"https:\/\/inspectornocturno.com.mx\/#\/schema\/person\/969c25a2260bdff0de14d7ccb1e77752","name":"Inspector Nocturno"}]}},"views":4,"_links":{"self":[{"href":"https:\/\/inspectornocturno.com.mx\/index.php?rest_route=\/wp\/v2\/posts\/110494","targetHints":{"allow":["GET"]}}],"collection":[{"href":"https:\/\/inspectornocturno.com.mx\/index.php?rest_route=\/wp\/v2\/posts"}],"about":[{"href":"https:\/\/inspectornocturno.com.mx\/index.php?rest_route=\/wp\/v2\/types\/post"}],"author":[{"embeddable":true,"href":"https:\/\/inspectornocturno.com.mx\/index.php?rest_route=\/wp\/v2\/users\/7"}],"replies":[{"embeddable":true,"href":"https:\/\/inspectornocturno.com.mx\/index.php?rest_route=%2Fwp%2Fv2%2Fcomments&post=110494"}],"version-history":[{"count":1,"href":"https:\/\/inspectornocturno.com.mx\/index.php?rest_route=\/wp\/v2\/posts\/110494\/revisions"}],"predecessor-version":[{"id":110496,"href":"https:\/\/inspectornocturno.com.mx\/index.php?rest_route=\/wp\/v2\/posts\/110494\/revisions\/110496"}],"wp:featuredmedia":[{"embeddable":true,"href":"https:\/\/inspectornocturno.com.mx\/index.php?rest_route=\/wp\/v2\/media\/110495"}],"wp:attachment":[{"href":"https:\/\/inspectornocturno.com.mx\/index.php?rest_route=%2Fwp%2Fv2%2Fmedia&parent=110494"}],"wp:term":[{"taxonomy":"category","embeddable":true,"href":"https:\/\/inspectornocturno.com.mx\/index.php?rest_route=%2Fwp%2Fv2%2Fcategories&post=110494"},{"taxonomy":"post_tag","embeddable":true,"href":"https:\/\/inspectornocturno.com.mx\/index.php?rest_route=%2Fwp%2Fv2%2Ftags&post=110494"}],"curies":[{"name":"wp","href":"https:\/\/api.w.org\/{rel}","templated":true}]}}