{"id":110475,"date":"2026-08-31T09:02:15","date_gmt":"2026-08-31T14:02:15","guid":{"rendered":"https:\/\/inspectornocturno.com.mx\/?p=110475"},"modified":"2026-08-31T09:03:20","modified_gmt":"2026-08-31T14:03:20","slug":"estan-vivos-y-ya-con-sus-familiares-fueron-levantados","status":"publish","type":"post","link":"https:\/\/inspectornocturno.com.mx\/?p=110475","title":{"rendered":"EST\u00c1N VIVOS Y YA CON SUS FAMILIARES; FUERON LEVANTADOS"},"content":{"rendered":"\n<figure class=\"wp-block-gallery has-nested-images columns-default is-cropped wp-block-gallery-1 is-layout-flex wp-block-gallery-is-layout-flex\">\n<figure class=\"wp-block-image size-large\"><img decoding=\"async\" width=\"660\" height=\"806\" data-id=\"110479\" data-src=\"https:\/\/inspectornocturno.com.mx\/wp-content\/uploads\/2026\/08\/IMG-20260830-WA0222.jpg\" alt=\"\" class=\"wp-image-110479 lazyload\" data-srcset=\"https:\/\/inspectornocturno.com.mx\/wp-content\/uploads\/2026\/08\/IMG-20260830-WA0222.jpg 660w, https:\/\/inspectornocturno.com.mx\/wp-content\/uploads\/2026\/08\/IMG-20260830-WA0222-246x300.jpg 246w\" data-sizes=\"(max-width: 660px) 100vw, 660px\" src=\"data:image\/svg+xml;base64,PHN2ZyB3aWR0aD0iMSIgaGVpZ2h0PSIxIiB4bWxucz0iaHR0cDovL3d3dy53My5vcmcvMjAwMC9zdmciPjwvc3ZnPg==\" style=\"--smush-placeholder-width: 660px; --smush-placeholder-aspect-ratio: 660\/806;\" \/><\/figure>\n\n\n\n<figure class=\"wp-block-image size-large\"><img decoding=\"async\" width=\"658\" height=\"808\" data-id=\"110478\" data-src=\"https:\/\/inspectornocturno.com.mx\/wp-content\/uploads\/2026\/08\/IMG-20260830-WA0220.jpg\" alt=\"\" class=\"wp-image-110478 lazyload\" data-srcset=\"https:\/\/inspectornocturno.com.mx\/wp-content\/uploads\/2026\/08\/IMG-20260830-WA0220.jpg 658w, https:\/\/inspectornocturno.com.mx\/wp-content\/uploads\/2026\/08\/IMG-20260830-WA0220-244x300.jpg 244w\" data-sizes=\"(max-width: 658px) 100vw, 658px\" src=\"data:image\/svg+xml;base64,PHN2ZyB3aWR0aD0iMSIgaGVpZ2h0PSIxIiB4bWxucz0iaHR0cDovL3d3dy53My5vcmcvMjAwMC9zdmciPjwvc3ZnPg==\" style=\"--smush-placeholder-width: 658px; --smush-placeholder-aspect-ratio: 658\/808;\" \/><\/figure>\n\n\n\n<figure class=\"wp-block-image size-large\"><img decoding=\"async\" width=\"663\" height=\"809\" data-id=\"110477\" data-src=\"https:\/\/inspectornocturno.com.mx\/wp-content\/uploads\/2026\/08\/IMG-20260830-WA0221.jpg\" alt=\"\" class=\"wp-image-110477 lazyload\" data-srcset=\"https:\/\/inspectornocturno.com.mx\/wp-content\/uploads\/2026\/08\/IMG-20260830-WA0221.jpg 663w, https:\/\/inspectornocturno.com.mx\/wp-content\/uploads\/2026\/08\/IMG-20260830-WA0221-246x300.jpg 246w\" data-sizes=\"(max-width: 663px) 100vw, 663px\" src=\"data:image\/svg+xml;base64,PHN2ZyB3aWR0aD0iMSIgaGVpZ2h0PSIxIiB4bWxucz0iaHR0cDovL3d3dy53My5vcmcvMjAwMC9zdmciPjwvc3ZnPg==\" style=\"--smush-placeholder-width: 663px; --smush-placeholder-aspect-ratio: 663\/809;\" \/><\/figure>\n<\/figure>\n\n\n\n<p class=\"wp-block-paragraph\"><br><br>\ud83d\udd3a Aparecen dos de los j\u00f3venes reportados como desaparecidos en Chetumal; falta uno.<br><br><br><br>Dos de los tres j\u00f3venes reportados como desaparecidos tras ser privados de su libertad en Chetumal ya fueron localizados durante las \u00faltimas horas, mientras que Everardo Enrique Hern\u00e1ndez Manzanilla, de 23 a\u00f1os, contin\u00faa sin ser ubicado y su b\u00fasqueda permanece activa.<br><br>Los tres j\u00f3venes hab\u00edan sido reportados como desaparecidos despu\u00e9s de acudir a un centro nocturno de la capital quintanarroense, situaci\u00f3n que gener\u00f3 una fuerte movilizaci\u00f3n de autoridades desde el s\u00e1bado pasado.<br><br>Como parte del operativo se realizaron recorridos terrestres y sobrevuelos en distintos puntos de Chetumal y sus alrededores, mientras las corporaciones buscaban establecer la ruta seguida por los j\u00f3venes antes de perder contacto con sus familiares.<br><br>Hasta el momento se confirm\u00f3 que localizaron a dos de ellos, aunque no existen mayores detalles oficiales sobre el lugar donde aparecieron ni sobre las circunstancias en las que fueron encontrados, lo que s\u00ed se sabe es que aparecieron con vida.<br><br>Everardo contin\u00faa en calidad de no localizado, y se teme lo peor por lo que familiares y autoridades mantienen las labores de b\u00fasqueda y esperan obtener informaci\u00f3n que permita establecer su ubicaci\u00f3n.<\/p>\n","protected":false},"excerpt":{"rendered":"<p>\ud83d\udd3a Aparecen dos de los j\u00f3venes reportados como desaparecidos en Chetumal; falta uno. Dos de los tres j\u00f3venes reportados como desaparecidos tras ser privados de su libertad en Chetumal ya fueron localizados durante las \u00faltimas horas, mientras que Everardo Enrique Hern\u00e1ndez Manzanilla, de 23 a\u00f1os, contin\u00faa sin ser ubicado y su b\u00fasqueda permanece activa. Los [&hellip;]<\/p>\n","protected":false},"author":3,"featured_media":110476,"comment_status":"closed","ping_status":"closed","sticky":false,"template":"","format":"standard","meta":{"footnotes":"","_wpscppro_dont_share_socialmedia":false,"_wpscppro_custom_social_share_image":0,"_facebook_share_type":"default","_twitter_share_type":"default","_linkedin_share_type":"default","_pinterest_share_type":"default","_linkedin_share_type_page":"default","_instagram_share_type":"default","_medium_share_type":"default","_threads_share_type":"default","_google_business_share_type":"default","_selected_social_profile":[{"id":753595702106742800,"platform":"twitter","platformKey":0,"name":"InspectorNocturnoOficial","thumbnail_url":"http:\/\/pbs.twimg.com\/profile_images\/869067525337862144\/lyGXp0kf_normal.jpg","share_type":"default"}],"_wpsp_enable_custom_social_template":false,"_wpsp_social_scheduling":{"enabled":false,"datetime":null,"platforms":[],"status":"template_only","dateOption":"today","timeOption":"now","customDays":"","customHours":"","customDate":"","customTime":"","schedulingType":"absolute"},"_wpsp_active_default_template":true},"categories":[56,3],"tags":[],"class_list":["post-110475","post","type-post","status-publish","format-standard","has-post-thumbnail","hentry","category-chetumal","category-quintana-roo"],"yoast_head":"<!-- This site is optimized with the Yoast SEO plugin v27.7 - https:\/\/yoast.com\/product\/yoast-seo-wordpress\/ -->\n<title>EST\u00c1N VIVOS Y YA CON SUS FAMILIARES; FUERON LEVANTADOS - Inspector Nocturno<\/title>\n<meta name=\"robots\" content=\"index, follow, max-snippet:-1, max-image-preview:large, max-video-preview:-1\" \/>\n<link rel=\"canonical\" href=\"https:\/\/inspectornocturno.com.mx\/?p=110475\" \/>\n<meta property=\"og:locale\" content=\"es_ES\" \/>\n<meta property=\"og:type\" content=\"article\" \/>\n<meta property=\"og:title\" content=\"EST\u00c1N VIVOS Y YA CON SUS FAMILIARES; FUERON LEVANTADOS - Inspector Nocturno\" \/>\n<meta property=\"og:description\" content=\"\ud83d\udd3a Aparecen dos de los j\u00f3venes reportados como desaparecidos en Chetumal; falta uno. Dos de los tres j\u00f3venes reportados como desaparecidos tras ser privados de su libertad en Chetumal ya fueron localizados durante las \u00faltimas horas, mientras que Everardo Enrique Hern\u00e1ndez Manzanilla, de 23 a\u00f1os, contin\u00faa sin ser ubicado y su b\u00fasqueda permanece activa. Los [&hellip;]\" \/>\n<meta property=\"og:url\" content=\"https:\/\/inspectornocturno.com.mx\/?p=110475\" \/>\n<meta property=\"og:site_name\" content=\"Inspector Nocturno\" \/>\n<meta property=\"article:published_time\" content=\"2026-08-31T14:02:15+00:00\" \/>\n<meta property=\"article:modified_time\" content=\"2026-08-31T14:03:20+00:00\" \/>\n<meta property=\"og:image\" content=\"https:\/\/inspectornocturno.com.mx\/wp-content\/uploads\/2026\/08\/Screenshot_20260831_085912-scaled.jpg\" \/>\n\t<meta property=\"og:image:width\" content=\"900\" \/>\n\t<meta property=\"og:image:height\" content=\"610\" \/>\n\t<meta property=\"og:image:type\" content=\"image\/jpeg\" \/>\n<meta name=\"author\" content=\"Inspector Nocturno\" \/>\n<meta name=\"twitter:card\" content=\"summary_large_image\" \/>\n<script type=\"application\/ld+json\" class=\"yoast-schema-graph\">{\"@context\":\"https:\\\/\\\/schema.org\",\"@graph\":[{\"@type\":\"Article\",\"@id\":\"https:\\\/\\\/inspectornocturno.com.mx\\\/?p=110475#article\",\"isPartOf\":{\"@id\":\"https:\\\/\\\/inspectornocturno.com.mx\\\/?p=110475\"},\"author\":{\"name\":\"Inspector Nocturno\",\"@id\":\"https:\\\/\\\/inspectornocturno.com.mx\\\/#\\\/schema\\\/person\\\/2f4c4173b1712fd9cf4f4b9365ce65db\"},\"headline\":\"EST\u00c1N VIVOS Y YA CON SUS FAMILIARES; FUERON LEVANTADOS\",\"datePublished\":\"2026-08-31T14:02:15+00:00\",\"dateModified\":\"2026-08-31T14:03:20+00:00\",\"mainEntityOfPage\":{\"@id\":\"https:\\\/\\\/inspectornocturno.com.mx\\\/?p=110475\"},\"wordCount\":219,\"publisher\":{\"@id\":\"https:\\\/\\\/inspectornocturno.com.mx\\\/#\\\/schema\\\/person\\\/63eb343fea17271215b1dd2793b27897\"},\"image\":{\"@id\":\"https:\\\/\\\/inspectornocturno.com.mx\\\/?p=110475#primaryimage\"},\"thumbnailUrl\":\"https:\\\/\\\/inspectornocturno.com.mx\\\/wp-content\\\/uploads\\\/2026\\\/08\\\/Screenshot_20260831_085912-scaled.jpg\",\"articleSection\":[\"Chetumal\",\"Quintana Roo\"],\"inLanguage\":\"es\"},{\"@type\":\"WebPage\",\"@id\":\"https:\\\/\\\/inspectornocturno.com.mx\\\/?p=110475\",\"url\":\"https:\\\/\\\/inspectornocturno.com.mx\\\/?p=110475\",\"name\":\"EST\u00c1N VIVOS Y YA CON SUS FAMILIARES; FUERON LEVANTADOS - Inspector Nocturno\",\"isPartOf\":{\"@id\":\"https:\\\/\\\/inspectornocturno.com.mx\\\/#website\"},\"primaryImageOfPage\":{\"@id\":\"https:\\\/\\\/inspectornocturno.com.mx\\\/?p=110475#primaryimage\"},\"image\":{\"@id\":\"https:\\\/\\\/inspectornocturno.com.mx\\\/?p=110475#primaryimage\"},\"thumbnailUrl\":\"https:\\\/\\\/inspectornocturno.com.mx\\\/wp-content\\\/uploads\\\/2026\\\/08\\\/Screenshot_20260831_085912-scaled.jpg\",\"datePublished\":\"2026-08-31T14:02:15+00:00\",\"dateModified\":\"2026-08-31T14:03:20+00:00\",\"breadcrumb\":{\"@id\":\"https:\\\/\\\/inspectornocturno.com.mx\\\/?p=110475#breadcrumb\"},\"inLanguage\":\"es\",\"potentialAction\":[{\"@type\":\"ReadAction\",\"target\":[\"https:\\\/\\\/inspectornocturno.com.mx\\\/?p=110475\"]}]},{\"@type\":\"ImageObject\",\"inLanguage\":\"es\",\"@id\":\"https:\\\/\\\/inspectornocturno.com.mx\\\/?p=110475#primaryimage\",\"url\":\"https:\\\/\\\/inspectornocturno.com.mx\\\/wp-content\\\/uploads\\\/2026\\\/08\\\/Screenshot_20260831_085912-scaled.jpg\",\"contentUrl\":\"https:\\\/\\\/inspectornocturno.com.mx\\\/wp-content\\\/uploads\\\/2026\\\/08\\\/Screenshot_20260831_085912-scaled.jpg\",\"width\":900,\"height\":610},{\"@type\":\"BreadcrumbList\",\"@id\":\"https:\\\/\\\/inspectornocturno.com.mx\\\/?p=110475#breadcrumb\",\"itemListElement\":[{\"@type\":\"ListItem\",\"position\":1,\"name\":\"Portada\",\"item\":\"https:\\\/\\\/inspectornocturno.com.mx\\\/\"},{\"@type\":\"ListItem\",\"position\":2,\"name\":\"EST\u00c1N VIVOS Y YA CON SUS FAMILIARES; FUERON LEVANTADOS\"}]},{\"@type\":\"WebSite\",\"@id\":\"https:\\\/\\\/inspectornocturno.com.mx\\\/#website\",\"url\":\"https:\\\/\\\/inspectornocturno.com.mx\\\/\",\"name\":\"Inspector Nocturno\",\"description\":\"Canc\u00fan, noticias al minuto del inspector nocturno\",\"publisher\":{\"@id\":\"https:\\\/\\\/inspectornocturno.com.mx\\\/#\\\/schema\\\/person\\\/63eb343fea17271215b1dd2793b27897\"},\"alternateName\":\"Noticias de impacto al momento de los hechos\",\"potentialAction\":[{\"@type\":\"SearchAction\",\"target\":{\"@type\":\"EntryPoint\",\"urlTemplate\":\"https:\\\/\\\/inspectornocturno.com.mx\\\/?s={search_term_string}\"},\"query-input\":{\"@type\":\"PropertyValueSpecification\",\"valueRequired\":true,\"valueName\":\"search_term_string\"}}],\"inLanguage\":\"es\"},{\"@type\":[\"Person\",\"Organization\"],\"@id\":\"https:\\\/\\\/inspectornocturno.com.mx\\\/#\\\/schema\\\/person\\\/63eb343fea17271215b1dd2793b27897\",\"name\":\"Inspector Nocturno\",\"image\":{\"@type\":\"ImageObject\",\"inLanguage\":\"es\",\"@id\":\"https:\\\/\\\/inspectornocturno.com.mx\\\/wp-content\\\/uploads\\\/2021\\\/10\\\/logo-transparente.png\",\"url\":\"https:\\\/\\\/inspectornocturno.com.mx\\\/wp-content\\\/uploads\\\/2021\\\/10\\\/logo-transparente.png\",\"contentUrl\":\"https:\\\/\\\/inspectornocturno.com.mx\\\/wp-content\\\/uploads\\\/2021\\\/10\\\/logo-transparente.png\",\"width\":561,\"height\":668,\"caption\":\"Inspector Nocturno\"},\"logo\":{\"@id\":\"https:\\\/\\\/inspectornocturno.com.mx\\\/wp-content\\\/uploads\\\/2021\\\/10\\\/logo-transparente.png\"},\"sameAs\":[\"http:\\\/\\\/inspectornocturno.com.mx\"]},{\"@type\":\"Person\",\"@id\":\"https:\\\/\\\/inspectornocturno.com.mx\\\/#\\\/schema\\\/person\\\/2f4c4173b1712fd9cf4f4b9365ce65db\",\"name\":\"Inspector Nocturno\",\"sameAs\":[\"http:\\\/\\\/inspectornocturno.com.mx\"]}]}<\/script>\n<!-- \/ Yoast SEO plugin. -->","yoast_head_json":{"title":"EST\u00c1N VIVOS Y YA CON SUS FAMILIARES; FUERON LEVANTADOS - Inspector Nocturno","robots":{"index":"index","follow":"follow","max-snippet":"max-snippet:-1","max-image-preview":"max-image-preview:large","max-video-preview":"max-video-preview:-1"},"canonical":"https:\/\/inspectornocturno.com.mx\/?p=110475","og_locale":"es_ES","og_type":"article","og_title":"EST\u00c1N VIVOS Y YA CON SUS FAMILIARES; FUERON LEVANTADOS - Inspector Nocturno","og_description":"\ud83d\udd3a Aparecen dos de los j\u00f3venes reportados como desaparecidos en Chetumal; falta uno. Dos de los tres j\u00f3venes reportados como desaparecidos tras ser privados de su libertad en Chetumal ya fueron localizados durante las \u00faltimas horas, mientras que Everardo Enrique Hern\u00e1ndez Manzanilla, de 23 a\u00f1os, contin\u00faa sin ser ubicado y su b\u00fasqueda permanece activa. Los [&hellip;]","og_url":"https:\/\/inspectornocturno.com.mx\/?p=110475","og_site_name":"Inspector Nocturno","article_published_time":"2026-08-31T14:02:15+00:00","article_modified_time":"2026-08-31T14:03:20+00:00","og_image":[{"width":900,"height":610,"url":"https:\/\/inspectornocturno.com.mx\/wp-content\/uploads\/2026\/08\/Screenshot_20260831_085912-scaled.jpg","type":"image\/jpeg"}],"author":"Inspector Nocturno","twitter_card":"summary_large_image","schema":{"@context":"https:\/\/schema.org","@graph":[{"@type":"Article","@id":"https:\/\/inspectornocturno.com.mx\/?p=110475#article","isPartOf":{"@id":"https:\/\/inspectornocturno.com.mx\/?p=110475"},"author":{"name":"Inspector Nocturno","@id":"https:\/\/inspectornocturno.com.mx\/#\/schema\/person\/2f4c4173b1712fd9cf4f4b9365ce65db"},"headline":"EST\u00c1N VIVOS Y YA CON SUS FAMILIARES; FUERON LEVANTADOS","datePublished":"2026-08-31T14:02:15+00:00","dateModified":"2026-08-31T14:03:20+00:00","mainEntityOfPage":{"@id":"https:\/\/inspectornocturno.com.mx\/?p=110475"},"wordCount":219,"publisher":{"@id":"https:\/\/inspectornocturno.com.mx\/#\/schema\/person\/63eb343fea17271215b1dd2793b27897"},"image":{"@id":"https:\/\/inspectornocturno.com.mx\/?p=110475#primaryimage"},"thumbnailUrl":"https:\/\/inspectornocturno.com.mx\/wp-content\/uploads\/2026\/08\/Screenshot_20260831_085912-scaled.jpg","articleSection":["Chetumal","Quintana Roo"],"inLanguage":"es"},{"@type":"WebPage","@id":"https:\/\/inspectornocturno.com.mx\/?p=110475","url":"https:\/\/inspectornocturno.com.mx\/?p=110475","name":"EST\u00c1N VIVOS Y YA CON SUS FAMILIARES; FUERON LEVANTADOS - Inspector Nocturno","isPartOf":{"@id":"https:\/\/inspectornocturno.com.mx\/#website"},"primaryImageOfPage":{"@id":"https:\/\/inspectornocturno.com.mx\/?p=110475#primaryimage"},"image":{"@id":"https:\/\/inspectornocturno.com.mx\/?p=110475#primaryimage"},"thumbnailUrl":"https:\/\/inspectornocturno.com.mx\/wp-content\/uploads\/2026\/08\/Screenshot_20260831_085912-scaled.jpg","datePublished":"2026-08-31T14:02:15+00:00","dateModified":"2026-08-31T14:03:20+00:00","breadcrumb":{"@id":"https:\/\/inspectornocturno.com.mx\/?p=110475#breadcrumb"},"inLanguage":"es","potentialAction":[{"@type":"ReadAction","target":["https:\/\/inspectornocturno.com.mx\/?p=110475"]}]},{"@type":"ImageObject","inLanguage":"es","@id":"https:\/\/inspectornocturno.com.mx\/?p=110475#primaryimage","url":"https:\/\/inspectornocturno.com.mx\/wp-content\/uploads\/2026\/08\/Screenshot_20260831_085912-scaled.jpg","contentUrl":"https:\/\/inspectornocturno.com.mx\/wp-content\/uploads\/2026\/08\/Screenshot_20260831_085912-scaled.jpg","width":900,"height":610},{"@type":"BreadcrumbList","@id":"https:\/\/inspectornocturno.com.mx\/?p=110475#breadcrumb","itemListElement":[{"@type":"ListItem","position":1,"name":"Portada","item":"https:\/\/inspectornocturno.com.mx\/"},{"@type":"ListItem","position":2,"name":"EST\u00c1N VIVOS Y YA CON SUS FAMILIARES; FUERON LEVANTADOS"}]},{"@type":"WebSite","@id":"https:\/\/inspectornocturno.com.mx\/#website","url":"https:\/\/inspectornocturno.com.mx\/","name":"Inspector Nocturno","description":"Canc\u00fan, noticias al minuto del inspector nocturno","publisher":{"@id":"https:\/\/inspectornocturno.com.mx\/#\/schema\/person\/63eb343fea17271215b1dd2793b27897"},"alternateName":"Noticias de impacto al momento de los hechos","potentialAction":[{"@type":"SearchAction","target":{"@type":"EntryPoint","urlTemplate":"https:\/\/inspectornocturno.com.mx\/?s={search_term_string}"},"query-input":{"@type":"PropertyValueSpecification","valueRequired":true,"valueName":"search_term_string"}}],"inLanguage":"es"},{"@type":["Person","Organization"],"@id":"https:\/\/inspectornocturno.com.mx\/#\/schema\/person\/63eb343fea17271215b1dd2793b27897","name":"Inspector Nocturno","image":{"@type":"ImageObject","inLanguage":"es","@id":"https:\/\/inspectornocturno.com.mx\/wp-content\/uploads\/2021\/10\/logo-transparente.png","url":"https:\/\/inspectornocturno.com.mx\/wp-content\/uploads\/2021\/10\/logo-transparente.png","contentUrl":"https:\/\/inspectornocturno.com.mx\/wp-content\/uploads\/2021\/10\/logo-transparente.png","width":561,"height":668,"caption":"Inspector Nocturno"},"logo":{"@id":"https:\/\/inspectornocturno.com.mx\/wp-content\/uploads\/2021\/10\/logo-transparente.png"},"sameAs":["http:\/\/inspectornocturno.com.mx"]},{"@type":"Person","@id":"https:\/\/inspectornocturno.com.mx\/#\/schema\/person\/2f4c4173b1712fd9cf4f4b9365ce65db","name":"Inspector Nocturno","sameAs":["http:\/\/inspectornocturno.com.mx"]}]}},"views":15,"_links":{"self":[{"href":"https:\/\/inspectornocturno.com.mx\/index.php?rest_route=\/wp\/v2\/posts\/110475","targetHints":{"allow":["GET"]}}],"collection":[{"href":"https:\/\/inspectornocturno.com.mx\/index.php?rest_route=\/wp\/v2\/posts"}],"about":[{"href":"https:\/\/inspectornocturno.com.mx\/index.php?rest_route=\/wp\/v2\/types\/post"}],"author":[{"embeddable":true,"href":"https:\/\/inspectornocturno.com.mx\/index.php?rest_route=\/wp\/v2\/users\/3"}],"replies":[{"embeddable":true,"href":"https:\/\/inspectornocturno.com.mx\/index.php?rest_route=%2Fwp%2Fv2%2Fcomments&post=110475"}],"version-history":[{"count":1,"href":"https:\/\/inspectornocturno.com.mx\/index.php?rest_route=\/wp\/v2\/posts\/110475\/revisions"}],"predecessor-version":[{"id":110480,"href":"https:\/\/inspectornocturno.com.mx\/index.php?rest_route=\/wp\/v2\/posts\/110475\/revisions\/110480"}],"wp:featuredmedia":[{"embeddable":true,"href":"https:\/\/inspectornocturno.com.mx\/index.php?rest_route=\/wp\/v2\/media\/110476"}],"wp:attachment":[{"href":"https:\/\/inspectornocturno.com.mx\/index.php?rest_route=%2Fwp%2Fv2%2Fmedia&parent=110475"}],"wp:term":[{"taxonomy":"category","embeddable":true,"href":"https:\/\/inspectornocturno.com.mx\/index.php?rest_route=%2Fwp%2Fv2%2Fcategories&post=110475"},{"taxonomy":"post_tag","embeddable":true,"href":"https:\/\/inspectornocturno.com.mx\/index.php?rest_route=%2Fwp%2Fv2%2Ftags&post=110475"}],"curies":[{"name":"wp","href":"https:\/\/api.w.org\/{rel}","templated":true}]}}