{"id":105272,"date":"2026-05-01T17:33:09","date_gmt":"2026-05-01T22:33:09","guid":{"rendered":"https:\/\/inspectornocturno.com.mx\/?p=105272"},"modified":"2026-05-01T17:33:11","modified_gmt":"2026-05-01T22:33:11","slug":"aterriza-en-aeropuerto-de-tulum-avion-con-personas-indocumentadas","status":"publish","type":"post","link":"https:\/\/inspectornocturno.com.mx\/?p=105272","title":{"rendered":"ATERRIZA EN AEROPUERTO DE TULUM AVI\u00d3N CON PERSONAS INDOCUMENTADAS"},"content":{"rendered":"\n<p><br><br>\ud83d\udd3a Trascendi\u00f3 que el Airbus A321-231 tiene como destino El Salvador.<br><br><br>Un avi\u00f3n Airbus A321-231 aterriz\u00f3 en el Aeropuerto Internacional de Tulum (TQO) presuntamente trasladando a personas indocumentadas repatriadas desde Estados Unidos, en un operativo que moviliz\u00f3 protocolos de atenci\u00f3n en la terminal a\u00e9rea.<br><br>Una imagen captada en el lugar muestra a un grupo numeroso de personas concentradas frente a la aeronave \u2014con la leyenda \u201cGlobalX\u201d visible en el fuselaje\u2014 dentro de una zona tipo hangar o \u00e1rea de resguardo, lo que sugiere que el desembarque se realiz\u00f3 bajo supervisi\u00f3n y en un espacio controlado.<br><br>La escena refuerza la versi\u00f3n de que los pasajeros fueron concentrados inmediatamente tras el aterrizaje para su revisi\u00f3n.<br><br>De acuerdo con los primeros reportes, autoridades aeroportuarias solicitaron el apoyo del municipio con una unidad m\u00e9dica, mientras que personal de salud del aeropuerto realiz\u00f3 valoraciones individuales a los ocupantes, con el objetivo de descartar riesgos tras el traslado internacional.<br><br>Aunque no se ha precisado el n\u00famero total de pasajeros ni su nacionalidad, trascendi\u00f3 que el vuelo continuar\u00eda su ruta hacia El Salvador, como parte de un posible circuito de repatriaci\u00f3n.<br><br>Hasta ahora, ninguna autoridad federal ha emitido un posicionamiento oficial, por lo que se espera mayor informaci\u00f3n en las pr\u00f3ximas horas sobre este movimiento migratorio registrado en Tulum.<\/p>\n","protected":false},"excerpt":{"rendered":"<p>\ud83d\udd3a Trascendi\u00f3 que el Airbus A321-231 tiene como destino El Salvador. Un avi\u00f3n Airbus A321-231 aterriz\u00f3 en el Aeropuerto Internacional de Tulum (TQO) presuntamente trasladando a personas indocumentadas repatriadas desde Estados Unidos, en un operativo que moviliz\u00f3 protocolos de atenci\u00f3n en la terminal a\u00e9rea. Una imagen captada en el lugar muestra a un grupo numeroso [&hellip;]<\/p>\n","protected":false},"author":3,"featured_media":105274,"comment_status":"closed","ping_status":"closed","sticky":false,"template":"","format":"standard","meta":{"footnotes":"","_wpscppro_dont_share_socialmedia":false,"_wpscppro_custom_social_share_image":0,"_facebook_share_type":"default","_twitter_share_type":"default","_linkedin_share_type":"default","_pinterest_share_type":"default","_linkedin_share_type_page":"default","_instagram_share_type":"default","_medium_share_type":"default","_threads_share_type":"default","_google_business_share_type":"default","_selected_social_profile":[{"id":753595702106742800,"platform":"twitter","platformKey":0,"name":"InspectorNocturnoOficial","thumbnail_url":"http:\/\/pbs.twimg.com\/profile_images\/869067525337862144\/lyGXp0kf_normal.jpg","share_type":"default"}],"_wpsp_enable_custom_social_template":false,"_wpsp_social_scheduling":{"enabled":false,"datetime":null,"platforms":[],"status":"template_only","dateOption":"today","timeOption":"now","customDays":"","customHours":"","customDate":"","customTime":"","schedulingType":"absolute"},"_wpsp_active_default_template":true},"categories":[3,48],"tags":[],"class_list":["post-105272","post","type-post","status-publish","format-standard","has-post-thumbnail","hentry","category-quintana-roo","category-tulum"],"yoast_head":"<!-- This site is optimized with the Yoast SEO plugin v27.4 - https:\/\/yoast.com\/product\/yoast-seo-wordpress\/ -->\n<title>ATERRIZA EN AEROPUERTO DE TULUM AVI\u00d3N CON PERSONAS INDOCUMENTADAS - Inspector Nocturno<\/title>\n<meta name=\"robots\" content=\"index, follow, max-snippet:-1, max-image-preview:large, max-video-preview:-1\" \/>\n<link rel=\"canonical\" href=\"https:\/\/inspectornocturno.com.mx\/?p=105272\" \/>\n<meta property=\"og:locale\" content=\"es_ES\" \/>\n<meta property=\"og:type\" content=\"article\" \/>\n<meta property=\"og:title\" content=\"ATERRIZA EN AEROPUERTO DE TULUM AVI\u00d3N CON PERSONAS INDOCUMENTADAS - Inspector Nocturno\" \/>\n<meta property=\"og:description\" content=\"\ud83d\udd3a Trascendi\u00f3 que el Airbus A321-231 tiene como destino El Salvador. Un avi\u00f3n Airbus A321-231 aterriz\u00f3 en el Aeropuerto Internacional de Tulum (TQO) presuntamente trasladando a personas indocumentadas repatriadas desde Estados Unidos, en un operativo que moviliz\u00f3 protocolos de atenci\u00f3n en la terminal a\u00e9rea. Una imagen captada en el lugar muestra a un grupo numeroso [&hellip;]\" \/>\n<meta property=\"og:url\" content=\"https:\/\/inspectornocturno.com.mx\/?p=105272\" \/>\n<meta property=\"og:site_name\" content=\"Inspector Nocturno\" \/>\n<meta property=\"article:published_time\" content=\"2026-05-01T22:33:09+00:00\" \/>\n<meta property=\"article:modified_time\" content=\"2026-05-01T22:33:11+00:00\" \/>\n<meta property=\"og:image\" content=\"https:\/\/inspectornocturno.com.mx\/wp-content\/uploads\/2026\/05\/Photo_1777674032405-scaled.jpg\" \/>\n\t<meta property=\"og:image:width\" content=\"720\" \/>\n\t<meta property=\"og:image:height\" content=\"900\" \/>\n\t<meta property=\"og:image:type\" content=\"image\/jpeg\" \/>\n<meta name=\"author\" content=\"Inspector Nocturno\" \/>\n<meta name=\"twitter:card\" content=\"summary_large_image\" \/>\n<script type=\"application\/ld+json\" class=\"yoast-schema-graph\">{\"@context\":\"https:\\\/\\\/schema.org\",\"@graph\":[{\"@type\":\"Article\",\"@id\":\"https:\\\/\\\/inspectornocturno.com.mx\\\/?p=105272#article\",\"isPartOf\":{\"@id\":\"https:\\\/\\\/inspectornocturno.com.mx\\\/?p=105272\"},\"author\":{\"name\":\"Inspector Nocturno\",\"@id\":\"https:\\\/\\\/inspectornocturno.com.mx\\\/#\\\/schema\\\/person\\\/2f4c4173b1712fd9cf4f4b9365ce65db\"},\"headline\":\"ATERRIZA EN AEROPUERTO DE TULUM AVI\u00d3N CON PERSONAS INDOCUMENTADAS\",\"datePublished\":\"2026-05-01T22:33:09+00:00\",\"dateModified\":\"2026-05-01T22:33:11+00:00\",\"mainEntityOfPage\":{\"@id\":\"https:\\\/\\\/inspectornocturno.com.mx\\\/?p=105272\"},\"wordCount\":235,\"publisher\":{\"@id\":\"https:\\\/\\\/inspectornocturno.com.mx\\\/#\\\/schema\\\/person\\\/63eb343fea17271215b1dd2793b27897\"},\"image\":{\"@id\":\"https:\\\/\\\/inspectornocturno.com.mx\\\/?p=105272#primaryimage\"},\"thumbnailUrl\":\"https:\\\/\\\/inspectornocturno.com.mx\\\/wp-content\\\/uploads\\\/2026\\\/05\\\/Photo_1777674032405-scaled.jpg\",\"articleSection\":[\"Quintana Roo\",\"Tulum\"],\"inLanguage\":\"es\"},{\"@type\":\"WebPage\",\"@id\":\"https:\\\/\\\/inspectornocturno.com.mx\\\/?p=105272\",\"url\":\"https:\\\/\\\/inspectornocturno.com.mx\\\/?p=105272\",\"name\":\"ATERRIZA EN AEROPUERTO DE TULUM AVI\u00d3N CON PERSONAS INDOCUMENTADAS - Inspector Nocturno\",\"isPartOf\":{\"@id\":\"https:\\\/\\\/inspectornocturno.com.mx\\\/#website\"},\"primaryImageOfPage\":{\"@id\":\"https:\\\/\\\/inspectornocturno.com.mx\\\/?p=105272#primaryimage\"},\"image\":{\"@id\":\"https:\\\/\\\/inspectornocturno.com.mx\\\/?p=105272#primaryimage\"},\"thumbnailUrl\":\"https:\\\/\\\/inspectornocturno.com.mx\\\/wp-content\\\/uploads\\\/2026\\\/05\\\/Photo_1777674032405-scaled.jpg\",\"datePublished\":\"2026-05-01T22:33:09+00:00\",\"dateModified\":\"2026-05-01T22:33:11+00:00\",\"breadcrumb\":{\"@id\":\"https:\\\/\\\/inspectornocturno.com.mx\\\/?p=105272#breadcrumb\"},\"inLanguage\":\"es\",\"potentialAction\":[{\"@type\":\"ReadAction\",\"target\":[\"https:\\\/\\\/inspectornocturno.com.mx\\\/?p=105272\"]}]},{\"@type\":\"ImageObject\",\"inLanguage\":\"es\",\"@id\":\"https:\\\/\\\/inspectornocturno.com.mx\\\/?p=105272#primaryimage\",\"url\":\"https:\\\/\\\/inspectornocturno.com.mx\\\/wp-content\\\/uploads\\\/2026\\\/05\\\/Photo_1777674032405-scaled.jpg\",\"contentUrl\":\"https:\\\/\\\/inspectornocturno.com.mx\\\/wp-content\\\/uploads\\\/2026\\\/05\\\/Photo_1777674032405-scaled.jpg\",\"width\":720,\"height\":900},{\"@type\":\"BreadcrumbList\",\"@id\":\"https:\\\/\\\/inspectornocturno.com.mx\\\/?p=105272#breadcrumb\",\"itemListElement\":[{\"@type\":\"ListItem\",\"position\":1,\"name\":\"Portada\",\"item\":\"https:\\\/\\\/inspectornocturno.com.mx\\\/\"},{\"@type\":\"ListItem\",\"position\":2,\"name\":\"ATERRIZA EN AEROPUERTO DE TULUM AVI\u00d3N CON PERSONAS INDOCUMENTADAS\"}]},{\"@type\":\"WebSite\",\"@id\":\"https:\\\/\\\/inspectornocturno.com.mx\\\/#website\",\"url\":\"https:\\\/\\\/inspectornocturno.com.mx\\\/\",\"name\":\"Inspector Nocturno\",\"description\":\"Canc\u00fan, noticias al minuto del inspector nocturno\",\"publisher\":{\"@id\":\"https:\\\/\\\/inspectornocturno.com.mx\\\/#\\\/schema\\\/person\\\/63eb343fea17271215b1dd2793b27897\"},\"alternateName\":\"Noticias de impacto al momento de los hechos\",\"potentialAction\":[{\"@type\":\"SearchAction\",\"target\":{\"@type\":\"EntryPoint\",\"urlTemplate\":\"https:\\\/\\\/inspectornocturno.com.mx\\\/?s={search_term_string}\"},\"query-input\":{\"@type\":\"PropertyValueSpecification\",\"valueRequired\":true,\"valueName\":\"search_term_string\"}}],\"inLanguage\":\"es\"},{\"@type\":[\"Person\",\"Organization\"],\"@id\":\"https:\\\/\\\/inspectornocturno.com.mx\\\/#\\\/schema\\\/person\\\/63eb343fea17271215b1dd2793b27897\",\"name\":\"Inspector Nocturno\",\"image\":{\"@type\":\"ImageObject\",\"inLanguage\":\"es\",\"@id\":\"https:\\\/\\\/inspectornocturno.com.mx\\\/wp-content\\\/uploads\\\/2021\\\/10\\\/logo-transparente.png\",\"url\":\"https:\\\/\\\/inspectornocturno.com.mx\\\/wp-content\\\/uploads\\\/2021\\\/10\\\/logo-transparente.png\",\"contentUrl\":\"https:\\\/\\\/inspectornocturno.com.mx\\\/wp-content\\\/uploads\\\/2021\\\/10\\\/logo-transparente.png\",\"width\":561,\"height\":668,\"caption\":\"Inspector Nocturno\"},\"logo\":{\"@id\":\"https:\\\/\\\/inspectornocturno.com.mx\\\/wp-content\\\/uploads\\\/2021\\\/10\\\/logo-transparente.png\"},\"sameAs\":[\"http:\\\/\\\/inspectornocturno.com.mx\"]},{\"@type\":\"Person\",\"@id\":\"https:\\\/\\\/inspectornocturno.com.mx\\\/#\\\/schema\\\/person\\\/2f4c4173b1712fd9cf4f4b9365ce65db\",\"name\":\"Inspector Nocturno\",\"sameAs\":[\"http:\\\/\\\/inspectornocturno.com.mx\"]}]}<\/script>\n<!-- \/ Yoast SEO plugin. -->","yoast_head_json":{"title":"ATERRIZA EN AEROPUERTO DE TULUM AVI\u00d3N CON PERSONAS INDOCUMENTADAS - Inspector Nocturno","robots":{"index":"index","follow":"follow","max-snippet":"max-snippet:-1","max-image-preview":"max-image-preview:large","max-video-preview":"max-video-preview:-1"},"canonical":"https:\/\/inspectornocturno.com.mx\/?p=105272","og_locale":"es_ES","og_type":"article","og_title":"ATERRIZA EN AEROPUERTO DE TULUM AVI\u00d3N CON PERSONAS INDOCUMENTADAS - Inspector Nocturno","og_description":"\ud83d\udd3a Trascendi\u00f3 que el Airbus A321-231 tiene como destino El Salvador. Un avi\u00f3n Airbus A321-231 aterriz\u00f3 en el Aeropuerto Internacional de Tulum (TQO) presuntamente trasladando a personas indocumentadas repatriadas desde Estados Unidos, en un operativo que moviliz\u00f3 protocolos de atenci\u00f3n en la terminal a\u00e9rea. Una imagen captada en el lugar muestra a un grupo numeroso [&hellip;]","og_url":"https:\/\/inspectornocturno.com.mx\/?p=105272","og_site_name":"Inspector Nocturno","article_published_time":"2026-05-01T22:33:09+00:00","article_modified_time":"2026-05-01T22:33:11+00:00","og_image":[{"width":720,"height":900,"url":"https:\/\/inspectornocturno.com.mx\/wp-content\/uploads\/2026\/05\/Photo_1777674032405-scaled.jpg","type":"image\/jpeg"}],"author":"Inspector Nocturno","twitter_card":"summary_large_image","schema":{"@context":"https:\/\/schema.org","@graph":[{"@type":"Article","@id":"https:\/\/inspectornocturno.com.mx\/?p=105272#article","isPartOf":{"@id":"https:\/\/inspectornocturno.com.mx\/?p=105272"},"author":{"name":"Inspector Nocturno","@id":"https:\/\/inspectornocturno.com.mx\/#\/schema\/person\/2f4c4173b1712fd9cf4f4b9365ce65db"},"headline":"ATERRIZA EN AEROPUERTO DE TULUM AVI\u00d3N CON PERSONAS INDOCUMENTADAS","datePublished":"2026-05-01T22:33:09+00:00","dateModified":"2026-05-01T22:33:11+00:00","mainEntityOfPage":{"@id":"https:\/\/inspectornocturno.com.mx\/?p=105272"},"wordCount":235,"publisher":{"@id":"https:\/\/inspectornocturno.com.mx\/#\/schema\/person\/63eb343fea17271215b1dd2793b27897"},"image":{"@id":"https:\/\/inspectornocturno.com.mx\/?p=105272#primaryimage"},"thumbnailUrl":"https:\/\/inspectornocturno.com.mx\/wp-content\/uploads\/2026\/05\/Photo_1777674032405-scaled.jpg","articleSection":["Quintana Roo","Tulum"],"inLanguage":"es"},{"@type":"WebPage","@id":"https:\/\/inspectornocturno.com.mx\/?p=105272","url":"https:\/\/inspectornocturno.com.mx\/?p=105272","name":"ATERRIZA EN AEROPUERTO DE TULUM AVI\u00d3N CON PERSONAS INDOCUMENTADAS - Inspector Nocturno","isPartOf":{"@id":"https:\/\/inspectornocturno.com.mx\/#website"},"primaryImageOfPage":{"@id":"https:\/\/inspectornocturno.com.mx\/?p=105272#primaryimage"},"image":{"@id":"https:\/\/inspectornocturno.com.mx\/?p=105272#primaryimage"},"thumbnailUrl":"https:\/\/inspectornocturno.com.mx\/wp-content\/uploads\/2026\/05\/Photo_1777674032405-scaled.jpg","datePublished":"2026-05-01T22:33:09+00:00","dateModified":"2026-05-01T22:33:11+00:00","breadcrumb":{"@id":"https:\/\/inspectornocturno.com.mx\/?p=105272#breadcrumb"},"inLanguage":"es","potentialAction":[{"@type":"ReadAction","target":["https:\/\/inspectornocturno.com.mx\/?p=105272"]}]},{"@type":"ImageObject","inLanguage":"es","@id":"https:\/\/inspectornocturno.com.mx\/?p=105272#primaryimage","url":"https:\/\/inspectornocturno.com.mx\/wp-content\/uploads\/2026\/05\/Photo_1777674032405-scaled.jpg","contentUrl":"https:\/\/inspectornocturno.com.mx\/wp-content\/uploads\/2026\/05\/Photo_1777674032405-scaled.jpg","width":720,"height":900},{"@type":"BreadcrumbList","@id":"https:\/\/inspectornocturno.com.mx\/?p=105272#breadcrumb","itemListElement":[{"@type":"ListItem","position":1,"name":"Portada","item":"https:\/\/inspectornocturno.com.mx\/"},{"@type":"ListItem","position":2,"name":"ATERRIZA EN AEROPUERTO DE TULUM AVI\u00d3N CON PERSONAS INDOCUMENTADAS"}]},{"@type":"WebSite","@id":"https:\/\/inspectornocturno.com.mx\/#website","url":"https:\/\/inspectornocturno.com.mx\/","name":"Inspector Nocturno","description":"Canc\u00fan, noticias al minuto del inspector nocturno","publisher":{"@id":"https:\/\/inspectornocturno.com.mx\/#\/schema\/person\/63eb343fea17271215b1dd2793b27897"},"alternateName":"Noticias de impacto al momento de los hechos","potentialAction":[{"@type":"SearchAction","target":{"@type":"EntryPoint","urlTemplate":"https:\/\/inspectornocturno.com.mx\/?s={search_term_string}"},"query-input":{"@type":"PropertyValueSpecification","valueRequired":true,"valueName":"search_term_string"}}],"inLanguage":"es"},{"@type":["Person","Organization"],"@id":"https:\/\/inspectornocturno.com.mx\/#\/schema\/person\/63eb343fea17271215b1dd2793b27897","name":"Inspector Nocturno","image":{"@type":"ImageObject","inLanguage":"es","@id":"https:\/\/inspectornocturno.com.mx\/wp-content\/uploads\/2021\/10\/logo-transparente.png","url":"https:\/\/inspectornocturno.com.mx\/wp-content\/uploads\/2021\/10\/logo-transparente.png","contentUrl":"https:\/\/inspectornocturno.com.mx\/wp-content\/uploads\/2021\/10\/logo-transparente.png","width":561,"height":668,"caption":"Inspector Nocturno"},"logo":{"@id":"https:\/\/inspectornocturno.com.mx\/wp-content\/uploads\/2021\/10\/logo-transparente.png"},"sameAs":["http:\/\/inspectornocturno.com.mx"]},{"@type":"Person","@id":"https:\/\/inspectornocturno.com.mx\/#\/schema\/person\/2f4c4173b1712fd9cf4f4b9365ce65db","name":"Inspector Nocturno","sameAs":["http:\/\/inspectornocturno.com.mx"]}]}},"views":17,"_links":{"self":[{"href":"https:\/\/inspectornocturno.com.mx\/index.php?rest_route=\/wp\/v2\/posts\/105272","targetHints":{"allow":["GET"]}}],"collection":[{"href":"https:\/\/inspectornocturno.com.mx\/index.php?rest_route=\/wp\/v2\/posts"}],"about":[{"href":"https:\/\/inspectornocturno.com.mx\/index.php?rest_route=\/wp\/v2\/types\/post"}],"author":[{"embeddable":true,"href":"https:\/\/inspectornocturno.com.mx\/index.php?rest_route=\/wp\/v2\/users\/3"}],"replies":[{"embeddable":true,"href":"https:\/\/inspectornocturno.com.mx\/index.php?rest_route=%2Fwp%2Fv2%2Fcomments&post=105272"}],"version-history":[{"count":1,"href":"https:\/\/inspectornocturno.com.mx\/index.php?rest_route=\/wp\/v2\/posts\/105272\/revisions"}],"predecessor-version":[{"id":105275,"href":"https:\/\/inspectornocturno.com.mx\/index.php?rest_route=\/wp\/v2\/posts\/105272\/revisions\/105275"}],"wp:featuredmedia":[{"embeddable":true,"href":"https:\/\/inspectornocturno.com.mx\/index.php?rest_route=\/wp\/v2\/media\/105274"}],"wp:attachment":[{"href":"https:\/\/inspectornocturno.com.mx\/index.php?rest_route=%2Fwp%2Fv2%2Fmedia&parent=105272"}],"wp:term":[{"taxonomy":"category","embeddable":true,"href":"https:\/\/inspectornocturno.com.mx\/index.php?rest_route=%2Fwp%2Fv2%2Fcategories&post=105272"},{"taxonomy":"post_tag","embeddable":true,"href":"https:\/\/inspectornocturno.com.mx\/index.php?rest_route=%2Fwp%2Fv2%2Ftags&post=105272"}],"curies":[{"name":"wp","href":"https:\/\/api.w.org\/{rel}","templated":true}]}}