{"id":105268,"date":"2026-05-01T15:34:37","date_gmt":"2026-05-01T20:34:37","guid":{"rendered":"https:\/\/inspectornocturno.com.mx\/?p=105268"},"modified":"2026-05-01T15:34:40","modified_gmt":"2026-05-01T20:34:40","slug":"se-incendia-camion-de-servicios-publicos-municipales-en-el-arco-vial-video","status":"publish","type":"post","link":"https:\/\/inspectornocturno.com.mx\/?p=105268","title":{"rendered":"SE INCENDIA CAMI\u00d3N DE SERVICIOS P\u00daBLICOS MUNICIPALES, EN EL ARCO VIAL (video)"},"content":{"rendered":"\n<figure class=\"wp-block-video\"><video height=\"1080\" style=\"aspect-ratio: 1920 \/ 1080;\" width=\"1920\" controls src=\"https:\/\/inspectornocturno.com.mx\/wp-content\/uploads\/2026\/05\/1000520658.mp4\"><\/video><\/figure>\n\n\n\n<p><br>El incendio de una camioneta de la Direcci\u00f3n de Servicios P\u00fablicos Municipales gener\u00f3 la movilizaci\u00f3n de autoridades policiales y del Heroico Cuerpo de Bomberos, quienes lograron sofocar el siniestro que dej\u00f3 \u00fanicamente da\u00f1os materiales.<br><br>El reporte fue realizado a trav\u00e9s del n\u00famero de emergencias 911 alrededor de las 12:30 del d\u00eda, cuando se inform\u00f3 que una camioneta se estaba incendiando sobre el Arco Vial, entre los fraccionamientos Vista Real y La Joya, en la supermanzana 255.<br><br>Elementos de la Polic\u00eda Municipal acudieron al sitio y confirmaron que se trataba de un veh\u00edculo de carga al servicio del Ayuntamiento.<br><br>De acuerdo con el conductor y sus acompa\u00f1antes, el fuego comenz\u00f3 en el \u00e1rea del motor, por lo que descendieron r\u00e1pidamente de la unidad para ponerse a salvo.<br><br>Al arribar, bomberos iniciaron las labores para sofocar el incendio, el cual ya hab\u00eda consumido en su totalidad la camioneta. Adem\u00e1s, las llamas alcanzaron un \u00e1rea verde colindante, el fuego fue controlado antes de que se propagara.<br><br>Por seguridad, la zona fue delimitada y la circulaci\u00f3n vehicular se desvi\u00f3 hacia rutas alternas. Tras concluir las labores de emergencia, el tr\u00e1nsito fue reabierto y la unidad siniestrada fue retirada con apoyo de una gr\u00faa.<\/p>\n","protected":false},"excerpt":{"rendered":"<p>El incendio de una camioneta de la Direcci\u00f3n de Servicios P\u00fablicos Municipales gener\u00f3 la movilizaci\u00f3n de autoridades policiales y del Heroico Cuerpo de Bomberos, quienes lograron sofocar el siniestro que dej\u00f3 \u00fanicamente da\u00f1os materiales. El reporte fue realizado a trav\u00e9s del n\u00famero de emergencias 911 alrededor de las 12:30 del d\u00eda, cuando se inform\u00f3 que [&hellip;]<\/p>\n","protected":false},"author":3,"featured_media":105269,"comment_status":"closed","ping_status":"closed","sticky":false,"template":"","format":"standard","meta":{"footnotes":"","_wpscppro_dont_share_socialmedia":false,"_wpscppro_custom_social_share_image":0,"_facebook_share_type":"default","_twitter_share_type":"default","_linkedin_share_type":"default","_pinterest_share_type":"default","_linkedin_share_type_page":"default","_instagram_share_type":"default","_medium_share_type":"default","_threads_share_type":"default","_google_business_share_type":"default","_selected_social_profile":[{"id":753595702106742800,"platform":"twitter","platformKey":0,"name":"InspectorNocturnoOficial","thumbnail_url":"http:\/\/pbs.twimg.com\/profile_images\/869067525337862144\/lyGXp0kf_normal.jpg","share_type":"default"}],"_wpsp_enable_custom_social_template":false,"_wpsp_social_scheduling":{"enabled":false,"datetime":null,"platforms":[],"status":"template_only","dateOption":"today","timeOption":"now","customDays":"","customHours":"","customDate":"","customTime":"","schedulingType":"absolute"},"_wpsp_active_default_template":true},"categories":[57,3],"tags":[],"class_list":["post-105268","post","type-post","status-publish","format-standard","has-post-thumbnail","hentry","category-cancun","category-quintana-roo"],"yoast_head":"<!-- This site is optimized with the Yoast SEO plugin v27.4 - https:\/\/yoast.com\/product\/yoast-seo-wordpress\/ -->\n<title>SE INCENDIA CAMI\u00d3N DE SERVICIOS P\u00daBLICOS MUNICIPALES, EN EL ARCO VIAL (video) - Inspector Nocturno<\/title>\n<meta name=\"robots\" content=\"index, follow, max-snippet:-1, max-image-preview:large, max-video-preview:-1\" \/>\n<link rel=\"canonical\" href=\"https:\/\/inspectornocturno.com.mx\/?p=105268\" \/>\n<meta property=\"og:locale\" content=\"es_ES\" \/>\n<meta property=\"og:type\" content=\"article\" \/>\n<meta property=\"og:title\" content=\"SE INCENDIA CAMI\u00d3N DE SERVICIOS P\u00daBLICOS MUNICIPALES, EN EL ARCO VIAL (video) - Inspector Nocturno\" \/>\n<meta property=\"og:description\" content=\"El incendio de una camioneta de la Direcci\u00f3n de Servicios P\u00fablicos Municipales gener\u00f3 la movilizaci\u00f3n de autoridades policiales y del Heroico Cuerpo de Bomberos, quienes lograron sofocar el siniestro que dej\u00f3 \u00fanicamente da\u00f1os materiales. El reporte fue realizado a trav\u00e9s del n\u00famero de emergencias 911 alrededor de las 12:30 del d\u00eda, cuando se inform\u00f3 que [&hellip;]\" \/>\n<meta property=\"og:url\" content=\"https:\/\/inspectornocturno.com.mx\/?p=105268\" \/>\n<meta property=\"og:site_name\" content=\"Inspector Nocturno\" \/>\n<meta property=\"article:published_time\" content=\"2026-05-01T20:34:37+00:00\" \/>\n<meta property=\"article:modified_time\" content=\"2026-05-01T20:34:40+00:00\" \/>\n<meta property=\"og:image\" content=\"https:\/\/inspectornocturno.com.mx\/wp-content\/uploads\/2026\/05\/IMG-20260501-WA00312.jpg\" \/>\n\t<meta property=\"og:image:width\" content=\"720\" \/>\n\t<meta property=\"og:image:height\" content=\"405\" \/>\n\t<meta property=\"og:image:type\" content=\"image\/jpeg\" \/>\n<meta name=\"author\" content=\"Inspector Nocturno\" \/>\n<meta name=\"twitter:card\" content=\"summary_large_image\" \/>\n<script type=\"application\/ld+json\" class=\"yoast-schema-graph\">{\"@context\":\"https:\\\/\\\/schema.org\",\"@graph\":[{\"@type\":\"Article\",\"@id\":\"https:\\\/\\\/inspectornocturno.com.mx\\\/?p=105268#article\",\"isPartOf\":{\"@id\":\"https:\\\/\\\/inspectornocturno.com.mx\\\/?p=105268\"},\"author\":{\"name\":\"Inspector Nocturno\",\"@id\":\"https:\\\/\\\/inspectornocturno.com.mx\\\/#\\\/schema\\\/person\\\/2f4c4173b1712fd9cf4f4b9365ce65db\"},\"headline\":\"SE INCENDIA CAMI\u00d3N DE SERVICIOS P\u00daBLICOS MUNICIPALES, EN EL ARCO VIAL (video)\",\"datePublished\":\"2026-05-01T20:34:37+00:00\",\"dateModified\":\"2026-05-01T20:34:40+00:00\",\"mainEntityOfPage\":{\"@id\":\"https:\\\/\\\/inspectornocturno.com.mx\\\/?p=105268\"},\"wordCount\":226,\"publisher\":{\"@id\":\"https:\\\/\\\/inspectornocturno.com.mx\\\/#\\\/schema\\\/person\\\/63eb343fea17271215b1dd2793b27897\"},\"image\":{\"@id\":\"https:\\\/\\\/inspectornocturno.com.mx\\\/?p=105268#primaryimage\"},\"thumbnailUrl\":\"https:\\\/\\\/inspectornocturno.com.mx\\\/wp-content\\\/uploads\\\/2026\\\/05\\\/IMG-20260501-WA00312.jpg\",\"articleSection\":[\"Canc\u00fan\",\"Quintana Roo\"],\"inLanguage\":\"es\"},{\"@type\":\"WebPage\",\"@id\":\"https:\\\/\\\/inspectornocturno.com.mx\\\/?p=105268\",\"url\":\"https:\\\/\\\/inspectornocturno.com.mx\\\/?p=105268\",\"name\":\"SE INCENDIA CAMI\u00d3N DE SERVICIOS P\u00daBLICOS MUNICIPALES, EN EL ARCO VIAL (video) - Inspector Nocturno\",\"isPartOf\":{\"@id\":\"https:\\\/\\\/inspectornocturno.com.mx\\\/#website\"},\"primaryImageOfPage\":{\"@id\":\"https:\\\/\\\/inspectornocturno.com.mx\\\/?p=105268#primaryimage\"},\"image\":{\"@id\":\"https:\\\/\\\/inspectornocturno.com.mx\\\/?p=105268#primaryimage\"},\"thumbnailUrl\":\"https:\\\/\\\/inspectornocturno.com.mx\\\/wp-content\\\/uploads\\\/2026\\\/05\\\/IMG-20260501-WA00312.jpg\",\"datePublished\":\"2026-05-01T20:34:37+00:00\",\"dateModified\":\"2026-05-01T20:34:40+00:00\",\"breadcrumb\":{\"@id\":\"https:\\\/\\\/inspectornocturno.com.mx\\\/?p=105268#breadcrumb\"},\"inLanguage\":\"es\",\"potentialAction\":[{\"@type\":\"ReadAction\",\"target\":[\"https:\\\/\\\/inspectornocturno.com.mx\\\/?p=105268\"]}]},{\"@type\":\"ImageObject\",\"inLanguage\":\"es\",\"@id\":\"https:\\\/\\\/inspectornocturno.com.mx\\\/?p=105268#primaryimage\",\"url\":\"https:\\\/\\\/inspectornocturno.com.mx\\\/wp-content\\\/uploads\\\/2026\\\/05\\\/IMG-20260501-WA00312.jpg\",\"contentUrl\":\"https:\\\/\\\/inspectornocturno.com.mx\\\/wp-content\\\/uploads\\\/2026\\\/05\\\/IMG-20260501-WA00312.jpg\",\"width\":720,\"height\":405},{\"@type\":\"BreadcrumbList\",\"@id\":\"https:\\\/\\\/inspectornocturno.com.mx\\\/?p=105268#breadcrumb\",\"itemListElement\":[{\"@type\":\"ListItem\",\"position\":1,\"name\":\"Portada\",\"item\":\"https:\\\/\\\/inspectornocturno.com.mx\\\/\"},{\"@type\":\"ListItem\",\"position\":2,\"name\":\"SE INCENDIA CAMI\u00d3N DE SERVICIOS P\u00daBLICOS MUNICIPALES, EN EL ARCO VIAL (video)\"}]},{\"@type\":\"WebSite\",\"@id\":\"https:\\\/\\\/inspectornocturno.com.mx\\\/#website\",\"url\":\"https:\\\/\\\/inspectornocturno.com.mx\\\/\",\"name\":\"Inspector Nocturno\",\"description\":\"Canc\u00fan, noticias al minuto del inspector nocturno\",\"publisher\":{\"@id\":\"https:\\\/\\\/inspectornocturno.com.mx\\\/#\\\/schema\\\/person\\\/63eb343fea17271215b1dd2793b27897\"},\"alternateName\":\"Noticias de impacto al momento de los hechos\",\"potentialAction\":[{\"@type\":\"SearchAction\",\"target\":{\"@type\":\"EntryPoint\",\"urlTemplate\":\"https:\\\/\\\/inspectornocturno.com.mx\\\/?s={search_term_string}\"},\"query-input\":{\"@type\":\"PropertyValueSpecification\",\"valueRequired\":true,\"valueName\":\"search_term_string\"}}],\"inLanguage\":\"es\"},{\"@type\":[\"Person\",\"Organization\"],\"@id\":\"https:\\\/\\\/inspectornocturno.com.mx\\\/#\\\/schema\\\/person\\\/63eb343fea17271215b1dd2793b27897\",\"name\":\"Inspector Nocturno\",\"image\":{\"@type\":\"ImageObject\",\"inLanguage\":\"es\",\"@id\":\"https:\\\/\\\/inspectornocturno.com.mx\\\/wp-content\\\/uploads\\\/2021\\\/10\\\/logo-transparente.png\",\"url\":\"https:\\\/\\\/inspectornocturno.com.mx\\\/wp-content\\\/uploads\\\/2021\\\/10\\\/logo-transparente.png\",\"contentUrl\":\"https:\\\/\\\/inspectornocturno.com.mx\\\/wp-content\\\/uploads\\\/2021\\\/10\\\/logo-transparente.png\",\"width\":561,\"height\":668,\"caption\":\"Inspector Nocturno\"},\"logo\":{\"@id\":\"https:\\\/\\\/inspectornocturno.com.mx\\\/wp-content\\\/uploads\\\/2021\\\/10\\\/logo-transparente.png\"},\"sameAs\":[\"http:\\\/\\\/inspectornocturno.com.mx\"]},{\"@type\":\"Person\",\"@id\":\"https:\\\/\\\/inspectornocturno.com.mx\\\/#\\\/schema\\\/person\\\/2f4c4173b1712fd9cf4f4b9365ce65db\",\"name\":\"Inspector Nocturno\",\"sameAs\":[\"http:\\\/\\\/inspectornocturno.com.mx\"]}]}<\/script>\n<!-- \/ Yoast SEO plugin. -->","yoast_head_json":{"title":"SE INCENDIA CAMI\u00d3N DE SERVICIOS P\u00daBLICOS MUNICIPALES, EN EL ARCO VIAL (video) - Inspector Nocturno","robots":{"index":"index","follow":"follow","max-snippet":"max-snippet:-1","max-image-preview":"max-image-preview:large","max-video-preview":"max-video-preview:-1"},"canonical":"https:\/\/inspectornocturno.com.mx\/?p=105268","og_locale":"es_ES","og_type":"article","og_title":"SE INCENDIA CAMI\u00d3N DE SERVICIOS P\u00daBLICOS MUNICIPALES, EN EL ARCO VIAL (video) - Inspector Nocturno","og_description":"El incendio de una camioneta de la Direcci\u00f3n de Servicios P\u00fablicos Municipales gener\u00f3 la movilizaci\u00f3n de autoridades policiales y del Heroico Cuerpo de Bomberos, quienes lograron sofocar el siniestro que dej\u00f3 \u00fanicamente da\u00f1os materiales. El reporte fue realizado a trav\u00e9s del n\u00famero de emergencias 911 alrededor de las 12:30 del d\u00eda, cuando se inform\u00f3 que [&hellip;]","og_url":"https:\/\/inspectornocturno.com.mx\/?p=105268","og_site_name":"Inspector Nocturno","article_published_time":"2026-05-01T20:34:37+00:00","article_modified_time":"2026-05-01T20:34:40+00:00","og_image":[{"width":720,"height":405,"url":"https:\/\/inspectornocturno.com.mx\/wp-content\/uploads\/2026\/05\/IMG-20260501-WA00312.jpg","type":"image\/jpeg"}],"author":"Inspector Nocturno","twitter_card":"summary_large_image","schema":{"@context":"https:\/\/schema.org","@graph":[{"@type":"Article","@id":"https:\/\/inspectornocturno.com.mx\/?p=105268#article","isPartOf":{"@id":"https:\/\/inspectornocturno.com.mx\/?p=105268"},"author":{"name":"Inspector Nocturno","@id":"https:\/\/inspectornocturno.com.mx\/#\/schema\/person\/2f4c4173b1712fd9cf4f4b9365ce65db"},"headline":"SE INCENDIA CAMI\u00d3N DE SERVICIOS P\u00daBLICOS MUNICIPALES, EN EL ARCO VIAL (video)","datePublished":"2026-05-01T20:34:37+00:00","dateModified":"2026-05-01T20:34:40+00:00","mainEntityOfPage":{"@id":"https:\/\/inspectornocturno.com.mx\/?p=105268"},"wordCount":226,"publisher":{"@id":"https:\/\/inspectornocturno.com.mx\/#\/schema\/person\/63eb343fea17271215b1dd2793b27897"},"image":{"@id":"https:\/\/inspectornocturno.com.mx\/?p=105268#primaryimage"},"thumbnailUrl":"https:\/\/inspectornocturno.com.mx\/wp-content\/uploads\/2026\/05\/IMG-20260501-WA00312.jpg","articleSection":["Canc\u00fan","Quintana Roo"],"inLanguage":"es"},{"@type":"WebPage","@id":"https:\/\/inspectornocturno.com.mx\/?p=105268","url":"https:\/\/inspectornocturno.com.mx\/?p=105268","name":"SE INCENDIA CAMI\u00d3N DE SERVICIOS P\u00daBLICOS MUNICIPALES, EN EL ARCO VIAL (video) - Inspector Nocturno","isPartOf":{"@id":"https:\/\/inspectornocturno.com.mx\/#website"},"primaryImageOfPage":{"@id":"https:\/\/inspectornocturno.com.mx\/?p=105268#primaryimage"},"image":{"@id":"https:\/\/inspectornocturno.com.mx\/?p=105268#primaryimage"},"thumbnailUrl":"https:\/\/inspectornocturno.com.mx\/wp-content\/uploads\/2026\/05\/IMG-20260501-WA00312.jpg","datePublished":"2026-05-01T20:34:37+00:00","dateModified":"2026-05-01T20:34:40+00:00","breadcrumb":{"@id":"https:\/\/inspectornocturno.com.mx\/?p=105268#breadcrumb"},"inLanguage":"es","potentialAction":[{"@type":"ReadAction","target":["https:\/\/inspectornocturno.com.mx\/?p=105268"]}]},{"@type":"ImageObject","inLanguage":"es","@id":"https:\/\/inspectornocturno.com.mx\/?p=105268#primaryimage","url":"https:\/\/inspectornocturno.com.mx\/wp-content\/uploads\/2026\/05\/IMG-20260501-WA00312.jpg","contentUrl":"https:\/\/inspectornocturno.com.mx\/wp-content\/uploads\/2026\/05\/IMG-20260501-WA00312.jpg","width":720,"height":405},{"@type":"BreadcrumbList","@id":"https:\/\/inspectornocturno.com.mx\/?p=105268#breadcrumb","itemListElement":[{"@type":"ListItem","position":1,"name":"Portada","item":"https:\/\/inspectornocturno.com.mx\/"},{"@type":"ListItem","position":2,"name":"SE INCENDIA CAMI\u00d3N DE SERVICIOS P\u00daBLICOS MUNICIPALES, EN EL ARCO VIAL (video)"}]},{"@type":"WebSite","@id":"https:\/\/inspectornocturno.com.mx\/#website","url":"https:\/\/inspectornocturno.com.mx\/","name":"Inspector Nocturno","description":"Canc\u00fan, noticias al minuto del inspector nocturno","publisher":{"@id":"https:\/\/inspectornocturno.com.mx\/#\/schema\/person\/63eb343fea17271215b1dd2793b27897"},"alternateName":"Noticias de impacto al momento de los hechos","potentialAction":[{"@type":"SearchAction","target":{"@type":"EntryPoint","urlTemplate":"https:\/\/inspectornocturno.com.mx\/?s={search_term_string}"},"query-input":{"@type":"PropertyValueSpecification","valueRequired":true,"valueName":"search_term_string"}}],"inLanguage":"es"},{"@type":["Person","Organization"],"@id":"https:\/\/inspectornocturno.com.mx\/#\/schema\/person\/63eb343fea17271215b1dd2793b27897","name":"Inspector Nocturno","image":{"@type":"ImageObject","inLanguage":"es","@id":"https:\/\/inspectornocturno.com.mx\/wp-content\/uploads\/2021\/10\/logo-transparente.png","url":"https:\/\/inspectornocturno.com.mx\/wp-content\/uploads\/2021\/10\/logo-transparente.png","contentUrl":"https:\/\/inspectornocturno.com.mx\/wp-content\/uploads\/2021\/10\/logo-transparente.png","width":561,"height":668,"caption":"Inspector Nocturno"},"logo":{"@id":"https:\/\/inspectornocturno.com.mx\/wp-content\/uploads\/2021\/10\/logo-transparente.png"},"sameAs":["http:\/\/inspectornocturno.com.mx"]},{"@type":"Person","@id":"https:\/\/inspectornocturno.com.mx\/#\/schema\/person\/2f4c4173b1712fd9cf4f4b9365ce65db","name":"Inspector Nocturno","sameAs":["http:\/\/inspectornocturno.com.mx"]}]}},"views":10,"_links":{"self":[{"href":"https:\/\/inspectornocturno.com.mx\/index.php?rest_route=\/wp\/v2\/posts\/105268","targetHints":{"allow":["GET"]}}],"collection":[{"href":"https:\/\/inspectornocturno.com.mx\/index.php?rest_route=\/wp\/v2\/posts"}],"about":[{"href":"https:\/\/inspectornocturno.com.mx\/index.php?rest_route=\/wp\/v2\/types\/post"}],"author":[{"embeddable":true,"href":"https:\/\/inspectornocturno.com.mx\/index.php?rest_route=\/wp\/v2\/users\/3"}],"replies":[{"embeddable":true,"href":"https:\/\/inspectornocturno.com.mx\/index.php?rest_route=%2Fwp%2Fv2%2Fcomments&post=105268"}],"version-history":[{"count":1,"href":"https:\/\/inspectornocturno.com.mx\/index.php?rest_route=\/wp\/v2\/posts\/105268\/revisions"}],"predecessor-version":[{"id":105271,"href":"https:\/\/inspectornocturno.com.mx\/index.php?rest_route=\/wp\/v2\/posts\/105268\/revisions\/105271"}],"wp:featuredmedia":[{"embeddable":true,"href":"https:\/\/inspectornocturno.com.mx\/index.php?rest_route=\/wp\/v2\/media\/105269"}],"wp:attachment":[{"href":"https:\/\/inspectornocturno.com.mx\/index.php?rest_route=%2Fwp%2Fv2%2Fmedia&parent=105268"}],"wp:term":[{"taxonomy":"category","embeddable":true,"href":"https:\/\/inspectornocturno.com.mx\/index.php?rest_route=%2Fwp%2Fv2%2Fcategories&post=105268"},{"taxonomy":"post_tag","embeddable":true,"href":"https:\/\/inspectornocturno.com.mx\/index.php?rest_route=%2Fwp%2Fv2%2Ftags&post=105268"}],"curies":[{"name":"wp","href":"https:\/\/api.w.org\/{rel}","templated":true}]}}