{"id":105258,"date":"2026-05-01T12:00:00","date_gmt":"2026-05-01T17:00:00","guid":{"rendered":"https:\/\/inspectornocturno.com.mx\/?p=105258"},"modified":"2026-05-01T10:21:31","modified_gmt":"2026-05-01T15:21:31","slug":"futbolista-mexicano-esta-en-el-radar-del-real-madrid","status":"publish","type":"post","link":"https:\/\/inspectornocturno.com.mx\/?p=105258","title":{"rendered":"FUTBOLISTA MEXICANO EST\u00c1 EN EL RADAR DEL REAL MADRID"},"content":{"rendered":"\n<h2 class=\"wp-block-heading\"><\/h2>\n\n\n\n<p>\ud83d\udd3a\ufe0fEl\u00edas Montiel revela promesa de Florentino P\u00e9rez tras su actuaci\u00f3n ante el club merengue<\/p>\n\n\n\n<h1 class=\"wp-block-heading\">InspectorNocturno \ud83d\udd75\u200d\u2642\ufe0f\ud83d\udd0e #Noticias \ud83d\udea8\ud83d\ude91\ud83d\udc6e\u200d\u2642\ufe0f #ArenaDeportiva<\/h1>\n\n\n\n<p>El joven mexicano El\u00edas Montiel encendi\u00f3 las ilusiones rumbo a Europa al revelar que Florentino P\u00e9rez le asegur\u00f3 que lo mantendr\u00eda \u201cvisto\u201d tras su destacado desempe\u00f1o frente al<br>Real Madrid.<\/p>\n\n\n\n<p>El mediocampista de Pachuca record\u00f3 que el acercamiento se dio luego de la final de la Copa Intercontinental, donde incluso recibi\u00f3 elogios del dirigente, situaci\u00f3n que hoy alimenta las versiones sobre un posible seguimiento del conjunto merengue hacia la joven promesa mexicana.<\/p>\n\n\n\n<p><\/p>\n\n\n\n<p><\/p>\n","protected":false},"excerpt":{"rendered":"<p>\ud83d\udd3a\ufe0fEl\u00edas Montiel revela promesa de Florentino P\u00e9rez tras su actuaci\u00f3n ante el club merengue InspectorNocturno \ud83d\udd75\u200d\u2642\ufe0f\ud83d\udd0e #Noticias \ud83d\udea8\ud83d\ude91\ud83d\udc6e\u200d\u2642\ufe0f #ArenaDeportiva El joven mexicano El\u00edas Montiel encendi\u00f3 las ilusiones rumbo a Europa al revelar que Florentino P\u00e9rez le asegur\u00f3 que lo mantendr\u00eda \u201cvisto\u201d tras su destacado desempe\u00f1o frente alReal Madrid. El mediocampista de Pachuca record\u00f3 que el [&hellip;]<\/p>\n","protected":false},"author":9,"featured_media":105259,"comment_status":"closed","ping_status":"closed","sticky":false,"template":"","format":"standard","meta":{"footnotes":"","_wpscppro_dont_share_socialmedia":false,"_wpscppro_custom_social_share_image":0,"_facebook_share_type":"default","_twitter_share_type":"default","_linkedin_share_type":"default","_pinterest_share_type":"default","_linkedin_share_type_page":"default","_instagram_share_type":"default","_medium_share_type":"default","_threads_share_type":"default","_google_business_share_type":"default","_selected_social_profile":[{"id":753595702106742800,"platform":"twitter","platformKey":0,"name":"InspectorNocturnoOficial","thumbnail_url":"http:\/\/pbs.twimg.com\/profile_images\/869067525337862144\/lyGXp0kf_normal.jpg","share_type":"default"}],"_wpsp_enable_custom_social_template":false,"_wpsp_social_scheduling":{"enabled":false,"datetime":null,"platforms":[],"status":"template_only","dateOption":"today","timeOption":"now","customDays":"","customHours":"","customDate":"","customTime":"","schedulingType":"absolute"},"_wpsp_active_default_template":true},"categories":[7],"tags":[],"class_list":["post-105258","post","type-post","status-publish","format-standard","has-post-thumbnail","hentry","category-arena-deportiva"],"yoast_head":"<!-- This site is optimized with the Yoast SEO plugin v27.4 - https:\/\/yoast.com\/product\/yoast-seo-wordpress\/ -->\n<title>FUTBOLISTA MEXICANO EST\u00c1 EN EL RADAR DEL REAL MADRID - Inspector Nocturno<\/title>\n<meta name=\"robots\" content=\"index, follow, max-snippet:-1, max-image-preview:large, max-video-preview:-1\" \/>\n<link rel=\"canonical\" href=\"https:\/\/inspectornocturno.com.mx\/?p=105258\" \/>\n<meta property=\"og:locale\" content=\"es_ES\" \/>\n<meta property=\"og:type\" content=\"article\" \/>\n<meta property=\"og:title\" content=\"FUTBOLISTA MEXICANO EST\u00c1 EN EL RADAR DEL REAL MADRID - Inspector Nocturno\" \/>\n<meta property=\"og:description\" content=\"\ud83d\udd3a\ufe0fEl\u00edas Montiel revela promesa de Florentino P\u00e9rez tras su actuaci\u00f3n ante el club merengue InspectorNocturno \ud83d\udd75\u200d\u2642\ufe0f\ud83d\udd0e #Noticias \ud83d\udea8\ud83d\ude91\ud83d\udc6e\u200d\u2642\ufe0f #ArenaDeportiva El joven mexicano El\u00edas Montiel encendi\u00f3 las ilusiones rumbo a Europa al revelar que Florentino P\u00e9rez le asegur\u00f3 que lo mantendr\u00eda \u201cvisto\u201d tras su destacado desempe\u00f1o frente alReal Madrid. El mediocampista de Pachuca record\u00f3 que el [&hellip;]\" \/>\n<meta property=\"og:url\" content=\"https:\/\/inspectornocturno.com.mx\/?p=105258\" \/>\n<meta property=\"og:site_name\" content=\"Inspector Nocturno\" \/>\n<meta property=\"article:published_time\" content=\"2026-05-01T17:00:00+00:00\" \/>\n<meta property=\"og:image\" content=\"https:\/\/inspectornocturno.com.mx\/wp-content\/uploads\/2026\/05\/IMG-20260501-WA0011.jpg\" \/>\n\t<meta property=\"og:image:width\" content=\"700\" \/>\n\t<meta property=\"og:image:height\" content=\"395\" \/>\n\t<meta property=\"og:image:type\" content=\"image\/jpeg\" \/>\n<meta name=\"author\" content=\"Inspector Nocturno\" \/>\n<meta name=\"twitter:card\" content=\"summary_large_image\" \/>\n<script type=\"application\/ld+json\" class=\"yoast-schema-graph\">{\"@context\":\"https:\\\/\\\/schema.org\",\"@graph\":[{\"@type\":\"Article\",\"@id\":\"https:\\\/\\\/inspectornocturno.com.mx\\\/?p=105258#article\",\"isPartOf\":{\"@id\":\"https:\\\/\\\/inspectornocturno.com.mx\\\/?p=105258\"},\"author\":{\"name\":\"Inspector Nocturno\",\"@id\":\"https:\\\/\\\/inspectornocturno.com.mx\\\/#\\\/schema\\\/person\\\/e9418c22a987eae8f9a24e3f6f11b64a\"},\"headline\":\"FUTBOLISTA MEXICANO EST\u00c1 EN EL RADAR DEL REAL MADRID\",\"datePublished\":\"2026-05-01T17:00:00+00:00\",\"mainEntityOfPage\":{\"@id\":\"https:\\\/\\\/inspectornocturno.com.mx\\\/?p=105258\"},\"wordCount\":105,\"publisher\":{\"@id\":\"https:\\\/\\\/inspectornocturno.com.mx\\\/#\\\/schema\\\/person\\\/63eb343fea17271215b1dd2793b27897\"},\"image\":{\"@id\":\"https:\\\/\\\/inspectornocturno.com.mx\\\/?p=105258#primaryimage\"},\"thumbnailUrl\":\"https:\\\/\\\/inspectornocturno.com.mx\\\/wp-content\\\/uploads\\\/2026\\\/05\\\/IMG-20260501-WA0011.jpg\",\"articleSection\":[\"Arena Deportiva\"],\"inLanguage\":\"es\"},{\"@type\":\"WebPage\",\"@id\":\"https:\\\/\\\/inspectornocturno.com.mx\\\/?p=105258\",\"url\":\"https:\\\/\\\/inspectornocturno.com.mx\\\/?p=105258\",\"name\":\"FUTBOLISTA MEXICANO EST\u00c1 EN EL RADAR DEL REAL MADRID - Inspector Nocturno\",\"isPartOf\":{\"@id\":\"https:\\\/\\\/inspectornocturno.com.mx\\\/#website\"},\"primaryImageOfPage\":{\"@id\":\"https:\\\/\\\/inspectornocturno.com.mx\\\/?p=105258#primaryimage\"},\"image\":{\"@id\":\"https:\\\/\\\/inspectornocturno.com.mx\\\/?p=105258#primaryimage\"},\"thumbnailUrl\":\"https:\\\/\\\/inspectornocturno.com.mx\\\/wp-content\\\/uploads\\\/2026\\\/05\\\/IMG-20260501-WA0011.jpg\",\"datePublished\":\"2026-05-01T17:00:00+00:00\",\"breadcrumb\":{\"@id\":\"https:\\\/\\\/inspectornocturno.com.mx\\\/?p=105258#breadcrumb\"},\"inLanguage\":\"es\",\"potentialAction\":[{\"@type\":\"ReadAction\",\"target\":[\"https:\\\/\\\/inspectornocturno.com.mx\\\/?p=105258\"]}]},{\"@type\":\"ImageObject\",\"inLanguage\":\"es\",\"@id\":\"https:\\\/\\\/inspectornocturno.com.mx\\\/?p=105258#primaryimage\",\"url\":\"https:\\\/\\\/inspectornocturno.com.mx\\\/wp-content\\\/uploads\\\/2026\\\/05\\\/IMG-20260501-WA0011.jpg\",\"contentUrl\":\"https:\\\/\\\/inspectornocturno.com.mx\\\/wp-content\\\/uploads\\\/2026\\\/05\\\/IMG-20260501-WA0011.jpg\",\"width\":700,\"height\":395},{\"@type\":\"BreadcrumbList\",\"@id\":\"https:\\\/\\\/inspectornocturno.com.mx\\\/?p=105258#breadcrumb\",\"itemListElement\":[{\"@type\":\"ListItem\",\"position\":1,\"name\":\"Portada\",\"item\":\"https:\\\/\\\/inspectornocturno.com.mx\\\/\"},{\"@type\":\"ListItem\",\"position\":2,\"name\":\"FUTBOLISTA MEXICANO EST\u00c1 EN EL RADAR DEL REAL MADRID\"}]},{\"@type\":\"WebSite\",\"@id\":\"https:\\\/\\\/inspectornocturno.com.mx\\\/#website\",\"url\":\"https:\\\/\\\/inspectornocturno.com.mx\\\/\",\"name\":\"Inspector Nocturno\",\"description\":\"Canc\u00fan, noticias al minuto del inspector nocturno\",\"publisher\":{\"@id\":\"https:\\\/\\\/inspectornocturno.com.mx\\\/#\\\/schema\\\/person\\\/63eb343fea17271215b1dd2793b27897\"},\"alternateName\":\"Noticias de impacto al momento de los hechos\",\"potentialAction\":[{\"@type\":\"SearchAction\",\"target\":{\"@type\":\"EntryPoint\",\"urlTemplate\":\"https:\\\/\\\/inspectornocturno.com.mx\\\/?s={search_term_string}\"},\"query-input\":{\"@type\":\"PropertyValueSpecification\",\"valueRequired\":true,\"valueName\":\"search_term_string\"}}],\"inLanguage\":\"es\"},{\"@type\":[\"Person\",\"Organization\"],\"@id\":\"https:\\\/\\\/inspectornocturno.com.mx\\\/#\\\/schema\\\/person\\\/63eb343fea17271215b1dd2793b27897\",\"name\":\"Inspector Nocturno\",\"image\":{\"@type\":\"ImageObject\",\"inLanguage\":\"es\",\"@id\":\"https:\\\/\\\/inspectornocturno.com.mx\\\/wp-content\\\/uploads\\\/2021\\\/10\\\/logo-transparente.png\",\"url\":\"https:\\\/\\\/inspectornocturno.com.mx\\\/wp-content\\\/uploads\\\/2021\\\/10\\\/logo-transparente.png\",\"contentUrl\":\"https:\\\/\\\/inspectornocturno.com.mx\\\/wp-content\\\/uploads\\\/2021\\\/10\\\/logo-transparente.png\",\"width\":561,\"height\":668,\"caption\":\"Inspector Nocturno\"},\"logo\":{\"@id\":\"https:\\\/\\\/inspectornocturno.com.mx\\\/wp-content\\\/uploads\\\/2021\\\/10\\\/logo-transparente.png\"},\"sameAs\":[\"http:\\\/\\\/inspectornocturno.com.mx\"]},{\"@type\":\"Person\",\"@id\":\"https:\\\/\\\/inspectornocturno.com.mx\\\/#\\\/schema\\\/person\\\/e9418c22a987eae8f9a24e3f6f11b64a\",\"name\":\"Inspector Nocturno\"}]}<\/script>\n<!-- \/ Yoast SEO plugin. -->","yoast_head_json":{"title":"FUTBOLISTA MEXICANO EST\u00c1 EN EL RADAR DEL REAL MADRID - Inspector Nocturno","robots":{"index":"index","follow":"follow","max-snippet":"max-snippet:-1","max-image-preview":"max-image-preview:large","max-video-preview":"max-video-preview:-1"},"canonical":"https:\/\/inspectornocturno.com.mx\/?p=105258","og_locale":"es_ES","og_type":"article","og_title":"FUTBOLISTA MEXICANO EST\u00c1 EN EL RADAR DEL REAL MADRID - Inspector Nocturno","og_description":"\ud83d\udd3a\ufe0fEl\u00edas Montiel revela promesa de Florentino P\u00e9rez tras su actuaci\u00f3n ante el club merengue InspectorNocturno \ud83d\udd75\u200d\u2642\ufe0f\ud83d\udd0e #Noticias \ud83d\udea8\ud83d\ude91\ud83d\udc6e\u200d\u2642\ufe0f #ArenaDeportiva El joven mexicano El\u00edas Montiel encendi\u00f3 las ilusiones rumbo a Europa al revelar que Florentino P\u00e9rez le asegur\u00f3 que lo mantendr\u00eda \u201cvisto\u201d tras su destacado desempe\u00f1o frente alReal Madrid. El mediocampista de Pachuca record\u00f3 que el [&hellip;]","og_url":"https:\/\/inspectornocturno.com.mx\/?p=105258","og_site_name":"Inspector Nocturno","article_published_time":"2026-05-01T17:00:00+00:00","og_image":[{"width":700,"height":395,"url":"https:\/\/inspectornocturno.com.mx\/wp-content\/uploads\/2026\/05\/IMG-20260501-WA0011.jpg","type":"image\/jpeg"}],"author":"Inspector Nocturno","twitter_card":"summary_large_image","schema":{"@context":"https:\/\/schema.org","@graph":[{"@type":"Article","@id":"https:\/\/inspectornocturno.com.mx\/?p=105258#article","isPartOf":{"@id":"https:\/\/inspectornocturno.com.mx\/?p=105258"},"author":{"name":"Inspector Nocturno","@id":"https:\/\/inspectornocturno.com.mx\/#\/schema\/person\/e9418c22a987eae8f9a24e3f6f11b64a"},"headline":"FUTBOLISTA MEXICANO EST\u00c1 EN EL RADAR DEL REAL MADRID","datePublished":"2026-05-01T17:00:00+00:00","mainEntityOfPage":{"@id":"https:\/\/inspectornocturno.com.mx\/?p=105258"},"wordCount":105,"publisher":{"@id":"https:\/\/inspectornocturno.com.mx\/#\/schema\/person\/63eb343fea17271215b1dd2793b27897"},"image":{"@id":"https:\/\/inspectornocturno.com.mx\/?p=105258#primaryimage"},"thumbnailUrl":"https:\/\/inspectornocturno.com.mx\/wp-content\/uploads\/2026\/05\/IMG-20260501-WA0011.jpg","articleSection":["Arena Deportiva"],"inLanguage":"es"},{"@type":"WebPage","@id":"https:\/\/inspectornocturno.com.mx\/?p=105258","url":"https:\/\/inspectornocturno.com.mx\/?p=105258","name":"FUTBOLISTA MEXICANO EST\u00c1 EN EL RADAR DEL REAL MADRID - Inspector Nocturno","isPartOf":{"@id":"https:\/\/inspectornocturno.com.mx\/#website"},"primaryImageOfPage":{"@id":"https:\/\/inspectornocturno.com.mx\/?p=105258#primaryimage"},"image":{"@id":"https:\/\/inspectornocturno.com.mx\/?p=105258#primaryimage"},"thumbnailUrl":"https:\/\/inspectornocturno.com.mx\/wp-content\/uploads\/2026\/05\/IMG-20260501-WA0011.jpg","datePublished":"2026-05-01T17:00:00+00:00","breadcrumb":{"@id":"https:\/\/inspectornocturno.com.mx\/?p=105258#breadcrumb"},"inLanguage":"es","potentialAction":[{"@type":"ReadAction","target":["https:\/\/inspectornocturno.com.mx\/?p=105258"]}]},{"@type":"ImageObject","inLanguage":"es","@id":"https:\/\/inspectornocturno.com.mx\/?p=105258#primaryimage","url":"https:\/\/inspectornocturno.com.mx\/wp-content\/uploads\/2026\/05\/IMG-20260501-WA0011.jpg","contentUrl":"https:\/\/inspectornocturno.com.mx\/wp-content\/uploads\/2026\/05\/IMG-20260501-WA0011.jpg","width":700,"height":395},{"@type":"BreadcrumbList","@id":"https:\/\/inspectornocturno.com.mx\/?p=105258#breadcrumb","itemListElement":[{"@type":"ListItem","position":1,"name":"Portada","item":"https:\/\/inspectornocturno.com.mx\/"},{"@type":"ListItem","position":2,"name":"FUTBOLISTA MEXICANO EST\u00c1 EN EL RADAR DEL REAL MADRID"}]},{"@type":"WebSite","@id":"https:\/\/inspectornocturno.com.mx\/#website","url":"https:\/\/inspectornocturno.com.mx\/","name":"Inspector Nocturno","description":"Canc\u00fan, noticias al minuto del inspector nocturno","publisher":{"@id":"https:\/\/inspectornocturno.com.mx\/#\/schema\/person\/63eb343fea17271215b1dd2793b27897"},"alternateName":"Noticias de impacto al momento de los hechos","potentialAction":[{"@type":"SearchAction","target":{"@type":"EntryPoint","urlTemplate":"https:\/\/inspectornocturno.com.mx\/?s={search_term_string}"},"query-input":{"@type":"PropertyValueSpecification","valueRequired":true,"valueName":"search_term_string"}}],"inLanguage":"es"},{"@type":["Person","Organization"],"@id":"https:\/\/inspectornocturno.com.mx\/#\/schema\/person\/63eb343fea17271215b1dd2793b27897","name":"Inspector Nocturno","image":{"@type":"ImageObject","inLanguage":"es","@id":"https:\/\/inspectornocturno.com.mx\/wp-content\/uploads\/2021\/10\/logo-transparente.png","url":"https:\/\/inspectornocturno.com.mx\/wp-content\/uploads\/2021\/10\/logo-transparente.png","contentUrl":"https:\/\/inspectornocturno.com.mx\/wp-content\/uploads\/2021\/10\/logo-transparente.png","width":561,"height":668,"caption":"Inspector Nocturno"},"logo":{"@id":"https:\/\/inspectornocturno.com.mx\/wp-content\/uploads\/2021\/10\/logo-transparente.png"},"sameAs":["http:\/\/inspectornocturno.com.mx"]},{"@type":"Person","@id":"https:\/\/inspectornocturno.com.mx\/#\/schema\/person\/e9418c22a987eae8f9a24e3f6f11b64a","name":"Inspector Nocturno"}]}},"views":7,"_links":{"self":[{"href":"https:\/\/inspectornocturno.com.mx\/index.php?rest_route=\/wp\/v2\/posts\/105258","targetHints":{"allow":["GET"]}}],"collection":[{"href":"https:\/\/inspectornocturno.com.mx\/index.php?rest_route=\/wp\/v2\/posts"}],"about":[{"href":"https:\/\/inspectornocturno.com.mx\/index.php?rest_route=\/wp\/v2\/types\/post"}],"author":[{"embeddable":true,"href":"https:\/\/inspectornocturno.com.mx\/index.php?rest_route=\/wp\/v2\/users\/9"}],"replies":[{"embeddable":true,"href":"https:\/\/inspectornocturno.com.mx\/index.php?rest_route=%2Fwp%2Fv2%2Fcomments&post=105258"}],"version-history":[{"count":1,"href":"https:\/\/inspectornocturno.com.mx\/index.php?rest_route=\/wp\/v2\/posts\/105258\/revisions"}],"predecessor-version":[{"id":105260,"href":"https:\/\/inspectornocturno.com.mx\/index.php?rest_route=\/wp\/v2\/posts\/105258\/revisions\/105260"}],"wp:featuredmedia":[{"embeddable":true,"href":"https:\/\/inspectornocturno.com.mx\/index.php?rest_route=\/wp\/v2\/media\/105259"}],"wp:attachment":[{"href":"https:\/\/inspectornocturno.com.mx\/index.php?rest_route=%2Fwp%2Fv2%2Fmedia&parent=105258"}],"wp:term":[{"taxonomy":"category","embeddable":true,"href":"https:\/\/inspectornocturno.com.mx\/index.php?rest_route=%2Fwp%2Fv2%2Fcategories&post=105258"},{"taxonomy":"post_tag","embeddable":true,"href":"https:\/\/inspectornocturno.com.mx\/index.php?rest_route=%2Fwp%2Fv2%2Ftags&post=105258"}],"curies":[{"name":"wp","href":"https:\/\/api.w.org\/{rel}","templated":true}]}}