{"id":105217,"date":"2026-04-30T22:46:32","date_gmt":"2026-05-01T03:46:32","guid":{"rendered":"https:\/\/inspectornocturno.com.mx\/?p=105217"},"modified":"2026-04-30T22:46:34","modified_gmt":"2026-05-01T03:46:34","slug":"fernando-munoz-calero-reconoce-el-trabajo-de-eugenio-segura-desde-el-senado","status":"publish","type":"post","link":"https:\/\/inspectornocturno.com.mx\/?p=105217","title":{"rendered":"FERNANDO MU\u00d1OZ CALERO RECONOCE EL TRABAJO DE EUGENIO SEGURA DESDE EL SENADO"},"content":{"rendered":"\n<p>\ud83d\udd3aEl regidor y coordinador de Verde en Playa del Carmen destac\u00f3 el compromiso del senador por su labor legislativa y territorial en favor del desarrollo tur\u00edstico y social de Quintana Roo.<\/p>\n\n\n\n<p>Playa del Carmen.- El regidor y coordinador del Partido Verde de Playa del Carmen, Fernando Mu\u00f1oz Calero, reconoci\u00f3 el trabajo legislativo y territorial del senador por Quintana Roo, Eugenio Segura V\u00e1zquez, destacando su compromiso con el desarrollo del estado y del sector tur\u00edstico.<\/p>\n\n\n\n<p>Fernando Mu\u00f1oz Calero, quien preside la Comisi\u00f3n Edilicia de Turismo en el Ayuntamiento de Playa del Carmen, destac\u00f3 que es de reconocer el trabajo del legislador, quien ha impulsado una agenda enfocada en fortalecer al Caribe mexicano como uno de los principales motores tur\u00edsticos del pa\u00eds, adem\u00e1s de promover estrategias con enfoque social e incluyente.<\/p>\n\n\n\n<p>El regidor del Verde comparti\u00f3 que Eugenio Segura ha impulsado iniciativas para abrir espacios al turismo comunitario, as\u00ed como para dar visibilidad a productores locales y a la riqueza natural, cultural y gastron\u00f3mica de Quintana Roo.<\/p>\n\n\n\n<p>Asimismo, destac\u00f3 las reuniones sostenidas con representantes del sector hotelero del Caribe mexicano, en las que se han analizado los principales retos de la industria tur\u00edstica con el objetivo de generar acciones que fortalezcan su crecimiento.<\/p>\n\n\n\n<p>Fernando Mu\u00f1oz Calero tambi\u00e9n resalt\u00f3 el trabajo territorial del legislador en los municipios de Quintana Roo, incluido Playa del Carmen, donde dijo ha mantenido un trabajo cercano con la presidenta municipal Estefan\u00eda Mercado, cercano a su gente y dando soluciones.<\/p>\n\n\n\n<p>Finalmente, el regidor del Verde reconoci\u00f3 el compromiso del legislador Gino Segura con el desarrollo del municipio y su respaldo a las acciones que buscan fortalecer a Quintana Roo como destino tur\u00edstico l\u00edder.<\/p>\n","protected":false},"excerpt":{"rendered":"<p>\ud83d\udd3aEl regidor y coordinador de Verde en Playa del Carmen destac\u00f3 el compromiso del senador por su labor legislativa y territorial en favor del desarrollo tur\u00edstico y social de Quintana Roo. Playa del Carmen.- El regidor y coordinador del Partido Verde de Playa del Carmen, Fernando Mu\u00f1oz Calero, reconoci\u00f3 el trabajo legislativo y territorial del [&hellip;]<\/p>\n","protected":false},"author":7,"featured_media":105218,"comment_status":"closed","ping_status":"closed","sticky":false,"template":"","format":"standard","meta":{"footnotes":"","_wpscppro_dont_share_socialmedia":false,"_wpscppro_custom_social_share_image":0,"_facebook_share_type":"default","_twitter_share_type":"default","_linkedin_share_type":"default","_pinterest_share_type":"default","_linkedin_share_type_page":"default","_instagram_share_type":"default","_medium_share_type":"default","_threads_share_type":"default","_google_business_share_type":"default","_selected_social_profile":[{"id":753595702106742800,"platform":"twitter","platformKey":0,"name":"InspectorNocturnoOficial","thumbnail_url":"http:\/\/pbs.twimg.com\/profile_images\/869067525337862144\/lyGXp0kf_normal.jpg","share_type":"default"}],"_wpsp_enable_custom_social_template":false,"_wpsp_social_scheduling":{"enabled":false,"datetime":null,"platforms":[],"status":"template_only","dateOption":"today","timeOption":"now","customDays":"","customHours":"","customDate":"","customTime":"","schedulingType":"absolute"},"_wpsp_active_default_template":true},"categories":[50,69,3],"tags":[],"class_list":["post-105217","post","type-post","status-publish","format-standard","has-post-thumbnail","hentry","category-playa-del-carmen","category-politica","category-quintana-roo"],"yoast_head":"<!-- This site is optimized with the Yoast SEO plugin v27.4 - https:\/\/yoast.com\/product\/yoast-seo-wordpress\/ -->\n<title>FERNANDO MU\u00d1OZ CALERO RECONOCE EL TRABAJO DE EUGENIO SEGURA DESDE EL SENADO - Inspector Nocturno<\/title>\n<meta name=\"robots\" content=\"index, follow, max-snippet:-1, max-image-preview:large, max-video-preview:-1\" \/>\n<link rel=\"canonical\" href=\"https:\/\/inspectornocturno.com.mx\/?p=105217\" \/>\n<meta property=\"og:locale\" content=\"es_ES\" \/>\n<meta property=\"og:type\" content=\"article\" \/>\n<meta property=\"og:title\" content=\"FERNANDO MU\u00d1OZ CALERO RECONOCE EL TRABAJO DE EUGENIO SEGURA DESDE EL SENADO - Inspector Nocturno\" \/>\n<meta property=\"og:description\" content=\"\ud83d\udd3aEl regidor y coordinador de Verde en Playa del Carmen destac\u00f3 el compromiso del senador por su labor legislativa y territorial en favor del desarrollo tur\u00edstico y social de Quintana Roo. Playa del Carmen.- El regidor y coordinador del Partido Verde de Playa del Carmen, Fernando Mu\u00f1oz Calero, reconoci\u00f3 el trabajo legislativo y territorial del [&hellip;]\" \/>\n<meta property=\"og:url\" content=\"https:\/\/inspectornocturno.com.mx\/?p=105217\" \/>\n<meta property=\"og:site_name\" content=\"Inspector Nocturno\" \/>\n<meta property=\"article:published_time\" content=\"2026-05-01T03:46:32+00:00\" \/>\n<meta property=\"article:modified_time\" content=\"2026-05-01T03:46:34+00:00\" \/>\n<meta property=\"og:image\" content=\"https:\/\/inspectornocturno.com.mx\/wp-content\/uploads\/2026\/04\/IMG-20260430-WA0036-scaled.jpg\" \/>\n\t<meta property=\"og:image:width\" content=\"900\" \/>\n\t<meta property=\"og:image:height\" content=\"559\" \/>\n\t<meta property=\"og:image:type\" content=\"image\/jpeg\" \/>\n<meta name=\"author\" content=\"Inspector Nocturno\" \/>\n<meta name=\"twitter:card\" content=\"summary_large_image\" \/>\n<script type=\"application\/ld+json\" class=\"yoast-schema-graph\">{\"@context\":\"https:\\\/\\\/schema.org\",\"@graph\":[{\"@type\":\"Article\",\"@id\":\"https:\\\/\\\/inspectornocturno.com.mx\\\/?p=105217#article\",\"isPartOf\":{\"@id\":\"https:\\\/\\\/inspectornocturno.com.mx\\\/?p=105217\"},\"author\":{\"name\":\"Inspector Nocturno\",\"@id\":\"https:\\\/\\\/inspectornocturno.com.mx\\\/#\\\/schema\\\/person\\\/969c25a2260bdff0de14d7ccb1e77752\"},\"headline\":\"FERNANDO MU\u00d1OZ CALERO RECONOCE EL TRABAJO DE EUGENIO SEGURA DESDE EL SENADO\",\"datePublished\":\"2026-05-01T03:46:32+00:00\",\"dateModified\":\"2026-05-01T03:46:34+00:00\",\"mainEntityOfPage\":{\"@id\":\"https:\\\/\\\/inspectornocturno.com.mx\\\/?p=105217\"},\"wordCount\":304,\"publisher\":{\"@id\":\"https:\\\/\\\/inspectornocturno.com.mx\\\/#\\\/schema\\\/person\\\/63eb343fea17271215b1dd2793b27897\"},\"image\":{\"@id\":\"https:\\\/\\\/inspectornocturno.com.mx\\\/?p=105217#primaryimage\"},\"thumbnailUrl\":\"https:\\\/\\\/inspectornocturno.com.mx\\\/wp-content\\\/uploads\\\/2026\\\/04\\\/IMG-20260430-WA0036-scaled.jpg\",\"articleSection\":[\"Playa del Carmen\",\"Pol\u00edtica\",\"Quintana Roo\"],\"inLanguage\":\"es\"},{\"@type\":\"WebPage\",\"@id\":\"https:\\\/\\\/inspectornocturno.com.mx\\\/?p=105217\",\"url\":\"https:\\\/\\\/inspectornocturno.com.mx\\\/?p=105217\",\"name\":\"FERNANDO MU\u00d1OZ CALERO RECONOCE EL TRABAJO DE EUGENIO SEGURA DESDE EL SENADO - Inspector Nocturno\",\"isPartOf\":{\"@id\":\"https:\\\/\\\/inspectornocturno.com.mx\\\/#website\"},\"primaryImageOfPage\":{\"@id\":\"https:\\\/\\\/inspectornocturno.com.mx\\\/?p=105217#primaryimage\"},\"image\":{\"@id\":\"https:\\\/\\\/inspectornocturno.com.mx\\\/?p=105217#primaryimage\"},\"thumbnailUrl\":\"https:\\\/\\\/inspectornocturno.com.mx\\\/wp-content\\\/uploads\\\/2026\\\/04\\\/IMG-20260430-WA0036-scaled.jpg\",\"datePublished\":\"2026-05-01T03:46:32+00:00\",\"dateModified\":\"2026-05-01T03:46:34+00:00\",\"breadcrumb\":{\"@id\":\"https:\\\/\\\/inspectornocturno.com.mx\\\/?p=105217#breadcrumb\"},\"inLanguage\":\"es\",\"potentialAction\":[{\"@type\":\"ReadAction\",\"target\":[\"https:\\\/\\\/inspectornocturno.com.mx\\\/?p=105217\"]}]},{\"@type\":\"ImageObject\",\"inLanguage\":\"es\",\"@id\":\"https:\\\/\\\/inspectornocturno.com.mx\\\/?p=105217#primaryimage\",\"url\":\"https:\\\/\\\/inspectornocturno.com.mx\\\/wp-content\\\/uploads\\\/2026\\\/04\\\/IMG-20260430-WA0036-scaled.jpg\",\"contentUrl\":\"https:\\\/\\\/inspectornocturno.com.mx\\\/wp-content\\\/uploads\\\/2026\\\/04\\\/IMG-20260430-WA0036-scaled.jpg\",\"width\":900,\"height\":559},{\"@type\":\"BreadcrumbList\",\"@id\":\"https:\\\/\\\/inspectornocturno.com.mx\\\/?p=105217#breadcrumb\",\"itemListElement\":[{\"@type\":\"ListItem\",\"position\":1,\"name\":\"Portada\",\"item\":\"https:\\\/\\\/inspectornocturno.com.mx\\\/\"},{\"@type\":\"ListItem\",\"position\":2,\"name\":\"FERNANDO MU\u00d1OZ CALERO RECONOCE EL TRABAJO DE EUGENIO SEGURA DESDE EL SENADO\"}]},{\"@type\":\"WebSite\",\"@id\":\"https:\\\/\\\/inspectornocturno.com.mx\\\/#website\",\"url\":\"https:\\\/\\\/inspectornocturno.com.mx\\\/\",\"name\":\"Inspector Nocturno\",\"description\":\"Canc\u00fan, noticias al minuto del inspector nocturno\",\"publisher\":{\"@id\":\"https:\\\/\\\/inspectornocturno.com.mx\\\/#\\\/schema\\\/person\\\/63eb343fea17271215b1dd2793b27897\"},\"alternateName\":\"Noticias de impacto al momento de los hechos\",\"potentialAction\":[{\"@type\":\"SearchAction\",\"target\":{\"@type\":\"EntryPoint\",\"urlTemplate\":\"https:\\\/\\\/inspectornocturno.com.mx\\\/?s={search_term_string}\"},\"query-input\":{\"@type\":\"PropertyValueSpecification\",\"valueRequired\":true,\"valueName\":\"search_term_string\"}}],\"inLanguage\":\"es\"},{\"@type\":[\"Person\",\"Organization\"],\"@id\":\"https:\\\/\\\/inspectornocturno.com.mx\\\/#\\\/schema\\\/person\\\/63eb343fea17271215b1dd2793b27897\",\"name\":\"Inspector Nocturno\",\"image\":{\"@type\":\"ImageObject\",\"inLanguage\":\"es\",\"@id\":\"https:\\\/\\\/inspectornocturno.com.mx\\\/wp-content\\\/uploads\\\/2021\\\/10\\\/logo-transparente.png\",\"url\":\"https:\\\/\\\/inspectornocturno.com.mx\\\/wp-content\\\/uploads\\\/2021\\\/10\\\/logo-transparente.png\",\"contentUrl\":\"https:\\\/\\\/inspectornocturno.com.mx\\\/wp-content\\\/uploads\\\/2021\\\/10\\\/logo-transparente.png\",\"width\":561,\"height\":668,\"caption\":\"Inspector Nocturno\"},\"logo\":{\"@id\":\"https:\\\/\\\/inspectornocturno.com.mx\\\/wp-content\\\/uploads\\\/2021\\\/10\\\/logo-transparente.png\"},\"sameAs\":[\"http:\\\/\\\/inspectornocturno.com.mx\"]},{\"@type\":\"Person\",\"@id\":\"https:\\\/\\\/inspectornocturno.com.mx\\\/#\\\/schema\\\/person\\\/969c25a2260bdff0de14d7ccb1e77752\",\"name\":\"Inspector Nocturno\"}]}<\/script>\n<!-- \/ Yoast SEO plugin. -->","yoast_head_json":{"title":"FERNANDO MU\u00d1OZ CALERO RECONOCE EL TRABAJO DE EUGENIO SEGURA DESDE EL SENADO - Inspector Nocturno","robots":{"index":"index","follow":"follow","max-snippet":"max-snippet:-1","max-image-preview":"max-image-preview:large","max-video-preview":"max-video-preview:-1"},"canonical":"https:\/\/inspectornocturno.com.mx\/?p=105217","og_locale":"es_ES","og_type":"article","og_title":"FERNANDO MU\u00d1OZ CALERO RECONOCE EL TRABAJO DE EUGENIO SEGURA DESDE EL SENADO - Inspector Nocturno","og_description":"\ud83d\udd3aEl regidor y coordinador de Verde en Playa del Carmen destac\u00f3 el compromiso del senador por su labor legislativa y territorial en favor del desarrollo tur\u00edstico y social de Quintana Roo. Playa del Carmen.- El regidor y coordinador del Partido Verde de Playa del Carmen, Fernando Mu\u00f1oz Calero, reconoci\u00f3 el trabajo legislativo y territorial del [&hellip;]","og_url":"https:\/\/inspectornocturno.com.mx\/?p=105217","og_site_name":"Inspector Nocturno","article_published_time":"2026-05-01T03:46:32+00:00","article_modified_time":"2026-05-01T03:46:34+00:00","og_image":[{"width":900,"height":559,"url":"https:\/\/inspectornocturno.com.mx\/wp-content\/uploads\/2026\/04\/IMG-20260430-WA0036-scaled.jpg","type":"image\/jpeg"}],"author":"Inspector Nocturno","twitter_card":"summary_large_image","schema":{"@context":"https:\/\/schema.org","@graph":[{"@type":"Article","@id":"https:\/\/inspectornocturno.com.mx\/?p=105217#article","isPartOf":{"@id":"https:\/\/inspectornocturno.com.mx\/?p=105217"},"author":{"name":"Inspector Nocturno","@id":"https:\/\/inspectornocturno.com.mx\/#\/schema\/person\/969c25a2260bdff0de14d7ccb1e77752"},"headline":"FERNANDO MU\u00d1OZ CALERO RECONOCE EL TRABAJO DE EUGENIO SEGURA DESDE EL SENADO","datePublished":"2026-05-01T03:46:32+00:00","dateModified":"2026-05-01T03:46:34+00:00","mainEntityOfPage":{"@id":"https:\/\/inspectornocturno.com.mx\/?p=105217"},"wordCount":304,"publisher":{"@id":"https:\/\/inspectornocturno.com.mx\/#\/schema\/person\/63eb343fea17271215b1dd2793b27897"},"image":{"@id":"https:\/\/inspectornocturno.com.mx\/?p=105217#primaryimage"},"thumbnailUrl":"https:\/\/inspectornocturno.com.mx\/wp-content\/uploads\/2026\/04\/IMG-20260430-WA0036-scaled.jpg","articleSection":["Playa del Carmen","Pol\u00edtica","Quintana Roo"],"inLanguage":"es"},{"@type":"WebPage","@id":"https:\/\/inspectornocturno.com.mx\/?p=105217","url":"https:\/\/inspectornocturno.com.mx\/?p=105217","name":"FERNANDO MU\u00d1OZ CALERO RECONOCE EL TRABAJO DE EUGENIO SEGURA DESDE EL SENADO - Inspector Nocturno","isPartOf":{"@id":"https:\/\/inspectornocturno.com.mx\/#website"},"primaryImageOfPage":{"@id":"https:\/\/inspectornocturno.com.mx\/?p=105217#primaryimage"},"image":{"@id":"https:\/\/inspectornocturno.com.mx\/?p=105217#primaryimage"},"thumbnailUrl":"https:\/\/inspectornocturno.com.mx\/wp-content\/uploads\/2026\/04\/IMG-20260430-WA0036-scaled.jpg","datePublished":"2026-05-01T03:46:32+00:00","dateModified":"2026-05-01T03:46:34+00:00","breadcrumb":{"@id":"https:\/\/inspectornocturno.com.mx\/?p=105217#breadcrumb"},"inLanguage":"es","potentialAction":[{"@type":"ReadAction","target":["https:\/\/inspectornocturno.com.mx\/?p=105217"]}]},{"@type":"ImageObject","inLanguage":"es","@id":"https:\/\/inspectornocturno.com.mx\/?p=105217#primaryimage","url":"https:\/\/inspectornocturno.com.mx\/wp-content\/uploads\/2026\/04\/IMG-20260430-WA0036-scaled.jpg","contentUrl":"https:\/\/inspectornocturno.com.mx\/wp-content\/uploads\/2026\/04\/IMG-20260430-WA0036-scaled.jpg","width":900,"height":559},{"@type":"BreadcrumbList","@id":"https:\/\/inspectornocturno.com.mx\/?p=105217#breadcrumb","itemListElement":[{"@type":"ListItem","position":1,"name":"Portada","item":"https:\/\/inspectornocturno.com.mx\/"},{"@type":"ListItem","position":2,"name":"FERNANDO MU\u00d1OZ CALERO RECONOCE EL TRABAJO DE EUGENIO SEGURA DESDE EL SENADO"}]},{"@type":"WebSite","@id":"https:\/\/inspectornocturno.com.mx\/#website","url":"https:\/\/inspectornocturno.com.mx\/","name":"Inspector Nocturno","description":"Canc\u00fan, noticias al minuto del inspector nocturno","publisher":{"@id":"https:\/\/inspectornocturno.com.mx\/#\/schema\/person\/63eb343fea17271215b1dd2793b27897"},"alternateName":"Noticias de impacto al momento de los hechos","potentialAction":[{"@type":"SearchAction","target":{"@type":"EntryPoint","urlTemplate":"https:\/\/inspectornocturno.com.mx\/?s={search_term_string}"},"query-input":{"@type":"PropertyValueSpecification","valueRequired":true,"valueName":"search_term_string"}}],"inLanguage":"es"},{"@type":["Person","Organization"],"@id":"https:\/\/inspectornocturno.com.mx\/#\/schema\/person\/63eb343fea17271215b1dd2793b27897","name":"Inspector Nocturno","image":{"@type":"ImageObject","inLanguage":"es","@id":"https:\/\/inspectornocturno.com.mx\/wp-content\/uploads\/2021\/10\/logo-transparente.png","url":"https:\/\/inspectornocturno.com.mx\/wp-content\/uploads\/2021\/10\/logo-transparente.png","contentUrl":"https:\/\/inspectornocturno.com.mx\/wp-content\/uploads\/2021\/10\/logo-transparente.png","width":561,"height":668,"caption":"Inspector Nocturno"},"logo":{"@id":"https:\/\/inspectornocturno.com.mx\/wp-content\/uploads\/2021\/10\/logo-transparente.png"},"sameAs":["http:\/\/inspectornocturno.com.mx"]},{"@type":"Person","@id":"https:\/\/inspectornocturno.com.mx\/#\/schema\/person\/969c25a2260bdff0de14d7ccb1e77752","name":"Inspector Nocturno"}]}},"views":3,"_links":{"self":[{"href":"https:\/\/inspectornocturno.com.mx\/index.php?rest_route=\/wp\/v2\/posts\/105217","targetHints":{"allow":["GET"]}}],"collection":[{"href":"https:\/\/inspectornocturno.com.mx\/index.php?rest_route=\/wp\/v2\/posts"}],"about":[{"href":"https:\/\/inspectornocturno.com.mx\/index.php?rest_route=\/wp\/v2\/types\/post"}],"author":[{"embeddable":true,"href":"https:\/\/inspectornocturno.com.mx\/index.php?rest_route=\/wp\/v2\/users\/7"}],"replies":[{"embeddable":true,"href":"https:\/\/inspectornocturno.com.mx\/index.php?rest_route=%2Fwp%2Fv2%2Fcomments&post=105217"}],"version-history":[{"count":1,"href":"https:\/\/inspectornocturno.com.mx\/index.php?rest_route=\/wp\/v2\/posts\/105217\/revisions"}],"predecessor-version":[{"id":105219,"href":"https:\/\/inspectornocturno.com.mx\/index.php?rest_route=\/wp\/v2\/posts\/105217\/revisions\/105219"}],"wp:featuredmedia":[{"embeddable":true,"href":"https:\/\/inspectornocturno.com.mx\/index.php?rest_route=\/wp\/v2\/media\/105218"}],"wp:attachment":[{"href":"https:\/\/inspectornocturno.com.mx\/index.php?rest_route=%2Fwp%2Fv2%2Fmedia&parent=105217"}],"wp:term":[{"taxonomy":"category","embeddable":true,"href":"https:\/\/inspectornocturno.com.mx\/index.php?rest_route=%2Fwp%2Fv2%2Fcategories&post=105217"},{"taxonomy":"post_tag","embeddable":true,"href":"https:\/\/inspectornocturno.com.mx\/index.php?rest_route=%2Fwp%2Fv2%2Ftags&post=105217"}],"curies":[{"name":"wp","href":"https:\/\/api.w.org\/{rel}","templated":true}]}}