{"id":105186,"date":"2026-04-29T17:28:36","date_gmt":"2026-04-29T22:28:36","guid":{"rendered":"https:\/\/inspectornocturno.com.mx\/?p=105186"},"modified":"2026-04-29T17:28:38","modified_gmt":"2026-04-29T22:28:38","slug":"fernando-munoz-calero-fortalece-agenda-de-trabajo-en-el-senado-con-karen-castrejon-y-manuel-velasco","status":"publish","type":"post","link":"https:\/\/inspectornocturno.com.mx\/?p=105186","title":{"rendered":"FERNANDO MU\u00d1OZ CALERO FORTALECE AGENDA DE TRABAJO EN EL SENADO CON KAREN CASTREJ\u00d3N Y MANUEL VELASCO"},"content":{"rendered":"\n<p>\ud83d\udd3aEl coordinador del Verde en Playa del Carmen comparti\u00f3 la consolidaci\u00f3n y el crecimiento del partido, reafirmando su compromiso con el bienestar, el desarrollo econ\u00f3mico y la transformaci\u00f3n del municipio.<\/p>\n\n\n\n<p>Ciudad de M\u00e9xico.- El coordinador y regidor del Verde en Playa del Carmen, Fernando Mu\u00f1oz Calero, sostuvo reuniones de trabajo en el Senado de la Rep\u00fablica con la dirigente nacional del partido, Karen Castrej\u00f3n Trujillo, as\u00ed como con el coordinador de la bancada en la C\u00e1mara Alta, Manuel Velasco Coello.<\/p>\n\n\n\n<p>Durante estos encuentros, se destac\u00f3 el s\u00f3lido crecimiento del Partido Verde en Playa del Carmen, donde actualmente cuenta con una base de m\u00e1s de 11 mil afiliados, una cifra hist\u00f3rica que equivale al total de militantes que se ten\u00eda en Quintana Roo al inicio de la campa\u00f1a estatal de afiliaci\u00f3n.<\/p>\n\n\n\n<p>Fernando Mu\u00f1oz Calero se\u00f1al\u00f3 que estos resultados son producto del trabajo cercano a la ciudadan\u00eda, del recorrido permanente en territorio y del compromiso de seguir fortaleciendo a la familia Verde en Playa del Carmen.<\/p>\n\n\n\n<p>&#8220;Seguimos caminando, escuchando y construyendo junto a la gente. Nuestro compromiso es consolidar la transformaci\u00f3n y generar bienestar para todas las familias playenses&#8221;, expres\u00f3.<\/p>\n\n\n\n<p>El regidor del Verde ha mantenido una agenda activa en favor de la comunidad, impulsando acciones concretas como la construcci\u00f3n de pozos de absorci\u00f3n, apoyo con gestiones como sillas de ruedas, andaderas, medicinas, triciclos, entre otras cosas m\u00e1s y todo esto ha sido en diversas colonias del municipio y en favor de las familias.<\/p>\n\n\n\n<p>Asimismo, respald\u00f3 la iniciativa de la presidenta municipal, Estefan\u00eda Mercado, en materia de bienestar animal, destacando los avances en el ordenamiento y protecci\u00f3n de mascotas, adem\u00e1s de sumarse con la donaci\u00f3n de microchips para perros y gatos.<\/p>\n\n\n\n<p>&#8220;Cuando hay coordinaci\u00f3n, cercan\u00eda y compromiso, la transformaci\u00f3n con futuro no se detiene&#8221;, concluy\u00f3.<\/p>\n","protected":false},"excerpt":{"rendered":"<p>\ud83d\udd3aEl coordinador del Verde en Playa del Carmen comparti\u00f3 la consolidaci\u00f3n y el crecimiento del partido, reafirmando su compromiso con el bienestar, el desarrollo econ\u00f3mico y la transformaci\u00f3n del municipio. Ciudad de M\u00e9xico.- El coordinador y regidor del Verde en Playa del Carmen, Fernando Mu\u00f1oz Calero, sostuvo reuniones de trabajo en el Senado de la [&hellip;]<\/p>\n","protected":false},"author":7,"featured_media":105187,"comment_status":"closed","ping_status":"closed","sticky":false,"template":"","format":"standard","meta":{"footnotes":"","_wpscppro_dont_share_socialmedia":false,"_wpscppro_custom_social_share_image":0,"_facebook_share_type":"default","_twitter_share_type":"default","_linkedin_share_type":"default","_pinterest_share_type":"default","_linkedin_share_type_page":"default","_instagram_share_type":"default","_medium_share_type":"default","_threads_share_type":"default","_google_business_share_type":"default","_selected_social_profile":[{"id":753595702106742800,"platform":"twitter","platformKey":0,"name":"InspectorNocturnoOficial","thumbnail_url":"http:\/\/pbs.twimg.com\/profile_images\/869067525337862144\/lyGXp0kf_normal.jpg","share_type":"default"}],"_wpsp_enable_custom_social_template":false,"_wpsp_social_scheduling":{"enabled":false,"datetime":null,"platforms":[],"status":"template_only","dateOption":"today","timeOption":"now","customDays":"","customHours":"","customDate":"","customTime":"","schedulingType":"absolute"},"_wpsp_active_default_template":true},"categories":[115,50,69,3],"tags":[],"class_list":["post-105186","post","type-post","status-publish","format-standard","has-post-thumbnail","hentry","category-cdmx","category-playa-del-carmen","category-politica","category-quintana-roo"],"yoast_head":"<!-- This site is optimized with the Yoast SEO plugin v27.4 - https:\/\/yoast.com\/product\/yoast-seo-wordpress\/ -->\n<title>FERNANDO MU\u00d1OZ CALERO FORTALECE AGENDA DE TRABAJO EN EL SENADO CON KAREN CASTREJ\u00d3N Y MANUEL VELASCO - Inspector Nocturno<\/title>\n<meta name=\"robots\" content=\"index, follow, max-snippet:-1, max-image-preview:large, max-video-preview:-1\" \/>\n<link rel=\"canonical\" href=\"https:\/\/inspectornocturno.com.mx\/?p=105186\" \/>\n<meta property=\"og:locale\" content=\"es_ES\" \/>\n<meta property=\"og:type\" content=\"article\" \/>\n<meta property=\"og:title\" content=\"FERNANDO MU\u00d1OZ CALERO FORTALECE AGENDA DE TRABAJO EN EL SENADO CON KAREN CASTREJ\u00d3N Y MANUEL VELASCO - Inspector Nocturno\" \/>\n<meta property=\"og:description\" content=\"\ud83d\udd3aEl coordinador del Verde en Playa del Carmen comparti\u00f3 la consolidaci\u00f3n y el crecimiento del partido, reafirmando su compromiso con el bienestar, el desarrollo econ\u00f3mico y la transformaci\u00f3n del municipio. Ciudad de M\u00e9xico.- El coordinador y regidor del Verde en Playa del Carmen, Fernando Mu\u00f1oz Calero, sostuvo reuniones de trabajo en el Senado de la [&hellip;]\" \/>\n<meta property=\"og:url\" content=\"https:\/\/inspectornocturno.com.mx\/?p=105186\" \/>\n<meta property=\"og:site_name\" content=\"Inspector Nocturno\" \/>\n<meta property=\"article:published_time\" content=\"2026-04-29T22:28:36+00:00\" \/>\n<meta property=\"article:modified_time\" content=\"2026-04-29T22:28:38+00:00\" \/>\n<meta property=\"og:image\" content=\"https:\/\/inspectornocturno.com.mx\/wp-content\/uploads\/2026\/04\/WhatsApp-Image-2026-04-29-at-11.56.43-AM-scaled.jpeg\" \/>\n\t<meta property=\"og:image:width\" content=\"675\" \/>\n\t<meta property=\"og:image:height\" content=\"900\" \/>\n\t<meta property=\"og:image:type\" content=\"image\/jpeg\" \/>\n<meta name=\"author\" content=\"Inspector Nocturno\" \/>\n<meta name=\"twitter:card\" content=\"summary_large_image\" \/>\n<script type=\"application\/ld+json\" class=\"yoast-schema-graph\">{\"@context\":\"https:\\\/\\\/schema.org\",\"@graph\":[{\"@type\":\"Article\",\"@id\":\"https:\\\/\\\/inspectornocturno.com.mx\\\/?p=105186#article\",\"isPartOf\":{\"@id\":\"https:\\\/\\\/inspectornocturno.com.mx\\\/?p=105186\"},\"author\":{\"name\":\"Inspector Nocturno\",\"@id\":\"https:\\\/\\\/inspectornocturno.com.mx\\\/#\\\/schema\\\/person\\\/969c25a2260bdff0de14d7ccb1e77752\"},\"headline\":\"FERNANDO MU\u00d1OZ CALERO FORTALECE AGENDA DE TRABAJO EN EL SENADO CON KAREN CASTREJ\u00d3N Y MANUEL VELASCO\",\"datePublished\":\"2026-04-29T22:28:36+00:00\",\"dateModified\":\"2026-04-29T22:28:38+00:00\",\"mainEntityOfPage\":{\"@id\":\"https:\\\/\\\/inspectornocturno.com.mx\\\/?p=105186\"},\"wordCount\":339,\"publisher\":{\"@id\":\"https:\\\/\\\/inspectornocturno.com.mx\\\/#\\\/schema\\\/person\\\/63eb343fea17271215b1dd2793b27897\"},\"image\":{\"@id\":\"https:\\\/\\\/inspectornocturno.com.mx\\\/?p=105186#primaryimage\"},\"thumbnailUrl\":\"https:\\\/\\\/inspectornocturno.com.mx\\\/wp-content\\\/uploads\\\/2026\\\/04\\\/WhatsApp-Image-2026-04-29-at-11.56.43-AM-scaled.jpeg\",\"articleSection\":[\"CDMX\",\"Playa del Carmen\",\"Pol\u00edtica\",\"Quintana Roo\"],\"inLanguage\":\"es\"},{\"@type\":\"WebPage\",\"@id\":\"https:\\\/\\\/inspectornocturno.com.mx\\\/?p=105186\",\"url\":\"https:\\\/\\\/inspectornocturno.com.mx\\\/?p=105186\",\"name\":\"FERNANDO MU\u00d1OZ CALERO FORTALECE AGENDA DE TRABAJO EN EL SENADO CON KAREN CASTREJ\u00d3N Y MANUEL VELASCO - Inspector Nocturno\",\"isPartOf\":{\"@id\":\"https:\\\/\\\/inspectornocturno.com.mx\\\/#website\"},\"primaryImageOfPage\":{\"@id\":\"https:\\\/\\\/inspectornocturno.com.mx\\\/?p=105186#primaryimage\"},\"image\":{\"@id\":\"https:\\\/\\\/inspectornocturno.com.mx\\\/?p=105186#primaryimage\"},\"thumbnailUrl\":\"https:\\\/\\\/inspectornocturno.com.mx\\\/wp-content\\\/uploads\\\/2026\\\/04\\\/WhatsApp-Image-2026-04-29-at-11.56.43-AM-scaled.jpeg\",\"datePublished\":\"2026-04-29T22:28:36+00:00\",\"dateModified\":\"2026-04-29T22:28:38+00:00\",\"breadcrumb\":{\"@id\":\"https:\\\/\\\/inspectornocturno.com.mx\\\/?p=105186#breadcrumb\"},\"inLanguage\":\"es\",\"potentialAction\":[{\"@type\":\"ReadAction\",\"target\":[\"https:\\\/\\\/inspectornocturno.com.mx\\\/?p=105186\"]}]},{\"@type\":\"ImageObject\",\"inLanguage\":\"es\",\"@id\":\"https:\\\/\\\/inspectornocturno.com.mx\\\/?p=105186#primaryimage\",\"url\":\"https:\\\/\\\/inspectornocturno.com.mx\\\/wp-content\\\/uploads\\\/2026\\\/04\\\/WhatsApp-Image-2026-04-29-at-11.56.43-AM-scaled.jpeg\",\"contentUrl\":\"https:\\\/\\\/inspectornocturno.com.mx\\\/wp-content\\\/uploads\\\/2026\\\/04\\\/WhatsApp-Image-2026-04-29-at-11.56.43-AM-scaled.jpeg\",\"width\":675,\"height\":900},{\"@type\":\"BreadcrumbList\",\"@id\":\"https:\\\/\\\/inspectornocturno.com.mx\\\/?p=105186#breadcrumb\",\"itemListElement\":[{\"@type\":\"ListItem\",\"position\":1,\"name\":\"Portada\",\"item\":\"https:\\\/\\\/inspectornocturno.com.mx\\\/\"},{\"@type\":\"ListItem\",\"position\":2,\"name\":\"FERNANDO MU\u00d1OZ CALERO FORTALECE AGENDA DE TRABAJO EN EL SENADO CON KAREN CASTREJ\u00d3N Y MANUEL VELASCO\"}]},{\"@type\":\"WebSite\",\"@id\":\"https:\\\/\\\/inspectornocturno.com.mx\\\/#website\",\"url\":\"https:\\\/\\\/inspectornocturno.com.mx\\\/\",\"name\":\"Inspector Nocturno\",\"description\":\"Canc\u00fan, noticias al minuto del inspector nocturno\",\"publisher\":{\"@id\":\"https:\\\/\\\/inspectornocturno.com.mx\\\/#\\\/schema\\\/person\\\/63eb343fea17271215b1dd2793b27897\"},\"alternateName\":\"Noticias de impacto al momento de los hechos\",\"potentialAction\":[{\"@type\":\"SearchAction\",\"target\":{\"@type\":\"EntryPoint\",\"urlTemplate\":\"https:\\\/\\\/inspectornocturno.com.mx\\\/?s={search_term_string}\"},\"query-input\":{\"@type\":\"PropertyValueSpecification\",\"valueRequired\":true,\"valueName\":\"search_term_string\"}}],\"inLanguage\":\"es\"},{\"@type\":[\"Person\",\"Organization\"],\"@id\":\"https:\\\/\\\/inspectornocturno.com.mx\\\/#\\\/schema\\\/person\\\/63eb343fea17271215b1dd2793b27897\",\"name\":\"Inspector Nocturno\",\"image\":{\"@type\":\"ImageObject\",\"inLanguage\":\"es\",\"@id\":\"https:\\\/\\\/inspectornocturno.com.mx\\\/wp-content\\\/uploads\\\/2021\\\/10\\\/logo-transparente.png\",\"url\":\"https:\\\/\\\/inspectornocturno.com.mx\\\/wp-content\\\/uploads\\\/2021\\\/10\\\/logo-transparente.png\",\"contentUrl\":\"https:\\\/\\\/inspectornocturno.com.mx\\\/wp-content\\\/uploads\\\/2021\\\/10\\\/logo-transparente.png\",\"width\":561,\"height\":668,\"caption\":\"Inspector Nocturno\"},\"logo\":{\"@id\":\"https:\\\/\\\/inspectornocturno.com.mx\\\/wp-content\\\/uploads\\\/2021\\\/10\\\/logo-transparente.png\"},\"sameAs\":[\"http:\\\/\\\/inspectornocturno.com.mx\"]},{\"@type\":\"Person\",\"@id\":\"https:\\\/\\\/inspectornocturno.com.mx\\\/#\\\/schema\\\/person\\\/969c25a2260bdff0de14d7ccb1e77752\",\"name\":\"Inspector Nocturno\"}]}<\/script>\n<!-- \/ Yoast SEO plugin. -->","yoast_head_json":{"title":"FERNANDO MU\u00d1OZ CALERO FORTALECE AGENDA DE TRABAJO EN EL SENADO CON KAREN CASTREJ\u00d3N Y MANUEL VELASCO - Inspector Nocturno","robots":{"index":"index","follow":"follow","max-snippet":"max-snippet:-1","max-image-preview":"max-image-preview:large","max-video-preview":"max-video-preview:-1"},"canonical":"https:\/\/inspectornocturno.com.mx\/?p=105186","og_locale":"es_ES","og_type":"article","og_title":"FERNANDO MU\u00d1OZ CALERO FORTALECE AGENDA DE TRABAJO EN EL SENADO CON KAREN CASTREJ\u00d3N Y MANUEL VELASCO - Inspector Nocturno","og_description":"\ud83d\udd3aEl coordinador del Verde en Playa del Carmen comparti\u00f3 la consolidaci\u00f3n y el crecimiento del partido, reafirmando su compromiso con el bienestar, el desarrollo econ\u00f3mico y la transformaci\u00f3n del municipio. Ciudad de M\u00e9xico.- El coordinador y regidor del Verde en Playa del Carmen, Fernando Mu\u00f1oz Calero, sostuvo reuniones de trabajo en el Senado de la [&hellip;]","og_url":"https:\/\/inspectornocturno.com.mx\/?p=105186","og_site_name":"Inspector Nocturno","article_published_time":"2026-04-29T22:28:36+00:00","article_modified_time":"2026-04-29T22:28:38+00:00","og_image":[{"width":675,"height":900,"url":"https:\/\/inspectornocturno.com.mx\/wp-content\/uploads\/2026\/04\/WhatsApp-Image-2026-04-29-at-11.56.43-AM-scaled.jpeg","type":"image\/jpeg"}],"author":"Inspector Nocturno","twitter_card":"summary_large_image","schema":{"@context":"https:\/\/schema.org","@graph":[{"@type":"Article","@id":"https:\/\/inspectornocturno.com.mx\/?p=105186#article","isPartOf":{"@id":"https:\/\/inspectornocturno.com.mx\/?p=105186"},"author":{"name":"Inspector Nocturno","@id":"https:\/\/inspectornocturno.com.mx\/#\/schema\/person\/969c25a2260bdff0de14d7ccb1e77752"},"headline":"FERNANDO MU\u00d1OZ CALERO FORTALECE AGENDA DE TRABAJO EN EL SENADO CON KAREN CASTREJ\u00d3N Y MANUEL VELASCO","datePublished":"2026-04-29T22:28:36+00:00","dateModified":"2026-04-29T22:28:38+00:00","mainEntityOfPage":{"@id":"https:\/\/inspectornocturno.com.mx\/?p=105186"},"wordCount":339,"publisher":{"@id":"https:\/\/inspectornocturno.com.mx\/#\/schema\/person\/63eb343fea17271215b1dd2793b27897"},"image":{"@id":"https:\/\/inspectornocturno.com.mx\/?p=105186#primaryimage"},"thumbnailUrl":"https:\/\/inspectornocturno.com.mx\/wp-content\/uploads\/2026\/04\/WhatsApp-Image-2026-04-29-at-11.56.43-AM-scaled.jpeg","articleSection":["CDMX","Playa del Carmen","Pol\u00edtica","Quintana Roo"],"inLanguage":"es"},{"@type":"WebPage","@id":"https:\/\/inspectornocturno.com.mx\/?p=105186","url":"https:\/\/inspectornocturno.com.mx\/?p=105186","name":"FERNANDO MU\u00d1OZ CALERO FORTALECE AGENDA DE TRABAJO EN EL SENADO CON KAREN CASTREJ\u00d3N Y MANUEL VELASCO - Inspector Nocturno","isPartOf":{"@id":"https:\/\/inspectornocturno.com.mx\/#website"},"primaryImageOfPage":{"@id":"https:\/\/inspectornocturno.com.mx\/?p=105186#primaryimage"},"image":{"@id":"https:\/\/inspectornocturno.com.mx\/?p=105186#primaryimage"},"thumbnailUrl":"https:\/\/inspectornocturno.com.mx\/wp-content\/uploads\/2026\/04\/WhatsApp-Image-2026-04-29-at-11.56.43-AM-scaled.jpeg","datePublished":"2026-04-29T22:28:36+00:00","dateModified":"2026-04-29T22:28:38+00:00","breadcrumb":{"@id":"https:\/\/inspectornocturno.com.mx\/?p=105186#breadcrumb"},"inLanguage":"es","potentialAction":[{"@type":"ReadAction","target":["https:\/\/inspectornocturno.com.mx\/?p=105186"]}]},{"@type":"ImageObject","inLanguage":"es","@id":"https:\/\/inspectornocturno.com.mx\/?p=105186#primaryimage","url":"https:\/\/inspectornocturno.com.mx\/wp-content\/uploads\/2026\/04\/WhatsApp-Image-2026-04-29-at-11.56.43-AM-scaled.jpeg","contentUrl":"https:\/\/inspectornocturno.com.mx\/wp-content\/uploads\/2026\/04\/WhatsApp-Image-2026-04-29-at-11.56.43-AM-scaled.jpeg","width":675,"height":900},{"@type":"BreadcrumbList","@id":"https:\/\/inspectornocturno.com.mx\/?p=105186#breadcrumb","itemListElement":[{"@type":"ListItem","position":1,"name":"Portada","item":"https:\/\/inspectornocturno.com.mx\/"},{"@type":"ListItem","position":2,"name":"FERNANDO MU\u00d1OZ CALERO FORTALECE AGENDA DE TRABAJO EN EL SENADO CON KAREN CASTREJ\u00d3N Y MANUEL VELASCO"}]},{"@type":"WebSite","@id":"https:\/\/inspectornocturno.com.mx\/#website","url":"https:\/\/inspectornocturno.com.mx\/","name":"Inspector Nocturno","description":"Canc\u00fan, noticias al minuto del inspector nocturno","publisher":{"@id":"https:\/\/inspectornocturno.com.mx\/#\/schema\/person\/63eb343fea17271215b1dd2793b27897"},"alternateName":"Noticias de impacto al momento de los hechos","potentialAction":[{"@type":"SearchAction","target":{"@type":"EntryPoint","urlTemplate":"https:\/\/inspectornocturno.com.mx\/?s={search_term_string}"},"query-input":{"@type":"PropertyValueSpecification","valueRequired":true,"valueName":"search_term_string"}}],"inLanguage":"es"},{"@type":["Person","Organization"],"@id":"https:\/\/inspectornocturno.com.mx\/#\/schema\/person\/63eb343fea17271215b1dd2793b27897","name":"Inspector Nocturno","image":{"@type":"ImageObject","inLanguage":"es","@id":"https:\/\/inspectornocturno.com.mx\/wp-content\/uploads\/2021\/10\/logo-transparente.png","url":"https:\/\/inspectornocturno.com.mx\/wp-content\/uploads\/2021\/10\/logo-transparente.png","contentUrl":"https:\/\/inspectornocturno.com.mx\/wp-content\/uploads\/2021\/10\/logo-transparente.png","width":561,"height":668,"caption":"Inspector Nocturno"},"logo":{"@id":"https:\/\/inspectornocturno.com.mx\/wp-content\/uploads\/2021\/10\/logo-transparente.png"},"sameAs":["http:\/\/inspectornocturno.com.mx"]},{"@type":"Person","@id":"https:\/\/inspectornocturno.com.mx\/#\/schema\/person\/969c25a2260bdff0de14d7ccb1e77752","name":"Inspector Nocturno"}]}},"views":4,"_links":{"self":[{"href":"https:\/\/inspectornocturno.com.mx\/index.php?rest_route=\/wp\/v2\/posts\/105186","targetHints":{"allow":["GET"]}}],"collection":[{"href":"https:\/\/inspectornocturno.com.mx\/index.php?rest_route=\/wp\/v2\/posts"}],"about":[{"href":"https:\/\/inspectornocturno.com.mx\/index.php?rest_route=\/wp\/v2\/types\/post"}],"author":[{"embeddable":true,"href":"https:\/\/inspectornocturno.com.mx\/index.php?rest_route=\/wp\/v2\/users\/7"}],"replies":[{"embeddable":true,"href":"https:\/\/inspectornocturno.com.mx\/index.php?rest_route=%2Fwp%2Fv2%2Fcomments&post=105186"}],"version-history":[{"count":1,"href":"https:\/\/inspectornocturno.com.mx\/index.php?rest_route=\/wp\/v2\/posts\/105186\/revisions"}],"predecessor-version":[{"id":105188,"href":"https:\/\/inspectornocturno.com.mx\/index.php?rest_route=\/wp\/v2\/posts\/105186\/revisions\/105188"}],"wp:featuredmedia":[{"embeddable":true,"href":"https:\/\/inspectornocturno.com.mx\/index.php?rest_route=\/wp\/v2\/media\/105187"}],"wp:attachment":[{"href":"https:\/\/inspectornocturno.com.mx\/index.php?rest_route=%2Fwp%2Fv2%2Fmedia&parent=105186"}],"wp:term":[{"taxonomy":"category","embeddable":true,"href":"https:\/\/inspectornocturno.com.mx\/index.php?rest_route=%2Fwp%2Fv2%2Fcategories&post=105186"},{"taxonomy":"post_tag","embeddable":true,"href":"https:\/\/inspectornocturno.com.mx\/index.php?rest_route=%2Fwp%2Fv2%2Ftags&post=105186"}],"curies":[{"name":"wp","href":"https:\/\/api.w.org\/{rel}","templated":true}]}}