{"id":105164,"date":"2026-04-29T12:00:00","date_gmt":"2026-04-29T17:00:00","guid":{"rendered":"https:\/\/inspectornocturno.com.mx\/?p=105164"},"modified":"2026-04-29T10:51:10","modified_gmt":"2026-04-29T15:51:10","slug":"chicharito-anuncia-su-regreso-al-futbol-nos-vemos-pronto-ni-madr-me-retiro","status":"publish","type":"post","link":"https:\/\/inspectornocturno.com.mx\/?p=105164","title":{"rendered":"&#8220;CHICHARITO&#8221; ANUNCIA SU REGRESO AL FUTBOL: &#8220;NOS VEMOS PRONTO, NI MADR\u2026 ME RETIRO&#8221;"},"content":{"rendered":"\n<p>\ud83d\udd3a\ufe0f El delantero mexicano desminti\u00f3 rumores sobre su adi\u00f3s y asegur\u00f3 que a\u00fan tiene planes de volver a las canchas<\/p>\n\n\n\n<h1 class=\"wp-block-heading\">InspectorNocturno \ud83d\udd75\u200d\u2642\ufe0f\ud83d\udd0e #Noticias \ud83d\udea8\ud83d\ude91\ud83d\udc6e\u200d\u2642\ufe0f #ArenaDeportiva<\/h1>\n\n\n\n<p>Despu\u00e9s de una segunda etapa muy olvidable por Chivas, el Javier &#8216;Chicharito&#8217; Hern\u00e1ndez ha estado desconectado de los terrenos de juego; entre rumores de su posible retiro y de su participaci\u00f3n con Fox Sports USA para la Copa del Mundo 2026, el mexicano sali\u00f3 por sus redes sociales a hablar al respecto.<\/p>\n\n\n\n<p>Durante su video, arranca diciendo: \u201cCreo que me voy a retirar\u201d, por lo que procedi\u00f3 a ver qu\u00e9 dec\u00edan de \u00e9l en las redes sociales; seguido, aparece un video de los mejores momentos de su carrera con Chivas, Manchester Utd y Real Madrid.<\/p>\n\n\n\n<p>\u201cNi madres que me voy a retirar\u201d<br>A lo largo de su video, se le ve nost\u00e1lgico, recordando los mejores momentos que lo llegaron a posicionar como uno de los mejores mexicanos en la historia del balompi\u00e9 mexicano y actual m\u00e1ximo goleador de la Selecci\u00f3n Nacional de M\u00e9xico.<\/p>\n\n\n\n<p>Al casi finalizar su video, Chicharito se levanta y declara lo que impact\u00f3 a propios y extra\u00f1os.<\/p>\n\n\n\n<p>Ni madres que me voy a retirar. Nos vemos pronto<\/p>\n\n\n\n<p>Tras su salida de Chivas, donde muchos aficionados declaran que el jugador qued\u00f3 a deber al que dec\u00eda que era el club de sus amores, por lo que se llegaba a pensar que su retiro est\u00e1 m\u00e1s cerca que nunca, pero con estas nuevas declaraciones, la esperanza de volverlo a ver en los terrenos de juego est\u00e1 m\u00e1s viva que nunca.<\/p>\n\n\n\n<p>No se han mencionado algunos destinos para la leyenda mexicana; se lleg\u00f3 a manejar el rumor de una posible llegada al Atlante, que anunci\u00f3 que Miguel \u2018El Piojo\u2019 Herrera ser\u00eda su nuevo DT para su regreso a primera divisi\u00f3n; un t\u00e9cnico que ya lo dirigi\u00f3 cuando estuvo al mando de la Selecci\u00f3n Mexicana para el Mundial de 2014, pero esta ya fue descartada.<\/p>\n\n\n\n<p>Lo \u00fanico que se sabe con certeza es su participaci\u00f3n en Fox Sports para el Mundial 2026, junto con Zlatan y Seedorf, por lo que el futuro del mexicano podr\u00eda definirse al finalizar el torneo m\u00e1s importante entre selecciones.<\/p>\n","protected":false},"excerpt":{"rendered":"<p>\ud83d\udd3a\ufe0f El delantero mexicano desminti\u00f3 rumores sobre su adi\u00f3s y asegur\u00f3 que a\u00fan tiene planes de volver a las canchas InspectorNocturno \ud83d\udd75\u200d\u2642\ufe0f\ud83d\udd0e #Noticias \ud83d\udea8\ud83d\ude91\ud83d\udc6e\u200d\u2642\ufe0f #ArenaDeportiva Despu\u00e9s de una segunda etapa muy olvidable por Chivas, el Javier &#8216;Chicharito&#8217; Hern\u00e1ndez ha estado desconectado de los terrenos de juego; entre rumores de su posible retiro y de su [&hellip;]<\/p>\n","protected":false},"author":9,"featured_media":105165,"comment_status":"closed","ping_status":"closed","sticky":false,"template":"","format":"standard","meta":{"footnotes":"","_wpscppro_dont_share_socialmedia":false,"_wpscppro_custom_social_share_image":0,"_facebook_share_type":"default","_twitter_share_type":"default","_linkedin_share_type":"default","_pinterest_share_type":"default","_linkedin_share_type_page":"default","_instagram_share_type":"default","_medium_share_type":"default","_threads_share_type":"default","_google_business_share_type":"default","_selected_social_profile":[{"id":753595702106742800,"platform":"twitter","platformKey":0,"name":"InspectorNocturnoOficial","thumbnail_url":"http:\/\/pbs.twimg.com\/profile_images\/869067525337862144\/lyGXp0kf_normal.jpg","share_type":"default"}],"_wpsp_enable_custom_social_template":false,"_wpsp_social_scheduling":{"enabled":false,"datetime":null,"platforms":[],"status":"template_only","dateOption":"today","timeOption":"now","customDays":"","customHours":"","customDate":"","customTime":"","schedulingType":"absolute"},"_wpsp_active_default_template":true},"categories":[7],"tags":[],"class_list":["post-105164","post","type-post","status-publish","format-standard","has-post-thumbnail","hentry","category-arena-deportiva"],"yoast_head":"<!-- This site is optimized with the Yoast SEO plugin v27.4 - https:\/\/yoast.com\/product\/yoast-seo-wordpress\/ -->\n<title>&quot;CHICHARITO&quot; ANUNCIA SU REGRESO AL FUTBOL: &quot;NOS VEMOS PRONTO, NI MADR\u2026 ME RETIRO&quot; - Inspector Nocturno<\/title>\n<meta name=\"robots\" content=\"index, follow, max-snippet:-1, max-image-preview:large, max-video-preview:-1\" \/>\n<link rel=\"canonical\" href=\"https:\/\/inspectornocturno.com.mx\/?p=105164\" \/>\n<meta property=\"og:locale\" content=\"es_ES\" \/>\n<meta property=\"og:type\" content=\"article\" \/>\n<meta property=\"og:title\" content=\"&quot;CHICHARITO&quot; ANUNCIA SU REGRESO AL FUTBOL: &quot;NOS VEMOS PRONTO, NI MADR\u2026 ME RETIRO&quot; - Inspector Nocturno\" \/>\n<meta property=\"og:description\" content=\"\ud83d\udd3a\ufe0f El delantero mexicano desminti\u00f3 rumores sobre su adi\u00f3s y asegur\u00f3 que a\u00fan tiene planes de volver a las canchas InspectorNocturno \ud83d\udd75\u200d\u2642\ufe0f\ud83d\udd0e #Noticias \ud83d\udea8\ud83d\ude91\ud83d\udc6e\u200d\u2642\ufe0f #ArenaDeportiva Despu\u00e9s de una segunda etapa muy olvidable por Chivas, el Javier &#8216;Chicharito&#8217; Hern\u00e1ndez ha estado desconectado de los terrenos de juego; entre rumores de su posible retiro y de su [&hellip;]\" \/>\n<meta property=\"og:url\" content=\"https:\/\/inspectornocturno.com.mx\/?p=105164\" \/>\n<meta property=\"og:site_name\" content=\"Inspector Nocturno\" \/>\n<meta property=\"article:published_time\" content=\"2026-04-29T17:00:00+00:00\" \/>\n<meta property=\"og:image\" content=\"https:\/\/inspectornocturno.com.mx\/wp-content\/uploads\/2026\/04\/IMG-20260429-WA0006.jpg\" \/>\n\t<meta property=\"og:image:width\" content=\"860\" \/>\n\t<meta property=\"og:image:height\" content=\"484\" \/>\n\t<meta property=\"og:image:type\" content=\"image\/jpeg\" \/>\n<meta name=\"author\" content=\"Inspector Nocturno\" \/>\n<meta name=\"twitter:card\" content=\"summary_large_image\" \/>\n<script type=\"application\/ld+json\" class=\"yoast-schema-graph\">{\"@context\":\"https:\\\/\\\/schema.org\",\"@graph\":[{\"@type\":\"Article\",\"@id\":\"https:\\\/\\\/inspectornocturno.com.mx\\\/?p=105164#article\",\"isPartOf\":{\"@id\":\"https:\\\/\\\/inspectornocturno.com.mx\\\/?p=105164\"},\"author\":{\"name\":\"Inspector Nocturno\",\"@id\":\"https:\\\/\\\/inspectornocturno.com.mx\\\/#\\\/schema\\\/person\\\/e9418c22a987eae8f9a24e3f6f11b64a\"},\"headline\":\"&#8220;CHICHARITO&#8221; ANUNCIA SU REGRESO AL FUTBOL: &#8220;NOS VEMOS PRONTO, NI MADR\u2026 ME RETIRO&#8221;\",\"datePublished\":\"2026-04-29T17:00:00+00:00\",\"mainEntityOfPage\":{\"@id\":\"https:\\\/\\\/inspectornocturno.com.mx\\\/?p=105164\"},\"wordCount\":386,\"publisher\":{\"@id\":\"https:\\\/\\\/inspectornocturno.com.mx\\\/#\\\/schema\\\/person\\\/63eb343fea17271215b1dd2793b27897\"},\"image\":{\"@id\":\"https:\\\/\\\/inspectornocturno.com.mx\\\/?p=105164#primaryimage\"},\"thumbnailUrl\":\"https:\\\/\\\/inspectornocturno.com.mx\\\/wp-content\\\/uploads\\\/2026\\\/04\\\/IMG-20260429-WA0006.jpg\",\"articleSection\":[\"Arena Deportiva\"],\"inLanguage\":\"es\"},{\"@type\":\"WebPage\",\"@id\":\"https:\\\/\\\/inspectornocturno.com.mx\\\/?p=105164\",\"url\":\"https:\\\/\\\/inspectornocturno.com.mx\\\/?p=105164\",\"name\":\"\\\"CHICHARITO\\\" ANUNCIA SU REGRESO AL FUTBOL: \\\"NOS VEMOS PRONTO, NI MADR\u2026 ME RETIRO\\\" - Inspector Nocturno\",\"isPartOf\":{\"@id\":\"https:\\\/\\\/inspectornocturno.com.mx\\\/#website\"},\"primaryImageOfPage\":{\"@id\":\"https:\\\/\\\/inspectornocturno.com.mx\\\/?p=105164#primaryimage\"},\"image\":{\"@id\":\"https:\\\/\\\/inspectornocturno.com.mx\\\/?p=105164#primaryimage\"},\"thumbnailUrl\":\"https:\\\/\\\/inspectornocturno.com.mx\\\/wp-content\\\/uploads\\\/2026\\\/04\\\/IMG-20260429-WA0006.jpg\",\"datePublished\":\"2026-04-29T17:00:00+00:00\",\"breadcrumb\":{\"@id\":\"https:\\\/\\\/inspectornocturno.com.mx\\\/?p=105164#breadcrumb\"},\"inLanguage\":\"es\",\"potentialAction\":[{\"@type\":\"ReadAction\",\"target\":[\"https:\\\/\\\/inspectornocturno.com.mx\\\/?p=105164\"]}]},{\"@type\":\"ImageObject\",\"inLanguage\":\"es\",\"@id\":\"https:\\\/\\\/inspectornocturno.com.mx\\\/?p=105164#primaryimage\",\"url\":\"https:\\\/\\\/inspectornocturno.com.mx\\\/wp-content\\\/uploads\\\/2026\\\/04\\\/IMG-20260429-WA0006.jpg\",\"contentUrl\":\"https:\\\/\\\/inspectornocturno.com.mx\\\/wp-content\\\/uploads\\\/2026\\\/04\\\/IMG-20260429-WA0006.jpg\",\"width\":860,\"height\":484},{\"@type\":\"BreadcrumbList\",\"@id\":\"https:\\\/\\\/inspectornocturno.com.mx\\\/?p=105164#breadcrumb\",\"itemListElement\":[{\"@type\":\"ListItem\",\"position\":1,\"name\":\"Portada\",\"item\":\"https:\\\/\\\/inspectornocturno.com.mx\\\/\"},{\"@type\":\"ListItem\",\"position\":2,\"name\":\"&#8220;CHICHARITO&#8221; ANUNCIA SU REGRESO AL FUTBOL: &#8220;NOS VEMOS PRONTO, NI MADR\u2026 ME RETIRO&#8221;\"}]},{\"@type\":\"WebSite\",\"@id\":\"https:\\\/\\\/inspectornocturno.com.mx\\\/#website\",\"url\":\"https:\\\/\\\/inspectornocturno.com.mx\\\/\",\"name\":\"Inspector Nocturno\",\"description\":\"Canc\u00fan, noticias al minuto del inspector nocturno\",\"publisher\":{\"@id\":\"https:\\\/\\\/inspectornocturno.com.mx\\\/#\\\/schema\\\/person\\\/63eb343fea17271215b1dd2793b27897\"},\"alternateName\":\"Noticias de impacto al momento de los hechos\",\"potentialAction\":[{\"@type\":\"SearchAction\",\"target\":{\"@type\":\"EntryPoint\",\"urlTemplate\":\"https:\\\/\\\/inspectornocturno.com.mx\\\/?s={search_term_string}\"},\"query-input\":{\"@type\":\"PropertyValueSpecification\",\"valueRequired\":true,\"valueName\":\"search_term_string\"}}],\"inLanguage\":\"es\"},{\"@type\":[\"Person\",\"Organization\"],\"@id\":\"https:\\\/\\\/inspectornocturno.com.mx\\\/#\\\/schema\\\/person\\\/63eb343fea17271215b1dd2793b27897\",\"name\":\"Inspector Nocturno\",\"image\":{\"@type\":\"ImageObject\",\"inLanguage\":\"es\",\"@id\":\"https:\\\/\\\/inspectornocturno.com.mx\\\/wp-content\\\/uploads\\\/2021\\\/10\\\/logo-transparente.png\",\"url\":\"https:\\\/\\\/inspectornocturno.com.mx\\\/wp-content\\\/uploads\\\/2021\\\/10\\\/logo-transparente.png\",\"contentUrl\":\"https:\\\/\\\/inspectornocturno.com.mx\\\/wp-content\\\/uploads\\\/2021\\\/10\\\/logo-transparente.png\",\"width\":561,\"height\":668,\"caption\":\"Inspector Nocturno\"},\"logo\":{\"@id\":\"https:\\\/\\\/inspectornocturno.com.mx\\\/wp-content\\\/uploads\\\/2021\\\/10\\\/logo-transparente.png\"},\"sameAs\":[\"http:\\\/\\\/inspectornocturno.com.mx\"]},{\"@type\":\"Person\",\"@id\":\"https:\\\/\\\/inspectornocturno.com.mx\\\/#\\\/schema\\\/person\\\/e9418c22a987eae8f9a24e3f6f11b64a\",\"name\":\"Inspector Nocturno\"}]}<\/script>\n<!-- \/ Yoast SEO plugin. -->","yoast_head_json":{"title":"\"CHICHARITO\" ANUNCIA SU REGRESO AL FUTBOL: \"NOS VEMOS PRONTO, NI MADR\u2026 ME RETIRO\" - Inspector Nocturno","robots":{"index":"index","follow":"follow","max-snippet":"max-snippet:-1","max-image-preview":"max-image-preview:large","max-video-preview":"max-video-preview:-1"},"canonical":"https:\/\/inspectornocturno.com.mx\/?p=105164","og_locale":"es_ES","og_type":"article","og_title":"\"CHICHARITO\" ANUNCIA SU REGRESO AL FUTBOL: \"NOS VEMOS PRONTO, NI MADR\u2026 ME RETIRO\" - Inspector Nocturno","og_description":"\ud83d\udd3a\ufe0f El delantero mexicano desminti\u00f3 rumores sobre su adi\u00f3s y asegur\u00f3 que a\u00fan tiene planes de volver a las canchas InspectorNocturno \ud83d\udd75\u200d\u2642\ufe0f\ud83d\udd0e #Noticias \ud83d\udea8\ud83d\ude91\ud83d\udc6e\u200d\u2642\ufe0f #ArenaDeportiva Despu\u00e9s de una segunda etapa muy olvidable por Chivas, el Javier &#8216;Chicharito&#8217; Hern\u00e1ndez ha estado desconectado de los terrenos de juego; entre rumores de su posible retiro y de su [&hellip;]","og_url":"https:\/\/inspectornocturno.com.mx\/?p=105164","og_site_name":"Inspector Nocturno","article_published_time":"2026-04-29T17:00:00+00:00","og_image":[{"width":860,"height":484,"url":"https:\/\/inspectornocturno.com.mx\/wp-content\/uploads\/2026\/04\/IMG-20260429-WA0006.jpg","type":"image\/jpeg"}],"author":"Inspector Nocturno","twitter_card":"summary_large_image","schema":{"@context":"https:\/\/schema.org","@graph":[{"@type":"Article","@id":"https:\/\/inspectornocturno.com.mx\/?p=105164#article","isPartOf":{"@id":"https:\/\/inspectornocturno.com.mx\/?p=105164"},"author":{"name":"Inspector Nocturno","@id":"https:\/\/inspectornocturno.com.mx\/#\/schema\/person\/e9418c22a987eae8f9a24e3f6f11b64a"},"headline":"&#8220;CHICHARITO&#8221; ANUNCIA SU REGRESO AL FUTBOL: &#8220;NOS VEMOS PRONTO, NI MADR\u2026 ME RETIRO&#8221;","datePublished":"2026-04-29T17:00:00+00:00","mainEntityOfPage":{"@id":"https:\/\/inspectornocturno.com.mx\/?p=105164"},"wordCount":386,"publisher":{"@id":"https:\/\/inspectornocturno.com.mx\/#\/schema\/person\/63eb343fea17271215b1dd2793b27897"},"image":{"@id":"https:\/\/inspectornocturno.com.mx\/?p=105164#primaryimage"},"thumbnailUrl":"https:\/\/inspectornocturno.com.mx\/wp-content\/uploads\/2026\/04\/IMG-20260429-WA0006.jpg","articleSection":["Arena Deportiva"],"inLanguage":"es"},{"@type":"WebPage","@id":"https:\/\/inspectornocturno.com.mx\/?p=105164","url":"https:\/\/inspectornocturno.com.mx\/?p=105164","name":"\"CHICHARITO\" ANUNCIA SU REGRESO AL FUTBOL: \"NOS VEMOS PRONTO, NI MADR\u2026 ME RETIRO\" - Inspector Nocturno","isPartOf":{"@id":"https:\/\/inspectornocturno.com.mx\/#website"},"primaryImageOfPage":{"@id":"https:\/\/inspectornocturno.com.mx\/?p=105164#primaryimage"},"image":{"@id":"https:\/\/inspectornocturno.com.mx\/?p=105164#primaryimage"},"thumbnailUrl":"https:\/\/inspectornocturno.com.mx\/wp-content\/uploads\/2026\/04\/IMG-20260429-WA0006.jpg","datePublished":"2026-04-29T17:00:00+00:00","breadcrumb":{"@id":"https:\/\/inspectornocturno.com.mx\/?p=105164#breadcrumb"},"inLanguage":"es","potentialAction":[{"@type":"ReadAction","target":["https:\/\/inspectornocturno.com.mx\/?p=105164"]}]},{"@type":"ImageObject","inLanguage":"es","@id":"https:\/\/inspectornocturno.com.mx\/?p=105164#primaryimage","url":"https:\/\/inspectornocturno.com.mx\/wp-content\/uploads\/2026\/04\/IMG-20260429-WA0006.jpg","contentUrl":"https:\/\/inspectornocturno.com.mx\/wp-content\/uploads\/2026\/04\/IMG-20260429-WA0006.jpg","width":860,"height":484},{"@type":"BreadcrumbList","@id":"https:\/\/inspectornocturno.com.mx\/?p=105164#breadcrumb","itemListElement":[{"@type":"ListItem","position":1,"name":"Portada","item":"https:\/\/inspectornocturno.com.mx\/"},{"@type":"ListItem","position":2,"name":"&#8220;CHICHARITO&#8221; ANUNCIA SU REGRESO AL FUTBOL: &#8220;NOS VEMOS PRONTO, NI MADR\u2026 ME RETIRO&#8221;"}]},{"@type":"WebSite","@id":"https:\/\/inspectornocturno.com.mx\/#website","url":"https:\/\/inspectornocturno.com.mx\/","name":"Inspector Nocturno","description":"Canc\u00fan, noticias al minuto del inspector nocturno","publisher":{"@id":"https:\/\/inspectornocturno.com.mx\/#\/schema\/person\/63eb343fea17271215b1dd2793b27897"},"alternateName":"Noticias de impacto al momento de los hechos","potentialAction":[{"@type":"SearchAction","target":{"@type":"EntryPoint","urlTemplate":"https:\/\/inspectornocturno.com.mx\/?s={search_term_string}"},"query-input":{"@type":"PropertyValueSpecification","valueRequired":true,"valueName":"search_term_string"}}],"inLanguage":"es"},{"@type":["Person","Organization"],"@id":"https:\/\/inspectornocturno.com.mx\/#\/schema\/person\/63eb343fea17271215b1dd2793b27897","name":"Inspector Nocturno","image":{"@type":"ImageObject","inLanguage":"es","@id":"https:\/\/inspectornocturno.com.mx\/wp-content\/uploads\/2021\/10\/logo-transparente.png","url":"https:\/\/inspectornocturno.com.mx\/wp-content\/uploads\/2021\/10\/logo-transparente.png","contentUrl":"https:\/\/inspectornocturno.com.mx\/wp-content\/uploads\/2021\/10\/logo-transparente.png","width":561,"height":668,"caption":"Inspector Nocturno"},"logo":{"@id":"https:\/\/inspectornocturno.com.mx\/wp-content\/uploads\/2021\/10\/logo-transparente.png"},"sameAs":["http:\/\/inspectornocturno.com.mx"]},{"@type":"Person","@id":"https:\/\/inspectornocturno.com.mx\/#\/schema\/person\/e9418c22a987eae8f9a24e3f6f11b64a","name":"Inspector Nocturno"}]}},"views":10,"_links":{"self":[{"href":"https:\/\/inspectornocturno.com.mx\/index.php?rest_route=\/wp\/v2\/posts\/105164","targetHints":{"allow":["GET"]}}],"collection":[{"href":"https:\/\/inspectornocturno.com.mx\/index.php?rest_route=\/wp\/v2\/posts"}],"about":[{"href":"https:\/\/inspectornocturno.com.mx\/index.php?rest_route=\/wp\/v2\/types\/post"}],"author":[{"embeddable":true,"href":"https:\/\/inspectornocturno.com.mx\/index.php?rest_route=\/wp\/v2\/users\/9"}],"replies":[{"embeddable":true,"href":"https:\/\/inspectornocturno.com.mx\/index.php?rest_route=%2Fwp%2Fv2%2Fcomments&post=105164"}],"version-history":[{"count":1,"href":"https:\/\/inspectornocturno.com.mx\/index.php?rest_route=\/wp\/v2\/posts\/105164\/revisions"}],"predecessor-version":[{"id":105166,"href":"https:\/\/inspectornocturno.com.mx\/index.php?rest_route=\/wp\/v2\/posts\/105164\/revisions\/105166"}],"wp:featuredmedia":[{"embeddable":true,"href":"https:\/\/inspectornocturno.com.mx\/index.php?rest_route=\/wp\/v2\/media\/105165"}],"wp:attachment":[{"href":"https:\/\/inspectornocturno.com.mx\/index.php?rest_route=%2Fwp%2Fv2%2Fmedia&parent=105164"}],"wp:term":[{"taxonomy":"category","embeddable":true,"href":"https:\/\/inspectornocturno.com.mx\/index.php?rest_route=%2Fwp%2Fv2%2Fcategories&post=105164"},{"taxonomy":"post_tag","embeddable":true,"href":"https:\/\/inspectornocturno.com.mx\/index.php?rest_route=%2Fwp%2Fv2%2Ftags&post=105164"}],"curies":[{"name":"wp","href":"https:\/\/api.w.org\/{rel}","templated":true}]}}