{"id":105099,"date":"2026-04-27T22:21:56","date_gmt":"2026-04-28T03:21:56","guid":{"rendered":"https:\/\/inspectornocturno.com.mx\/?p=105099"},"modified":"2026-04-27T22:21:58","modified_gmt":"2026-04-28T03:21:58","slug":"ana-paty-peralta-representa-con-orgullo-a-cancun-en-tianguis-turistico-de-mexico-2026","status":"publish","type":"post","link":"https:\/\/inspectornocturno.com.mx\/?p=105099","title":{"rendered":"ANA PATY PERALTA REPRESENTA CON ORGULLO A CANC\u00daN EN TIANGUIS TUR\u00cdSTICO DE M\u00c9XICO 2026"},"content":{"rendered":"\n<p>\ud83d\udd3aInauguran Pabell\u00f3n de Canc\u00fan para promocionar el destino ante m\u00e1s de 1,000 compradores internacionales de 17 pa\u00edses.<\/p>\n\n\n\n<p>Acapulco.- La Presidenta Municipal, Ana Paty Peralta, particip\u00f3 en la inauguraci\u00f3n oficial de la 50\u00aa edici\u00f3n del Tianguis Tur\u00edstico de M\u00e9xico 2026, que se llevar\u00e1 a cabo hasta el 30 de abril en Acapulco, Guerrero, adem\u00e1s de acudir al corte de list\u00f3n correspondiente del stand del Caribe Mexicano y de Canc\u00fan, en la Expo Mundo Imperial.<\/p>\n\n\n\n<p>En ese marco, la Primera Autoridad Municipal destac\u00f3 que el aniversario de oro del evento m\u00e1s importante del sector tur\u00edstico en el pa\u00eds, sea realizado justamente en la ciudad sede que lo vio nacer hace cinco d\u00e9cadas, adem\u00e1s de que celebr\u00f3 que en ese tiempo se ha consolidado como el punto de encuentro en esa industria, a nivel nacional e internacional, donde se generan oportunidades, alianzas estrat\u00e9gicas y crecimiento para esa rama econ\u00f3mica en M\u00e9xico.<\/p>\n\n\n\n<p>Primeramente, Ana Paty Peralta presenci\u00f3 la inauguraci\u00f3n oficial del evento realizado en la Expo Mundo Imperial, a cargo de la Secretaria de Turismo del Gobierno de M\u00e9xico, Josefina Rodr\u00edguez Zamora, en la que se destac\u00f3 que hoy la pol\u00edtica tur\u00edstica nacional se basa en tres ejes principales: impulsar un turismo incluyente que beneficie a comunidades, pueblos originarios y mujeres emprendedoras; fortalecer la competitividad de M\u00e9xico con una oferta tur\u00edstica innovadora, digital y sostenible; y consolidar al turismo como una herramienta de reconstrucci\u00f3n social y generaci\u00f3n de oportunidades para las familias mexicanas.<\/p>\n\n\n\n<p>\u201cEn esta edici\u00f3n hist\u00f3rica, el n\u00famero 50, no solo celebramos el pasado, proyectamos el futuro con cifras contundentes. Por primera vez, nueve pa\u00edses participan en el pabell\u00f3n propio, incluyendo Colombia, nuestro pa\u00eds invitado. Estamos hablando de 8 mil visitantes y participantes en este tianguis, 58 mil 998 citas de negocios, 40% m\u00e1s que la edici\u00f3n anterior, y m\u00e1s de mil 300 empresas expositoras. Y todo esto en un momento clave, la antesala del mundial 2026, que nos coloca como una vitrina global ante millones de miradas internacionales\u201d, resalt\u00f3 la secretaria de turismo.<\/p>\n\n\n\n<p>Despu\u00e9s, autoridades de los tres \u00f3rdenes de gobierno estuvieron presentes en el corte de list\u00f3n del stand del Caribe Mexicano, en el que se instalaron 40 expositores de Quintana Roo para generar citas, alianzas comerciales y promoci\u00f3n directa para los 11 municipios.<\/p>\n\n\n\n<p>Antes de finalizar la jornada, Ana Paty Peralta encabez\u00f3 la apertura oficial del espacio de promoci\u00f3n de Canc\u00fan dentro de ese stand y del Tianguis, lo que marca el inicio de las actividades comerciales, reuniones de negocios y acciones de posicionamiento del destino, l\u00edder en M\u00e9xico y el mundo.<\/p>\n\n\n\n<p>En la din\u00e1mica del Tianguis Tur\u00edstico de M\u00e9xico, compradores y expositores podr\u00e1n aprovechar el espacio como un foro de negocios basado en citas preestablecidas, adem\u00e1s de acudir a diferentes conferencias y seminarios a lo largo de los d\u00edas de su realizaci\u00f3n.<\/p>\n","protected":false},"excerpt":{"rendered":"<p>\ud83d\udd3aInauguran Pabell\u00f3n de Canc\u00fan para promocionar el destino ante m\u00e1s de 1,000 compradores internacionales de 17 pa\u00edses. Acapulco.- La Presidenta Municipal, Ana Paty Peralta, particip\u00f3 en la inauguraci\u00f3n oficial de la 50\u00aa edici\u00f3n del Tianguis Tur\u00edstico de M\u00e9xico 2026, que se llevar\u00e1 a cabo hasta el 30 de abril en Acapulco, Guerrero, adem\u00e1s de acudir [&hellip;]<\/p>\n","protected":false},"author":7,"featured_media":105100,"comment_status":"closed","ping_status":"closed","sticky":false,"template":"","format":"standard","meta":{"footnotes":"","_wpscppro_dont_share_socialmedia":false,"_wpscppro_custom_social_share_image":0,"_facebook_share_type":"default","_twitter_share_type":"default","_linkedin_share_type":"default","_pinterest_share_type":"default","_linkedin_share_type_page":"default","_instagram_share_type":"default","_medium_share_type":"default","_threads_share_type":"default","_google_business_share_type":"default","_selected_social_profile":[{"id":753595702106742800,"platform":"twitter","platformKey":0,"name":"InspectorNocturnoOficial","thumbnail_url":"http:\/\/pbs.twimg.com\/profile_images\/869067525337862144\/lyGXp0kf_normal.jpg","share_type":"default"}],"_wpsp_enable_custom_social_template":false,"_wpsp_social_scheduling":{"enabled":false,"datetime":null,"platforms":[],"status":"template_only","dateOption":"today","timeOption":"now","customDays":"","customHours":"","customDate":"","customTime":"","schedulingType":"absolute"},"_wpsp_active_default_template":true},"categories":[57,65,69,3],"tags":[],"class_list":["post-105099","post","type-post","status-publish","format-standard","has-post-thumbnail","hentry","category-cancun","category-mexico","category-politica","category-quintana-roo"],"yoast_head":"<!-- This site is optimized with the Yoast SEO plugin v27.4 - https:\/\/yoast.com\/product\/yoast-seo-wordpress\/ -->\n<title>ANA PATY PERALTA REPRESENTA CON ORGULLO A CANC\u00daN EN TIANGUIS TUR\u00cdSTICO DE M\u00c9XICO 2026 - Inspector Nocturno<\/title>\n<meta name=\"robots\" content=\"index, follow, max-snippet:-1, max-image-preview:large, max-video-preview:-1\" \/>\n<link rel=\"canonical\" href=\"https:\/\/inspectornocturno.com.mx\/?p=105099\" \/>\n<meta property=\"og:locale\" content=\"es_ES\" \/>\n<meta property=\"og:type\" content=\"article\" \/>\n<meta property=\"og:title\" content=\"ANA PATY PERALTA REPRESENTA CON ORGULLO A CANC\u00daN EN TIANGUIS TUR\u00cdSTICO DE M\u00c9XICO 2026 - Inspector Nocturno\" \/>\n<meta property=\"og:description\" content=\"\ud83d\udd3aInauguran Pabell\u00f3n de Canc\u00fan para promocionar el destino ante m\u00e1s de 1,000 compradores internacionales de 17 pa\u00edses. Acapulco.- La Presidenta Municipal, Ana Paty Peralta, particip\u00f3 en la inauguraci\u00f3n oficial de la 50\u00aa edici\u00f3n del Tianguis Tur\u00edstico de M\u00e9xico 2026, que se llevar\u00e1 a cabo hasta el 30 de abril en Acapulco, Guerrero, adem\u00e1s de acudir [&hellip;]\" \/>\n<meta property=\"og:url\" content=\"https:\/\/inspectornocturno.com.mx\/?p=105099\" \/>\n<meta property=\"og:site_name\" content=\"Inspector Nocturno\" \/>\n<meta property=\"article:published_time\" content=\"2026-04-28T03:21:56+00:00\" \/>\n<meta property=\"article:modified_time\" content=\"2026-04-28T03:21:58+00:00\" \/>\n<meta property=\"og:image\" content=\"https:\/\/inspectornocturno.com.mx\/wp-content\/uploads\/2026\/04\/IMG-20260427-WA0039-scaled.jpg\" \/>\n\t<meta property=\"og:image:width\" content=\"900\" \/>\n\t<meta property=\"og:image:height\" content=\"667\" \/>\n\t<meta property=\"og:image:type\" content=\"image\/jpeg\" \/>\n<meta name=\"author\" content=\"Inspector Nocturno\" \/>\n<meta name=\"twitter:card\" content=\"summary_large_image\" \/>\n<script type=\"application\/ld+json\" class=\"yoast-schema-graph\">{\"@context\":\"https:\\\/\\\/schema.org\",\"@graph\":[{\"@type\":\"Article\",\"@id\":\"https:\\\/\\\/inspectornocturno.com.mx\\\/?p=105099#article\",\"isPartOf\":{\"@id\":\"https:\\\/\\\/inspectornocturno.com.mx\\\/?p=105099\"},\"author\":{\"name\":\"Inspector Nocturno\",\"@id\":\"https:\\\/\\\/inspectornocturno.com.mx\\\/#\\\/schema\\\/person\\\/969c25a2260bdff0de14d7ccb1e77752\"},\"headline\":\"ANA PATY PERALTA REPRESENTA CON ORGULLO A CANC\u00daN EN TIANGUIS TUR\u00cdSTICO DE M\u00c9XICO 2026\",\"datePublished\":\"2026-04-28T03:21:56+00:00\",\"dateModified\":\"2026-04-28T03:21:58+00:00\",\"mainEntityOfPage\":{\"@id\":\"https:\\\/\\\/inspectornocturno.com.mx\\\/?p=105099\"},\"wordCount\":517,\"publisher\":{\"@id\":\"https:\\\/\\\/inspectornocturno.com.mx\\\/#\\\/schema\\\/person\\\/63eb343fea17271215b1dd2793b27897\"},\"image\":{\"@id\":\"https:\\\/\\\/inspectornocturno.com.mx\\\/?p=105099#primaryimage\"},\"thumbnailUrl\":\"https:\\\/\\\/inspectornocturno.com.mx\\\/wp-content\\\/uploads\\\/2026\\\/04\\\/IMG-20260427-WA0039-scaled.jpg\",\"articleSection\":[\"Canc\u00fan\",\"M\u00e9xico\",\"Pol\u00edtica\",\"Quintana Roo\"],\"inLanguage\":\"es\"},{\"@type\":\"WebPage\",\"@id\":\"https:\\\/\\\/inspectornocturno.com.mx\\\/?p=105099\",\"url\":\"https:\\\/\\\/inspectornocturno.com.mx\\\/?p=105099\",\"name\":\"ANA PATY PERALTA REPRESENTA CON ORGULLO A CANC\u00daN EN TIANGUIS TUR\u00cdSTICO DE M\u00c9XICO 2026 - Inspector Nocturno\",\"isPartOf\":{\"@id\":\"https:\\\/\\\/inspectornocturno.com.mx\\\/#website\"},\"primaryImageOfPage\":{\"@id\":\"https:\\\/\\\/inspectornocturno.com.mx\\\/?p=105099#primaryimage\"},\"image\":{\"@id\":\"https:\\\/\\\/inspectornocturno.com.mx\\\/?p=105099#primaryimage\"},\"thumbnailUrl\":\"https:\\\/\\\/inspectornocturno.com.mx\\\/wp-content\\\/uploads\\\/2026\\\/04\\\/IMG-20260427-WA0039-scaled.jpg\",\"datePublished\":\"2026-04-28T03:21:56+00:00\",\"dateModified\":\"2026-04-28T03:21:58+00:00\",\"breadcrumb\":{\"@id\":\"https:\\\/\\\/inspectornocturno.com.mx\\\/?p=105099#breadcrumb\"},\"inLanguage\":\"es\",\"potentialAction\":[{\"@type\":\"ReadAction\",\"target\":[\"https:\\\/\\\/inspectornocturno.com.mx\\\/?p=105099\"]}]},{\"@type\":\"ImageObject\",\"inLanguage\":\"es\",\"@id\":\"https:\\\/\\\/inspectornocturno.com.mx\\\/?p=105099#primaryimage\",\"url\":\"https:\\\/\\\/inspectornocturno.com.mx\\\/wp-content\\\/uploads\\\/2026\\\/04\\\/IMG-20260427-WA0039-scaled.jpg\",\"contentUrl\":\"https:\\\/\\\/inspectornocturno.com.mx\\\/wp-content\\\/uploads\\\/2026\\\/04\\\/IMG-20260427-WA0039-scaled.jpg\",\"width\":900,\"height\":667},{\"@type\":\"BreadcrumbList\",\"@id\":\"https:\\\/\\\/inspectornocturno.com.mx\\\/?p=105099#breadcrumb\",\"itemListElement\":[{\"@type\":\"ListItem\",\"position\":1,\"name\":\"Portada\",\"item\":\"https:\\\/\\\/inspectornocturno.com.mx\\\/\"},{\"@type\":\"ListItem\",\"position\":2,\"name\":\"ANA PATY PERALTA REPRESENTA CON ORGULLO A CANC\u00daN EN TIANGUIS TUR\u00cdSTICO DE M\u00c9XICO 2026\"}]},{\"@type\":\"WebSite\",\"@id\":\"https:\\\/\\\/inspectornocturno.com.mx\\\/#website\",\"url\":\"https:\\\/\\\/inspectornocturno.com.mx\\\/\",\"name\":\"Inspector Nocturno\",\"description\":\"Canc\u00fan, noticias al minuto del inspector nocturno\",\"publisher\":{\"@id\":\"https:\\\/\\\/inspectornocturno.com.mx\\\/#\\\/schema\\\/person\\\/63eb343fea17271215b1dd2793b27897\"},\"alternateName\":\"Noticias de impacto al momento de los hechos\",\"potentialAction\":[{\"@type\":\"SearchAction\",\"target\":{\"@type\":\"EntryPoint\",\"urlTemplate\":\"https:\\\/\\\/inspectornocturno.com.mx\\\/?s={search_term_string}\"},\"query-input\":{\"@type\":\"PropertyValueSpecification\",\"valueRequired\":true,\"valueName\":\"search_term_string\"}}],\"inLanguage\":\"es\"},{\"@type\":[\"Person\",\"Organization\"],\"@id\":\"https:\\\/\\\/inspectornocturno.com.mx\\\/#\\\/schema\\\/person\\\/63eb343fea17271215b1dd2793b27897\",\"name\":\"Inspector Nocturno\",\"image\":{\"@type\":\"ImageObject\",\"inLanguage\":\"es\",\"@id\":\"https:\\\/\\\/inspectornocturno.com.mx\\\/wp-content\\\/uploads\\\/2021\\\/10\\\/logo-transparente.png\",\"url\":\"https:\\\/\\\/inspectornocturno.com.mx\\\/wp-content\\\/uploads\\\/2021\\\/10\\\/logo-transparente.png\",\"contentUrl\":\"https:\\\/\\\/inspectornocturno.com.mx\\\/wp-content\\\/uploads\\\/2021\\\/10\\\/logo-transparente.png\",\"width\":561,\"height\":668,\"caption\":\"Inspector Nocturno\"},\"logo\":{\"@id\":\"https:\\\/\\\/inspectornocturno.com.mx\\\/wp-content\\\/uploads\\\/2021\\\/10\\\/logo-transparente.png\"},\"sameAs\":[\"http:\\\/\\\/inspectornocturno.com.mx\"]},{\"@type\":\"Person\",\"@id\":\"https:\\\/\\\/inspectornocturno.com.mx\\\/#\\\/schema\\\/person\\\/969c25a2260bdff0de14d7ccb1e77752\",\"name\":\"Inspector Nocturno\"}]}<\/script>\n<!-- \/ Yoast SEO plugin. -->","yoast_head_json":{"title":"ANA PATY PERALTA REPRESENTA CON ORGULLO A CANC\u00daN EN TIANGUIS TUR\u00cdSTICO DE M\u00c9XICO 2026 - Inspector Nocturno","robots":{"index":"index","follow":"follow","max-snippet":"max-snippet:-1","max-image-preview":"max-image-preview:large","max-video-preview":"max-video-preview:-1"},"canonical":"https:\/\/inspectornocturno.com.mx\/?p=105099","og_locale":"es_ES","og_type":"article","og_title":"ANA PATY PERALTA REPRESENTA CON ORGULLO A CANC\u00daN EN TIANGUIS TUR\u00cdSTICO DE M\u00c9XICO 2026 - Inspector Nocturno","og_description":"\ud83d\udd3aInauguran Pabell\u00f3n de Canc\u00fan para promocionar el destino ante m\u00e1s de 1,000 compradores internacionales de 17 pa\u00edses. Acapulco.- La Presidenta Municipal, Ana Paty Peralta, particip\u00f3 en la inauguraci\u00f3n oficial de la 50\u00aa edici\u00f3n del Tianguis Tur\u00edstico de M\u00e9xico 2026, que se llevar\u00e1 a cabo hasta el 30 de abril en Acapulco, Guerrero, adem\u00e1s de acudir [&hellip;]","og_url":"https:\/\/inspectornocturno.com.mx\/?p=105099","og_site_name":"Inspector Nocturno","article_published_time":"2026-04-28T03:21:56+00:00","article_modified_time":"2026-04-28T03:21:58+00:00","og_image":[{"width":900,"height":667,"url":"https:\/\/inspectornocturno.com.mx\/wp-content\/uploads\/2026\/04\/IMG-20260427-WA0039-scaled.jpg","type":"image\/jpeg"}],"author":"Inspector Nocturno","twitter_card":"summary_large_image","schema":{"@context":"https:\/\/schema.org","@graph":[{"@type":"Article","@id":"https:\/\/inspectornocturno.com.mx\/?p=105099#article","isPartOf":{"@id":"https:\/\/inspectornocturno.com.mx\/?p=105099"},"author":{"name":"Inspector Nocturno","@id":"https:\/\/inspectornocturno.com.mx\/#\/schema\/person\/969c25a2260bdff0de14d7ccb1e77752"},"headline":"ANA PATY PERALTA REPRESENTA CON ORGULLO A CANC\u00daN EN TIANGUIS TUR\u00cdSTICO DE M\u00c9XICO 2026","datePublished":"2026-04-28T03:21:56+00:00","dateModified":"2026-04-28T03:21:58+00:00","mainEntityOfPage":{"@id":"https:\/\/inspectornocturno.com.mx\/?p=105099"},"wordCount":517,"publisher":{"@id":"https:\/\/inspectornocturno.com.mx\/#\/schema\/person\/63eb343fea17271215b1dd2793b27897"},"image":{"@id":"https:\/\/inspectornocturno.com.mx\/?p=105099#primaryimage"},"thumbnailUrl":"https:\/\/inspectornocturno.com.mx\/wp-content\/uploads\/2026\/04\/IMG-20260427-WA0039-scaled.jpg","articleSection":["Canc\u00fan","M\u00e9xico","Pol\u00edtica","Quintana Roo"],"inLanguage":"es"},{"@type":"WebPage","@id":"https:\/\/inspectornocturno.com.mx\/?p=105099","url":"https:\/\/inspectornocturno.com.mx\/?p=105099","name":"ANA PATY PERALTA REPRESENTA CON ORGULLO A CANC\u00daN EN TIANGUIS TUR\u00cdSTICO DE M\u00c9XICO 2026 - Inspector Nocturno","isPartOf":{"@id":"https:\/\/inspectornocturno.com.mx\/#website"},"primaryImageOfPage":{"@id":"https:\/\/inspectornocturno.com.mx\/?p=105099#primaryimage"},"image":{"@id":"https:\/\/inspectornocturno.com.mx\/?p=105099#primaryimage"},"thumbnailUrl":"https:\/\/inspectornocturno.com.mx\/wp-content\/uploads\/2026\/04\/IMG-20260427-WA0039-scaled.jpg","datePublished":"2026-04-28T03:21:56+00:00","dateModified":"2026-04-28T03:21:58+00:00","breadcrumb":{"@id":"https:\/\/inspectornocturno.com.mx\/?p=105099#breadcrumb"},"inLanguage":"es","potentialAction":[{"@type":"ReadAction","target":["https:\/\/inspectornocturno.com.mx\/?p=105099"]}]},{"@type":"ImageObject","inLanguage":"es","@id":"https:\/\/inspectornocturno.com.mx\/?p=105099#primaryimage","url":"https:\/\/inspectornocturno.com.mx\/wp-content\/uploads\/2026\/04\/IMG-20260427-WA0039-scaled.jpg","contentUrl":"https:\/\/inspectornocturno.com.mx\/wp-content\/uploads\/2026\/04\/IMG-20260427-WA0039-scaled.jpg","width":900,"height":667},{"@type":"BreadcrumbList","@id":"https:\/\/inspectornocturno.com.mx\/?p=105099#breadcrumb","itemListElement":[{"@type":"ListItem","position":1,"name":"Portada","item":"https:\/\/inspectornocturno.com.mx\/"},{"@type":"ListItem","position":2,"name":"ANA PATY PERALTA REPRESENTA CON ORGULLO A CANC\u00daN EN TIANGUIS TUR\u00cdSTICO DE M\u00c9XICO 2026"}]},{"@type":"WebSite","@id":"https:\/\/inspectornocturno.com.mx\/#website","url":"https:\/\/inspectornocturno.com.mx\/","name":"Inspector Nocturno","description":"Canc\u00fan, noticias al minuto del inspector nocturno","publisher":{"@id":"https:\/\/inspectornocturno.com.mx\/#\/schema\/person\/63eb343fea17271215b1dd2793b27897"},"alternateName":"Noticias de impacto al momento de los hechos","potentialAction":[{"@type":"SearchAction","target":{"@type":"EntryPoint","urlTemplate":"https:\/\/inspectornocturno.com.mx\/?s={search_term_string}"},"query-input":{"@type":"PropertyValueSpecification","valueRequired":true,"valueName":"search_term_string"}}],"inLanguage":"es"},{"@type":["Person","Organization"],"@id":"https:\/\/inspectornocturno.com.mx\/#\/schema\/person\/63eb343fea17271215b1dd2793b27897","name":"Inspector Nocturno","image":{"@type":"ImageObject","inLanguage":"es","@id":"https:\/\/inspectornocturno.com.mx\/wp-content\/uploads\/2021\/10\/logo-transparente.png","url":"https:\/\/inspectornocturno.com.mx\/wp-content\/uploads\/2021\/10\/logo-transparente.png","contentUrl":"https:\/\/inspectornocturno.com.mx\/wp-content\/uploads\/2021\/10\/logo-transparente.png","width":561,"height":668,"caption":"Inspector Nocturno"},"logo":{"@id":"https:\/\/inspectornocturno.com.mx\/wp-content\/uploads\/2021\/10\/logo-transparente.png"},"sameAs":["http:\/\/inspectornocturno.com.mx"]},{"@type":"Person","@id":"https:\/\/inspectornocturno.com.mx\/#\/schema\/person\/969c25a2260bdff0de14d7ccb1e77752","name":"Inspector Nocturno"}]}},"views":9,"_links":{"self":[{"href":"https:\/\/inspectornocturno.com.mx\/index.php?rest_route=\/wp\/v2\/posts\/105099","targetHints":{"allow":["GET"]}}],"collection":[{"href":"https:\/\/inspectornocturno.com.mx\/index.php?rest_route=\/wp\/v2\/posts"}],"about":[{"href":"https:\/\/inspectornocturno.com.mx\/index.php?rest_route=\/wp\/v2\/types\/post"}],"author":[{"embeddable":true,"href":"https:\/\/inspectornocturno.com.mx\/index.php?rest_route=\/wp\/v2\/users\/7"}],"replies":[{"embeddable":true,"href":"https:\/\/inspectornocturno.com.mx\/index.php?rest_route=%2Fwp%2Fv2%2Fcomments&post=105099"}],"version-history":[{"count":2,"href":"https:\/\/inspectornocturno.com.mx\/index.php?rest_route=\/wp\/v2\/posts\/105099\/revisions"}],"predecessor-version":[{"id":105102,"href":"https:\/\/inspectornocturno.com.mx\/index.php?rest_route=\/wp\/v2\/posts\/105099\/revisions\/105102"}],"wp:featuredmedia":[{"embeddable":true,"href":"https:\/\/inspectornocturno.com.mx\/index.php?rest_route=\/wp\/v2\/media\/105100"}],"wp:attachment":[{"href":"https:\/\/inspectornocturno.com.mx\/index.php?rest_route=%2Fwp%2Fv2%2Fmedia&parent=105099"}],"wp:term":[{"taxonomy":"category","embeddable":true,"href":"https:\/\/inspectornocturno.com.mx\/index.php?rest_route=%2Fwp%2Fv2%2Fcategories&post=105099"},{"taxonomy":"post_tag","embeddable":true,"href":"https:\/\/inspectornocturno.com.mx\/index.php?rest_route=%2Fwp%2Fv2%2Ftags&post=105099"}],"curies":[{"name":"wp","href":"https:\/\/api.w.org\/{rel}","templated":true}]}}