{"id":105062,"date":"2026-04-27T11:37:28","date_gmt":"2026-04-27T16:37:28","guid":{"rendered":"https:\/\/inspectornocturno.com.mx\/?p=105062"},"modified":"2026-04-27T11:37:32","modified_gmt":"2026-04-27T16:37:32","slug":"tragedia-en-tulum-pasajero-fallece-dentro-de-van-de-transporte-publico","status":"publish","type":"post","link":"https:\/\/inspectornocturno.com.mx\/?p=105062","title":{"rendered":"TRAGEDIA EN TULUM: PASAJERO FALLECE DENTRO DE VAN DE TRANSPORTE P\u00daBLICO"},"content":{"rendered":"\n<p><p dir=\"ltr\"> <br><br>\ud83d\udd3aA pesar de que el chofer se detuvo para auxiliar a la persona y se pidi\u00f3 ayuda inmediatamente, ya nada se pudo hacer por \u00e9l.<br><br><br>Momentos de tensi\u00f3n y consternaci\u00f3n se vivieron en la zona de Aldea Zama, luego de que una persona de 42 a\u00f1os de edad perdiera la vida al interior de una unidad de transporte p\u00fablico federal, cuando circulaba sobre la avenida Cob\u00e1.<br><br><br><br>De acuerdo con los primeros reportes, el pasajero comenz\u00f3 a sentirse mal de manera repentina durante el trayecto, lo que oblig\u00f3 al conductor a detener la marcha de inmediato para intentar auxiliarlo.<br><br><br><br>Sin embargo, pese a la reacci\u00f3n del operador, la persona ya no respondi\u00f3 y termin\u00f3 falleciendo en el lugar.<br><br><br><br>Informaci\u00f3n preliminar se\u00f1ala que la posible causa del deceso habr\u00eda sido un infarto; no obstante, ser\u00e1n las autoridades correspondientes quienes determinen oficialmente las causas de la muerte tras las diligencias periciales.<br><br><br><br>El incidente gener\u00f3 movilizaci\u00f3n de cuerpos de emergencia y autoridades en la zona, mientras otros pasajeros permanec\u00edan en estado de shock ante lo ocurrido.<br><br><br><br>El \u00e1rea fue acordonada en espera del levantamiento del cuerpo y el inicio de las investigaciones correspondientes.<\/p><br><\/p>\n","protected":false},"excerpt":{"rendered":"<p>\ud83d\udd3aA pesar de que el chofer se detuvo para auxiliar a la persona y se pidi\u00f3 ayuda inmediatamente, ya nada se pudo hacer por \u00e9l. Momentos de tensi\u00f3n y consternaci\u00f3n se vivieron en la zona de Aldea Zama, luego de que una persona de 42 a\u00f1os de edad perdiera la vida al interior de una [&hellip;]<\/p>\n","protected":false},"author":3,"featured_media":105063,"comment_status":"closed","ping_status":"closed","sticky":false,"template":"","format":"standard","meta":{"footnotes":"","_wpscppro_dont_share_socialmedia":false,"_wpscppro_custom_social_share_image":0,"_facebook_share_type":"default","_twitter_share_type":"default","_linkedin_share_type":"default","_pinterest_share_type":"default","_linkedin_share_type_page":"default","_instagram_share_type":"default","_medium_share_type":"default","_threads_share_type":"default","_google_business_share_type":"default","_selected_social_profile":[{"id":753595702106742800,"platform":"twitter","platformKey":0,"name":"InspectorNocturnoOficial","thumbnail_url":"http:\/\/pbs.twimg.com\/profile_images\/869067525337862144\/lyGXp0kf_normal.jpg","share_type":"default"}],"_wpsp_enable_custom_social_template":false,"_wpsp_social_scheduling":{"enabled":false,"datetime":null,"platforms":[],"status":"template_only","dateOption":"today","timeOption":"now","customDays":"","customHours":"","customDate":"","customTime":"","schedulingType":"absolute"},"_wpsp_active_default_template":true},"categories":[3,48],"tags":[],"class_list":["post-105062","post","type-post","status-publish","format-standard","has-post-thumbnail","hentry","category-quintana-roo","category-tulum"],"yoast_head":"<!-- This site is optimized with the Yoast SEO plugin v27.4 - https:\/\/yoast.com\/product\/yoast-seo-wordpress\/ -->\n<title>TRAGEDIA EN TULUM: PASAJERO FALLECE DENTRO DE VAN DE TRANSPORTE P\u00daBLICO - Inspector Nocturno<\/title>\n<meta name=\"robots\" content=\"index, follow, max-snippet:-1, max-image-preview:large, max-video-preview:-1\" \/>\n<link rel=\"canonical\" href=\"https:\/\/inspectornocturno.com.mx\/?p=105062\" \/>\n<meta property=\"og:locale\" content=\"es_ES\" \/>\n<meta property=\"og:type\" content=\"article\" \/>\n<meta property=\"og:title\" content=\"TRAGEDIA EN TULUM: PASAJERO FALLECE DENTRO DE VAN DE TRANSPORTE P\u00daBLICO - Inspector Nocturno\" \/>\n<meta property=\"og:description\" content=\"\ud83d\udd3aA pesar de que el chofer se detuvo para auxiliar a la persona y se pidi\u00f3 ayuda inmediatamente, ya nada se pudo hacer por \u00e9l. Momentos de tensi\u00f3n y consternaci\u00f3n se vivieron en la zona de Aldea Zama, luego de que una persona de 42 a\u00f1os de edad perdiera la vida al interior de una [&hellip;]\" \/>\n<meta property=\"og:url\" content=\"https:\/\/inspectornocturno.com.mx\/?p=105062\" \/>\n<meta property=\"og:site_name\" content=\"Inspector Nocturno\" \/>\n<meta property=\"article:published_time\" content=\"2026-04-27T16:37:28+00:00\" \/>\n<meta property=\"article:modified_time\" content=\"2026-04-27T16:37:32+00:00\" \/>\n<meta property=\"og:image\" content=\"https:\/\/inspectornocturno.com.mx\/wp-content\/uploads\/2026\/04\/Photo_1777306334762-scaled.jpg\" \/>\n\t<meta property=\"og:image:width\" content=\"900\" \/>\n\t<meta property=\"og:image:height\" content=\"506\" \/>\n\t<meta property=\"og:image:type\" content=\"image\/jpeg\" \/>\n<meta name=\"author\" content=\"Inspector Nocturno\" \/>\n<meta name=\"twitter:card\" content=\"summary_large_image\" \/>\n<script type=\"application\/ld+json\" class=\"yoast-schema-graph\">{\"@context\":\"https:\\\/\\\/schema.org\",\"@graph\":[{\"@type\":\"Article\",\"@id\":\"https:\\\/\\\/inspectornocturno.com.mx\\\/?p=105062#article\",\"isPartOf\":{\"@id\":\"https:\\\/\\\/inspectornocturno.com.mx\\\/?p=105062\"},\"author\":{\"name\":\"Inspector Nocturno\",\"@id\":\"https:\\\/\\\/inspectornocturno.com.mx\\\/#\\\/schema\\\/person\\\/2f4c4173b1712fd9cf4f4b9365ce65db\"},\"headline\":\"TRAGEDIA EN TULUM: PASAJERO FALLECE DENTRO DE VAN DE TRANSPORTE P\u00daBLICO\",\"datePublished\":\"2026-04-27T16:37:28+00:00\",\"dateModified\":\"2026-04-27T16:37:32+00:00\",\"mainEntityOfPage\":{\"@id\":\"https:\\\/\\\/inspectornocturno.com.mx\\\/?p=105062\"},\"wordCount\":211,\"publisher\":{\"@id\":\"https:\\\/\\\/inspectornocturno.com.mx\\\/#\\\/schema\\\/person\\\/63eb343fea17271215b1dd2793b27897\"},\"image\":{\"@id\":\"https:\\\/\\\/inspectornocturno.com.mx\\\/?p=105062#primaryimage\"},\"thumbnailUrl\":\"https:\\\/\\\/inspectornocturno.com.mx\\\/wp-content\\\/uploads\\\/2026\\\/04\\\/Photo_1777306334762-scaled.jpg\",\"articleSection\":[\"Quintana Roo\",\"Tulum\"],\"inLanguage\":\"es\"},{\"@type\":\"WebPage\",\"@id\":\"https:\\\/\\\/inspectornocturno.com.mx\\\/?p=105062\",\"url\":\"https:\\\/\\\/inspectornocturno.com.mx\\\/?p=105062\",\"name\":\"TRAGEDIA EN TULUM: PASAJERO FALLECE DENTRO DE VAN DE TRANSPORTE P\u00daBLICO - Inspector Nocturno\",\"isPartOf\":{\"@id\":\"https:\\\/\\\/inspectornocturno.com.mx\\\/#website\"},\"primaryImageOfPage\":{\"@id\":\"https:\\\/\\\/inspectornocturno.com.mx\\\/?p=105062#primaryimage\"},\"image\":{\"@id\":\"https:\\\/\\\/inspectornocturno.com.mx\\\/?p=105062#primaryimage\"},\"thumbnailUrl\":\"https:\\\/\\\/inspectornocturno.com.mx\\\/wp-content\\\/uploads\\\/2026\\\/04\\\/Photo_1777306334762-scaled.jpg\",\"datePublished\":\"2026-04-27T16:37:28+00:00\",\"dateModified\":\"2026-04-27T16:37:32+00:00\",\"breadcrumb\":{\"@id\":\"https:\\\/\\\/inspectornocturno.com.mx\\\/?p=105062#breadcrumb\"},\"inLanguage\":\"es\",\"potentialAction\":[{\"@type\":\"ReadAction\",\"target\":[\"https:\\\/\\\/inspectornocturno.com.mx\\\/?p=105062\"]}]},{\"@type\":\"ImageObject\",\"inLanguage\":\"es\",\"@id\":\"https:\\\/\\\/inspectornocturno.com.mx\\\/?p=105062#primaryimage\",\"url\":\"https:\\\/\\\/inspectornocturno.com.mx\\\/wp-content\\\/uploads\\\/2026\\\/04\\\/Photo_1777306334762-scaled.jpg\",\"contentUrl\":\"https:\\\/\\\/inspectornocturno.com.mx\\\/wp-content\\\/uploads\\\/2026\\\/04\\\/Photo_1777306334762-scaled.jpg\",\"width\":900,\"height\":506},{\"@type\":\"BreadcrumbList\",\"@id\":\"https:\\\/\\\/inspectornocturno.com.mx\\\/?p=105062#breadcrumb\",\"itemListElement\":[{\"@type\":\"ListItem\",\"position\":1,\"name\":\"Portada\",\"item\":\"https:\\\/\\\/inspectornocturno.com.mx\\\/\"},{\"@type\":\"ListItem\",\"position\":2,\"name\":\"TRAGEDIA EN TULUM: PASAJERO FALLECE DENTRO DE VAN DE TRANSPORTE P\u00daBLICO\"}]},{\"@type\":\"WebSite\",\"@id\":\"https:\\\/\\\/inspectornocturno.com.mx\\\/#website\",\"url\":\"https:\\\/\\\/inspectornocturno.com.mx\\\/\",\"name\":\"Inspector Nocturno\",\"description\":\"Canc\u00fan, noticias al minuto del inspector nocturno\",\"publisher\":{\"@id\":\"https:\\\/\\\/inspectornocturno.com.mx\\\/#\\\/schema\\\/person\\\/63eb343fea17271215b1dd2793b27897\"},\"alternateName\":\"Noticias de impacto al momento de los hechos\",\"potentialAction\":[{\"@type\":\"SearchAction\",\"target\":{\"@type\":\"EntryPoint\",\"urlTemplate\":\"https:\\\/\\\/inspectornocturno.com.mx\\\/?s={search_term_string}\"},\"query-input\":{\"@type\":\"PropertyValueSpecification\",\"valueRequired\":true,\"valueName\":\"search_term_string\"}}],\"inLanguage\":\"es\"},{\"@type\":[\"Person\",\"Organization\"],\"@id\":\"https:\\\/\\\/inspectornocturno.com.mx\\\/#\\\/schema\\\/person\\\/63eb343fea17271215b1dd2793b27897\",\"name\":\"Inspector Nocturno\",\"image\":{\"@type\":\"ImageObject\",\"inLanguage\":\"es\",\"@id\":\"https:\\\/\\\/inspectornocturno.com.mx\\\/wp-content\\\/uploads\\\/2021\\\/10\\\/logo-transparente.png\",\"url\":\"https:\\\/\\\/inspectornocturno.com.mx\\\/wp-content\\\/uploads\\\/2021\\\/10\\\/logo-transparente.png\",\"contentUrl\":\"https:\\\/\\\/inspectornocturno.com.mx\\\/wp-content\\\/uploads\\\/2021\\\/10\\\/logo-transparente.png\",\"width\":561,\"height\":668,\"caption\":\"Inspector Nocturno\"},\"logo\":{\"@id\":\"https:\\\/\\\/inspectornocturno.com.mx\\\/wp-content\\\/uploads\\\/2021\\\/10\\\/logo-transparente.png\"},\"sameAs\":[\"http:\\\/\\\/inspectornocturno.com.mx\"]},{\"@type\":\"Person\",\"@id\":\"https:\\\/\\\/inspectornocturno.com.mx\\\/#\\\/schema\\\/person\\\/2f4c4173b1712fd9cf4f4b9365ce65db\",\"name\":\"Inspector Nocturno\",\"sameAs\":[\"http:\\\/\\\/inspectornocturno.com.mx\"]}]}<\/script>\n<!-- \/ Yoast SEO plugin. -->","yoast_head_json":{"title":"TRAGEDIA EN TULUM: PASAJERO FALLECE DENTRO DE VAN DE TRANSPORTE P\u00daBLICO - Inspector Nocturno","robots":{"index":"index","follow":"follow","max-snippet":"max-snippet:-1","max-image-preview":"max-image-preview:large","max-video-preview":"max-video-preview:-1"},"canonical":"https:\/\/inspectornocturno.com.mx\/?p=105062","og_locale":"es_ES","og_type":"article","og_title":"TRAGEDIA EN TULUM: PASAJERO FALLECE DENTRO DE VAN DE TRANSPORTE P\u00daBLICO - Inspector Nocturno","og_description":"\ud83d\udd3aA pesar de que el chofer se detuvo para auxiliar a la persona y se pidi\u00f3 ayuda inmediatamente, ya nada se pudo hacer por \u00e9l. Momentos de tensi\u00f3n y consternaci\u00f3n se vivieron en la zona de Aldea Zama, luego de que una persona de 42 a\u00f1os de edad perdiera la vida al interior de una [&hellip;]","og_url":"https:\/\/inspectornocturno.com.mx\/?p=105062","og_site_name":"Inspector Nocturno","article_published_time":"2026-04-27T16:37:28+00:00","article_modified_time":"2026-04-27T16:37:32+00:00","og_image":[{"width":900,"height":506,"url":"https:\/\/inspectornocturno.com.mx\/wp-content\/uploads\/2026\/04\/Photo_1777306334762-scaled.jpg","type":"image\/jpeg"}],"author":"Inspector Nocturno","twitter_card":"summary_large_image","schema":{"@context":"https:\/\/schema.org","@graph":[{"@type":"Article","@id":"https:\/\/inspectornocturno.com.mx\/?p=105062#article","isPartOf":{"@id":"https:\/\/inspectornocturno.com.mx\/?p=105062"},"author":{"name":"Inspector Nocturno","@id":"https:\/\/inspectornocturno.com.mx\/#\/schema\/person\/2f4c4173b1712fd9cf4f4b9365ce65db"},"headline":"TRAGEDIA EN TULUM: PASAJERO FALLECE DENTRO DE VAN DE TRANSPORTE P\u00daBLICO","datePublished":"2026-04-27T16:37:28+00:00","dateModified":"2026-04-27T16:37:32+00:00","mainEntityOfPage":{"@id":"https:\/\/inspectornocturno.com.mx\/?p=105062"},"wordCount":211,"publisher":{"@id":"https:\/\/inspectornocturno.com.mx\/#\/schema\/person\/63eb343fea17271215b1dd2793b27897"},"image":{"@id":"https:\/\/inspectornocturno.com.mx\/?p=105062#primaryimage"},"thumbnailUrl":"https:\/\/inspectornocturno.com.mx\/wp-content\/uploads\/2026\/04\/Photo_1777306334762-scaled.jpg","articleSection":["Quintana Roo","Tulum"],"inLanguage":"es"},{"@type":"WebPage","@id":"https:\/\/inspectornocturno.com.mx\/?p=105062","url":"https:\/\/inspectornocturno.com.mx\/?p=105062","name":"TRAGEDIA EN TULUM: PASAJERO FALLECE DENTRO DE VAN DE TRANSPORTE P\u00daBLICO - Inspector Nocturno","isPartOf":{"@id":"https:\/\/inspectornocturno.com.mx\/#website"},"primaryImageOfPage":{"@id":"https:\/\/inspectornocturno.com.mx\/?p=105062#primaryimage"},"image":{"@id":"https:\/\/inspectornocturno.com.mx\/?p=105062#primaryimage"},"thumbnailUrl":"https:\/\/inspectornocturno.com.mx\/wp-content\/uploads\/2026\/04\/Photo_1777306334762-scaled.jpg","datePublished":"2026-04-27T16:37:28+00:00","dateModified":"2026-04-27T16:37:32+00:00","breadcrumb":{"@id":"https:\/\/inspectornocturno.com.mx\/?p=105062#breadcrumb"},"inLanguage":"es","potentialAction":[{"@type":"ReadAction","target":["https:\/\/inspectornocturno.com.mx\/?p=105062"]}]},{"@type":"ImageObject","inLanguage":"es","@id":"https:\/\/inspectornocturno.com.mx\/?p=105062#primaryimage","url":"https:\/\/inspectornocturno.com.mx\/wp-content\/uploads\/2026\/04\/Photo_1777306334762-scaled.jpg","contentUrl":"https:\/\/inspectornocturno.com.mx\/wp-content\/uploads\/2026\/04\/Photo_1777306334762-scaled.jpg","width":900,"height":506},{"@type":"BreadcrumbList","@id":"https:\/\/inspectornocturno.com.mx\/?p=105062#breadcrumb","itemListElement":[{"@type":"ListItem","position":1,"name":"Portada","item":"https:\/\/inspectornocturno.com.mx\/"},{"@type":"ListItem","position":2,"name":"TRAGEDIA EN TULUM: PASAJERO FALLECE DENTRO DE VAN DE TRANSPORTE P\u00daBLICO"}]},{"@type":"WebSite","@id":"https:\/\/inspectornocturno.com.mx\/#website","url":"https:\/\/inspectornocturno.com.mx\/","name":"Inspector Nocturno","description":"Canc\u00fan, noticias al minuto del inspector nocturno","publisher":{"@id":"https:\/\/inspectornocturno.com.mx\/#\/schema\/person\/63eb343fea17271215b1dd2793b27897"},"alternateName":"Noticias de impacto al momento de los hechos","potentialAction":[{"@type":"SearchAction","target":{"@type":"EntryPoint","urlTemplate":"https:\/\/inspectornocturno.com.mx\/?s={search_term_string}"},"query-input":{"@type":"PropertyValueSpecification","valueRequired":true,"valueName":"search_term_string"}}],"inLanguage":"es"},{"@type":["Person","Organization"],"@id":"https:\/\/inspectornocturno.com.mx\/#\/schema\/person\/63eb343fea17271215b1dd2793b27897","name":"Inspector Nocturno","image":{"@type":"ImageObject","inLanguage":"es","@id":"https:\/\/inspectornocturno.com.mx\/wp-content\/uploads\/2021\/10\/logo-transparente.png","url":"https:\/\/inspectornocturno.com.mx\/wp-content\/uploads\/2021\/10\/logo-transparente.png","contentUrl":"https:\/\/inspectornocturno.com.mx\/wp-content\/uploads\/2021\/10\/logo-transparente.png","width":561,"height":668,"caption":"Inspector Nocturno"},"logo":{"@id":"https:\/\/inspectornocturno.com.mx\/wp-content\/uploads\/2021\/10\/logo-transparente.png"},"sameAs":["http:\/\/inspectornocturno.com.mx"]},{"@type":"Person","@id":"https:\/\/inspectornocturno.com.mx\/#\/schema\/person\/2f4c4173b1712fd9cf4f4b9365ce65db","name":"Inspector Nocturno","sameAs":["http:\/\/inspectornocturno.com.mx"]}]}},"views":14,"_links":{"self":[{"href":"https:\/\/inspectornocturno.com.mx\/index.php?rest_route=\/wp\/v2\/posts\/105062","targetHints":{"allow":["GET"]}}],"collection":[{"href":"https:\/\/inspectornocturno.com.mx\/index.php?rest_route=\/wp\/v2\/posts"}],"about":[{"href":"https:\/\/inspectornocturno.com.mx\/index.php?rest_route=\/wp\/v2\/types\/post"}],"author":[{"embeddable":true,"href":"https:\/\/inspectornocturno.com.mx\/index.php?rest_route=\/wp\/v2\/users\/3"}],"replies":[{"embeddable":true,"href":"https:\/\/inspectornocturno.com.mx\/index.php?rest_route=%2Fwp%2Fv2%2Fcomments&post=105062"}],"version-history":[{"count":1,"href":"https:\/\/inspectornocturno.com.mx\/index.php?rest_route=\/wp\/v2\/posts\/105062\/revisions"}],"predecessor-version":[{"id":105064,"href":"https:\/\/inspectornocturno.com.mx\/index.php?rest_route=\/wp\/v2\/posts\/105062\/revisions\/105064"}],"wp:featuredmedia":[{"embeddable":true,"href":"https:\/\/inspectornocturno.com.mx\/index.php?rest_route=\/wp\/v2\/media\/105063"}],"wp:attachment":[{"href":"https:\/\/inspectornocturno.com.mx\/index.php?rest_route=%2Fwp%2Fv2%2Fmedia&parent=105062"}],"wp:term":[{"taxonomy":"category","embeddable":true,"href":"https:\/\/inspectornocturno.com.mx\/index.php?rest_route=%2Fwp%2Fv2%2Fcategories&post=105062"},{"taxonomy":"post_tag","embeddable":true,"href":"https:\/\/inspectornocturno.com.mx\/index.php?rest_route=%2Fwp%2Fv2%2Ftags&post=105062"}],"curies":[{"name":"wp","href":"https:\/\/api.w.org\/{rel}","templated":true}]}}